{"id":310984,"date":"2025-08-11T06:27:35","date_gmt":"2025-08-11T06:27:35","guid":{"rendered":"https:\/\/www.europesays.com\/fr\/310984\/"},"modified":"2025-08-11T06:27:35","modified_gmt":"2025-08-11T06:27:35","slug":"angele-et-tony-en-replay","status":"publish","type":"post","link":"https:\/\/www.europesays.com\/fr\/310984\/","title":{"rendered":"Ang\u00e8le et Tony en replay"},"content":{"rendered":"<p>Diffus\u00e9 le 07\/08\/2025 \u00e0 21h00 &#8211; Disponible jusqu&rsquo;au 06\/09\/2025<\/p>\n<p>Ang\u00e8le est une jolie jeune femme un peu perdue. Elle a un fils, Yohan, qui a \u00e9t\u00e9 confi\u00e9 \u00e0 ses grands-parents. Pour lui offrir la poup\u00e9e soldat dont il r\u00eave, Ang\u00e8le vend son corps. Puis, par le biais d&rsquo;une petite annonce, elle rencontre Tony, un marin-p\u00eacheur. Alors que la jeune femme vient de quitter son travail \u00e0 l&rsquo;usine, Tony lui propose de s&rsquo;installer dans la maison o\u00f9 il vit avec sa m\u00e8re. En \u00e9change, Ang\u00e8le offre \u00e0 Tony la seule chose qu&rsquo;elle poss\u00e8de : elle-m\u00eame. Mais Tony la repousse, malgr\u00e9 le d\u00e9sir qu&rsquo;il a pour elle. Que vient chercher cette tr\u00e8s jolie jeune femme chez ce marin-p\u00eacheur bourru ? Tony, lui, ne peut pas croire qu&rsquo;Ang\u00e8le soit l\u00e0 pour lui&#8230;<\/p>\n<p>Maison de production :<\/p>\n<p>Lionceau Films \/ Canal+ \/ Cin\u00e9Cin\u00e9ma \/ Centre national du cin\u00e9ma et de l\u2019image anim\u00e9e (CNC) \/ Cofinova 6<\/p>\n<p>R\u00e9alis\u00e9 par :<\/p>\n<p>Alix Delaporte<\/p>\n<p>Avec :<\/p>\n<p>Clotilde Hesme, Gr\u00e9gory Gadebois, Evelyne Didi, J\u00e9r\u00f4me Huguet, Patrick Ligardes, Patrick Descamps, Lola Due\u00f1as, Antoine Couleau<\/p>\n<p>Sc\u00e9naristes :<\/p>\n<p>Alix Delaporte, Alain Le Henry<\/p>\n","protected":false},"excerpt":{"rendered":"Diffus\u00e9 le 07\/08\/2025 \u00e0 21h00 &#8211; Disponible jusqu&rsquo;au 06\/09\/2025 Ang\u00e8le est une jolie jeune femme un peu perdue.&hellip;\n","protected":false},"author":2,"featured_media":310985,"comment_status":"","ping_status":"","sticky":false,"template":"","format":"standard","meta":{"footnotes":""},"categories":[1354],"tags":[58,59,1346,1011,27,1360],"class_list":{"0":"post-310984","1":"post","2":"type-post","3":"status-publish","4":"format-standard","5":"has-post-thumbnail","7":"category-films","8":"tag-divertissement","9":"tag-entertainment","10":"tag-films","11":"tag-fr","12":"tag-france","13":"tag-movies"},"share_on_mastodon":{"url":"https:\/\/pubeurope.com\/@fr\/115008716620559030","error":""},"_links":{"self":[{"href":"https:\/\/www.europesays.com\/fr\/wp-json\/wp\/v2\/posts\/310984","targetHints":{"allow":["GET"]}}],"collection":[{"href":"https:\/\/www.europesays.com\/fr\/wp-json\/wp\/v2\/posts"}],"about":[{"href":"https:\/\/www.europesays.com\/fr\/wp-json\/wp\/v2\/types\/post"}],"author":[{"embeddable":true,"href":"https:\/\/www.europesays.com\/fr\/wp-json\/wp\/v2\/users\/2"}],"replies":[{"embeddable":true,"href":"https:\/\/www.europesays.com\/fr\/wp-json\/wp\/v2\/comments?post=310984"}],"version-history":[{"count":0,"href":"https:\/\/www.europesays.com\/fr\/wp-json\/wp\/v2\/posts\/310984\/revisions"}],"wp:featuredmedia":[{"embeddable":true,"href":"https:\/\/www.europesays.com\/fr\/wp-json\/wp\/v2\/media\/310985"}],"wp:attachment":[{"href":"https:\/\/www.europesays.com\/fr\/wp-json\/wp\/v2\/media?parent=310984"}],"wp:term":[{"taxonomy":"category","embeddable":true,"href":"https:\/\/www.europesays.com\/fr\/wp-json\/wp\/v2\/categories?post=310984"},{"taxonomy":"post_tag","embeddable":true,"href":"https:\/\/www.europesays.com\/fr\/wp-json\/wp\/v2\/tags?post=310984"}],"curies":[{"name":"wp","href":"https:\/\/api.w.org\/{rel}","templated":true}]}}