{"id":310988,"date":"2025-08-11T06:29:16","date_gmt":"2025-08-11T06:29:16","guid":{"rendered":"https:\/\/www.europesays.com\/fr\/310988\/"},"modified":"2025-08-11T06:29:16","modified_gmt":"2025-08-11T06:29:16","slug":"community-shield-la-minute-de-silence-en-hommage-a-jota-perturbee-a-wembley-community-shield-crystal-palace-liverpool","status":"publish","type":"post","link":"https:\/\/www.europesays.com\/fr\/310988\/","title":{"rendered":"Community Shield : la minute de silence en hommage \u00e0 Jota perturb\u00e9e \u00e0 Wembley &#8211; Community Shield &#8211; Crystal Palace-Liverpool"},"content":{"rendered":"<p>Carton rouge vif pour le public anglais.<\/p>\n<p>Ce dimanche, \u00e0 quelques instants du coup d\u2019envoi du Community Shield entre Crystal Palace et Liverpool au stade de Wembley, <strong>la minute de silence en hommage \u00e0 Diogo Jota, tragiquement disparu dans un accident de voiture d\u00e9but juillet, a \u00e9t\u00e9 perturb\u00e9e<\/strong>. En cause : une poign\u00e9e de supporters entachant compl\u00e8tement ce moment de recueillement par des cris. <strong>La minute de silence n\u2019a dur\u00e9 qu\u2019une petite quinzaine de secondes, sabot\u00e9e par ces spectateurs<\/strong> et le brouhaha des supporters essayant de les faire taire.<\/p>\n<p>La sc\u00e8ne est d\u2019autant plus g\u00eanante quand on voit la r\u00e9action des joueurs de Liverpool, et un Mohamed Salah dont l\u2019incompr\u00e9hension se lit assez facilement sur le visage. Les Reds auraient sans doute esp\u00e9r\u00e9 un peu plus de respect pour leur \u00e9ternel num\u00e9ro 20.<\/p>\n<p>\t\t\t\t\t\t\t\t\t\t<a class=\"lien-connexe\" href=\"https:\/\/www.sofoot.com\/breves\/crystal-palace-surprend-liverpool-et-soffre-le-community-shield\" rel=\"nofollow noopener\" target=\"_blank\">Community Shield\u202f: malgr\u00e9 Ekitike, Liverpool pi\u00e9g\u00e9 par Palace aux tirs au but<\/a>\t\t\t\t\t<\/p>\n","protected":false},"excerpt":{"rendered":"Carton rouge vif pour le public anglais. Ce dimanche, \u00e0 quelques instants du coup d\u2019envoi du Community Shield&hellip;\n","protected":false},"author":2,"featured_media":310989,"comment_status":"","ping_status":"","sticky":false,"template":"","format":"standard","meta":{"footnotes":""},"categories":[9],"tags":[47,61,69,65,64,63,1011,27,68,66,62,70,67,60],"class_list":{"0":"post-310988","1":"post","2":"type-post","3":"status-publish","4":"format-standard","5":"has-post-thumbnail","7":"category-sports","8":"tag-actualite","9":"tag-actus-football","10":"tag-bundesliga","11":"tag-championnats-europeens","12":"tag-equipe-de-france","13":"tag-football","14":"tag-fr","15":"tag-france","16":"tag-ligua","17":"tag-ligue-1","18":"tag-news-foot","19":"tag-premier-league","20":"tag-serie-a","21":"tag-sports"},"share_on_mastodon":{"url":"https:\/\/pubeurope.com\/@fr\/115008724288598514","error":""},"_links":{"self":[{"href":"https:\/\/www.europesays.com\/fr\/wp-json\/wp\/v2\/posts\/310988","targetHints":{"allow":["GET"]}}],"collection":[{"href":"https:\/\/www.europesays.com\/fr\/wp-json\/wp\/v2\/posts"}],"about":[{"href":"https:\/\/www.europesays.com\/fr\/wp-json\/wp\/v2\/types\/post"}],"author":[{"embeddable":true,"href":"https:\/\/www.europesays.com\/fr\/wp-json\/wp\/v2\/users\/2"}],"replies":[{"embeddable":true,"href":"https:\/\/www.europesays.com\/fr\/wp-json\/wp\/v2\/comments?post=310988"}],"version-history":[{"count":0,"href":"https:\/\/www.europesays.com\/fr\/wp-json\/wp\/v2\/posts\/310988\/revisions"}],"wp:featuredmedia":[{"embeddable":true,"href":"https:\/\/www.europesays.com\/fr\/wp-json\/wp\/v2\/media\/310989"}],"wp:attachment":[{"href":"https:\/\/www.europesays.com\/fr\/wp-json\/wp\/v2\/media?parent=310988"}],"wp:term":[{"taxonomy":"category","embeddable":true,"href":"https:\/\/www.europesays.com\/fr\/wp-json\/wp\/v2\/categories?post=310988"},{"taxonomy":"post_tag","embeddable":true,"href":"https:\/\/www.europesays.com\/fr\/wp-json\/wp\/v2\/tags?post=310988"}],"curies":[{"name":"wp","href":"https:\/\/api.w.org\/{rel}","templated":true}]}}