{"id":310994,"date":"2025-08-11T06:32:14","date_gmt":"2025-08-11T06:32:14","guid":{"rendered":"https:\/\/www.europesays.com\/fr\/310994\/"},"modified":"2025-08-11T06:32:14","modified_gmt":"2025-08-11T06:32:14","slug":"ces-fois-ou-leurope-a-su-tenir-tete-aux-etats-unis","status":"publish","type":"post","link":"https:\/\/www.europesays.com\/fr\/310994\/","title":{"rendered":"ces fois o\u00f9 l\u2019Europe a su tenir t\u00eate aux \u00c9tats-Unis"},"content":{"rendered":"<p><strong>D\u00c9CRYPTAGE &#8211;<\/strong> Alors que l\u2019Europe semble aujourd\u2019hui bien d\u00e9munie face aux assauts tarifaires de Donald Trump, elle a su, plus d\u2019une fois, se montrer redoutablement efficace pour d\u00e9fendre ses int\u00e9r\u00eats commerciaux face \u00e0 Washington.<\/p>\n<p class=\"fig-paragraph\">\u00abLa Commission prendra les mesures n\u00e9cessaires pour suspendre pendant six mois les contre-mesures de l\u2019UE \u00e0 l\u2019encontre des \u00c9tats-Unis\u00bb. Lundi 4 ao\u00fbt, trois jours avant l\u2019entr\u00e9e en vigueur des droits de douane am\u00e9ricains de 15 % sur les importations de biens europ\u00e9ens,\u00a0<a href=\"http:\/\/www.lefigaro.fr\/flash-eco\/l-accord-entre-bruxelles-et-washington-plombe-l-euro-et-fait-decoller-le-dollar-20250729\" data-fig-type=\"NewsFlash\" data-gtm-custom-categorie=\"navigation\" data-gtm-custom-action=\"crossclick\" data-gtm-custom-label=\"Contextuel\" data-gtm-event=\"customEventSPE\" data-fig-domain=\"LEFIGARO\" rel=\"nofollow noopener\" target=\"_blank\">Bruxelles<\/a>\u00a0enterrait la hache de guerre face \u00e0 Washington. Coinc\u00e9e entre l\u2019indignation diplomatique de certains \u00c9tats membres et l\u2019urgence pour d\u2019autres de prot\u00e9ger leurs exportations \u2013 quitte \u00e0 accepter des termes moins favorables \u2013, l\u2019Union europ\u00e9enne semble bien d\u00e9munie face aux\u00a0<a href=\"http:\/\/www.lefigaro.fr\/conjoncture\/droits-de-douane-donald-trump-declenche-la-flambee-de-l-or-en-taxant-les-lingots-suisses-20250808\" data-fig-type=\"Article\" data-gtm-custom-categorie=\"navigation\" data-gtm-custom-action=\"crossclick\" data-gtm-custom-label=\"Contextuel\" data-gtm-event=\"customEventSPE\" data-fig-domain=\"LEFIGARO\" rel=\"nofollow noopener\" target=\"_blank\">assauts tarifaires<\/a>\u00a0de l\u2019administration Trump.<\/p>\n<p class=\"fig-paragraph\">Mais cela a-t-il toujours \u00e9t\u00e9 le cas\u00a0? Depuis la naissance de la Communaut\u00e9 \u00e9conomique europ\u00e9enne (CEE) en 1957, le Vieux Continent a livr\u00e9 plus d\u2019une bataille commerciale contre son alli\u00e9 d\u2019outre-Atlantique\u2026<\/p>\n<p class=\"fig-premium-paywall__infos\">\n        Cet article est r\u00e9serv\u00e9 aux abonn\u00e9s.        Il vous reste 90% \u00e0 d\u00e9couvrir.\n    <\/p>\n<p>                <img  data- alt=\"Le Figaro\" class=\"fig-img--complete fig-img\"\/><\/p>\n<p class=\"fig-premium-paywall__title\">Vous avez envie de lire la suite ?<\/p>\n<p class=\"fig-premium-paywall__subtitle\">D\u00e9bloquez tous les articles imm\u00e9diatement.<\/p>\n<p class=\"fig-premium-paywall__connect\">\n                D\u00e9j\u00e0 abonn\u00e9\u00a0?                <a class=\"fig-premium-paywall__connect-link\" href=\"https:\/\/connect.lefigaro.fr\/login?client=horizon_web&amp;type=main&amp;redirect_uri=https%3A%2F%2Fwww.lefigaro.fr%2Fconjoncture%2Fguerre-commerciale-ces-fois-ou-l-europe-a-su-tenir-tete-aux-etats-unis-20250810\" data-js-gtm=\"{&quot;customCategorie&quot;: &quot;conversion&quot;, &quot;customAction&quot;: &quot;before_Landing_Connexion_paywall_manuel&quot;, &quot;customLabel&quot;: &quot;bGVmaWdhcm8uZnJfXzFmMDc0NzdmLTE2MDktNjhkYy05MGE2LTc3YjUwNzExYWNlOV9fQXJ0aWNsZQ==_Guerre commerciale: ces fois o\u00f9 l\u2019Europe a su tenir t\u00eate aux \u00c9tats-Unis_213&quot;, &quot;customIDSPE&quot;: &quot;bGVmaWdhcm8uZnJfXzFmMDc0NzdmLTE2MDktNjhkYy05MGE2LTc3YjUwNzExYWNlOV9fQXJ0aWNsZQ==&quot;, &quot;event&quot;: &quot;customEventSPE&quot;}\" rel=\"nofollow noopener\" target=\"_blank\"><br \/>\n                    Connectez-vous<br \/>\n                <\/a>\n            <\/p>\n","protected":false},"excerpt":{"rendered":"D\u00c9CRYPTAGE &#8211; Alors que l\u2019Europe semble aujourd\u2019hui bien d\u00e9munie face aux assauts tarifaires de Donald Trump, elle a&hellip;\n","protected":false},"author":2,"featured_media":310995,"comment_status":"","ping_status":"","sticky":false,"template":"","format":"standard","meta":{"footnotes":""},"categories":[6],"tags":[35,75,33,34,1011,27,1074],"class_list":{"0":"post-310994","1":"post","2":"type-post","3":"status-publish","4":"format-standard","5":"has-post-thumbnail","7":"category-economie","8":"tag-business","9":"tag-donald-trump","10":"tag-economie","11":"tag-economy","12":"tag-fr","13":"tag-france","14":"tag-guerre-commerciale"},"share_on_mastodon":{"url":"https:\/\/pubeurope.com\/@fr\/115008735945879113","error":""},"_links":{"self":[{"href":"https:\/\/www.europesays.com\/fr\/wp-json\/wp\/v2\/posts\/310994","targetHints":{"allow":["GET"]}}],"collection":[{"href":"https:\/\/www.europesays.com\/fr\/wp-json\/wp\/v2\/posts"}],"about":[{"href":"https:\/\/www.europesays.com\/fr\/wp-json\/wp\/v2\/types\/post"}],"author":[{"embeddable":true,"href":"https:\/\/www.europesays.com\/fr\/wp-json\/wp\/v2\/users\/2"}],"replies":[{"embeddable":true,"href":"https:\/\/www.europesays.com\/fr\/wp-json\/wp\/v2\/comments?post=310994"}],"version-history":[{"count":0,"href":"https:\/\/www.europesays.com\/fr\/wp-json\/wp\/v2\/posts\/310994\/revisions"}],"wp:featuredmedia":[{"embeddable":true,"href":"https:\/\/www.europesays.com\/fr\/wp-json\/wp\/v2\/media\/310995"}],"wp:attachment":[{"href":"https:\/\/www.europesays.com\/fr\/wp-json\/wp\/v2\/media?parent=310994"}],"wp:term":[{"taxonomy":"category","embeddable":true,"href":"https:\/\/www.europesays.com\/fr\/wp-json\/wp\/v2\/categories?post=310994"},{"taxonomy":"post_tag","embeddable":true,"href":"https:\/\/www.europesays.com\/fr\/wp-json\/wp\/v2\/tags?post=310994"}],"curies":[{"name":"wp","href":"https:\/\/api.w.org\/{rel}","templated":true}]}}