{"id":310996,"date":"2025-08-11T06:33:09","date_gmt":"2025-08-11T06:33:09","guid":{"rendered":"https:\/\/www.europesays.com\/fr\/310996\/"},"modified":"2025-08-11T06:33:09","modified_gmt":"2025-08-11T06:33:09","slug":"les-ministres-des-affaires-etrangeres-europeens-doivent-se-reunir-lundi-avant-la-rencontre-trump-poutine","status":"publish","type":"post","link":"https:\/\/www.europesays.com\/fr\/310996\/","title":{"rendered":"les ministres des affaires \u00e9trang\u00e8res europ\u00e9ens doivent se r\u00e9unir lundi avant la rencontre Trump-Poutine"},"content":{"rendered":"<p>   Selon l\u2019ambassadeur am\u00e9ricain \u00e0 l\u2019OTAN, Zelensky pourrait assister au sommet Trump-Poutine             <\/p>\n<p class=\"post__live-container--answer-text post__space-node\">Le pr\u00e9sident ukrainien, Volodymyr Zelensky, pourrait assister au sommet vendredi en Alaska entre Donald Trump et Vladimir Poutine, une demande des Europ\u00e9ens, a fait savoir l\u2019ambassadeur des Etats-Unis aupr\u00e8s de l\u2019OTAN, Matthew Whitaker.<\/p>\n<p class=\"post__live-container--answer-text post__space-node\">\u00ab\u00a0Oui, je pense sans aucun doute que c\u2019est possible, a r\u00e9pondu le diplomate am\u00e9ricain aupr\u00e8s de l\u2019Alliance atlantique, qui \u00e9tait interrog\u00e9 par la t\u00e9l\u00e9vision CNN sur l\u2019\u00e9ventuelle venue du chef de l\u2019Etat ukrainien en Alaska, o\u00f9 doivent se retrouver le 15\u00a0ao\u00fbt ses homologues am\u00e9ricain et russe.\u00a0Il ne peut assur\u00e9ment pas y avoir d\u2019accord si toutes les parties impliqu\u00e9es n\u2019y ont pas souscrit. Et, \u00e9videmment, la priorit\u00e9 absolue, c\u2019est de parvenir \u00e0 la fin de la guerre.\u00a0\u00bb<\/p>\n<p class=\"post__live-container--answer-text post__space-node\">Mais, finalement, ce sera \u00e0 Donald Trump de d\u00e9cider, a pr\u00e9venu son ambassadeur \u00e0 l\u2019OTAN. \u00ab\u00a0S\u2019il estime qu\u2019inviter Zelensky est le meilleur sc\u00e9nario, alors il le fera\u00a0\u00bb, a assur\u00e9 M.\u00a0Whitaker. Mais \u00ab\u00a0aucune d\u00e9cision n\u2019a \u00e9t\u00e9 prise\u00a0\u00bb, a soulign\u00e9 sur CNN cet ancien procureur f\u00e9d\u00e9ral.<\/p>\n","protected":false},"excerpt":{"rendered":"Selon l\u2019ambassadeur am\u00e9ricain \u00e0 l\u2019OTAN, Zelensky pourrait assister au sommet Trump-Poutine Le pr\u00e9sident ukrainien, Volodymyr Zelensky, pourrait assister&hellip;\n","protected":false},"author":2,"featured_media":310419,"comment_status":"","ping_status":"","sticky":false,"template":"","format":"standard","meta":{"footnotes":""},"categories":[5],"tags":[11,1011,27,14,12,28],"class_list":{"0":"post-310996","1":"post","2":"type-post","3":"status-publish","4":"format-standard","5":"has-post-thumbnail","7":"category-international","8":"tag-actualites","9":"tag-fr","10":"tag-france","11":"tag-international","12":"tag-news","13":"tag-world"},"share_on_mastodon":{"url":"https:\/\/pubeurope.com\/@fr\/115008739979486637","error":""},"_links":{"self":[{"href":"https:\/\/www.europesays.com\/fr\/wp-json\/wp\/v2\/posts\/310996","targetHints":{"allow":["GET"]}}],"collection":[{"href":"https:\/\/www.europesays.com\/fr\/wp-json\/wp\/v2\/posts"}],"about":[{"href":"https:\/\/www.europesays.com\/fr\/wp-json\/wp\/v2\/types\/post"}],"author":[{"embeddable":true,"href":"https:\/\/www.europesays.com\/fr\/wp-json\/wp\/v2\/users\/2"}],"replies":[{"embeddable":true,"href":"https:\/\/www.europesays.com\/fr\/wp-json\/wp\/v2\/comments?post=310996"}],"version-history":[{"count":0,"href":"https:\/\/www.europesays.com\/fr\/wp-json\/wp\/v2\/posts\/310996\/revisions"}],"wp:featuredmedia":[{"embeddable":true,"href":"https:\/\/www.europesays.com\/fr\/wp-json\/wp\/v2\/media\/310419"}],"wp:attachment":[{"href":"https:\/\/www.europesays.com\/fr\/wp-json\/wp\/v2\/media?parent=310996"}],"wp:term":[{"taxonomy":"category","embeddable":true,"href":"https:\/\/www.europesays.com\/fr\/wp-json\/wp\/v2\/categories?post=310996"},{"taxonomy":"post_tag","embeddable":true,"href":"https:\/\/www.europesays.com\/fr\/wp-json\/wp\/v2\/tags?post=310996"}],"curies":[{"name":"wp","href":"https:\/\/api.w.org\/{rel}","templated":true}]}}