{"id":311006,"date":"2025-08-11T06:41:12","date_gmt":"2025-08-11T06:41:12","guid":{"rendered":"https:\/\/www.europesays.com\/fr\/311006\/"},"modified":"2025-08-11T06:41:12","modified_gmt":"2025-08-11T06:41:12","slug":"menoncello-brex-albornoz-la-piste-italienne-qui-enflamme-toulon-et-toulouse","status":"publish","type":"post","link":"https:\/\/www.europesays.com\/fr\/311006\/","title":{"rendered":"Menoncello, Brex, Albornoz\u2026 la piste italienne qui enflamme Toulon et Toulouse"},"content":{"rendered":"<p>Le <strong>RCT<\/strong> r\u00eave de reformer en club la paire de centres qui a fait des ravages avec l\u2019Italie : <strong>Juan Brex<\/strong> et <strong>Tommaso Menoncello<\/strong>. Le premier est d\u00e9j\u00e0 sur la Rade, le second est sous contrat avec Tr\u00e9vise jusqu\u2019en 2026\u2026 mais le club varois met tout en \u0153uvre pour l\u2019attirer, avec un renfort suppl\u00e9mentaire en ligne de mire : <strong>Tomas Albornoz<\/strong>. Probl\u00e8me, le <strong>Stade Toulousain<\/strong> est aussi sur le coup.<\/p>\n<p>L\u2019essentiel<\/p>\n<ul class=\"wp-block-list\">\n<li><strong>Menoncello dans le viseur<\/strong> : 22 ans, r\u00e9v\u00e9lation du Tournoi 2024, il est la priorit\u00e9 de Toulon et pla\u00eet aussi \u00e0 Toulouse.<\/li>\n<li><strong>Toulon joue collectif<\/strong> : Brex et Albornoz pourraient servir d\u2019arguments pour le convaincre de venir.<\/li>\n<li><strong>Toulouse avance ses pions<\/strong> : Les Rouge et Noir cherchent \u00e0 remplacer Pita Ahki et suivent aussi \u00c9milien Gailleton.<\/li>\n<\/ul>\n<p>Toulon veut parler italien<\/p>\n<p>Depuis plusieurs mois, Toulon s\u2019est fix\u00e9 un objectif clair : amener un centre puissant et complet pour remplacer <strong>Leicester Fainga\u2019anuku<\/strong>. Et dans ce profil, Tommaso Menoncello coche toutes les cases. Le jeune Italien, 1,87 m pour 105 kg, sort d\u2019un Tournoi des 6 Nations impressionnant et encha\u00eene les grosses performances avec le Benetton.<\/p>\n<p>Le RCT avait d\u00e9j\u00e0 tent\u00e9 un coup de poker pour le faire venir d\u00e8s cet \u00e9t\u00e9, mais Tr\u00e9vise a ferm\u00e9 la porte. Pas de d\u00e9part avant la fin du contrat, et encore moins en pleine saison. Qu\u2019importe : Toulon pr\u00e9pare le terrain, et pas qu\u2019un peu.<\/p>\n<p>L\u2019effet Brex et Albornoz<\/p>\n<p>L\u2019arriv\u00e9e cet \u00e9t\u00e9 de <strong>Juan Brex<\/strong> est une premi\u00e8re \u00e9tape. Le centre de 32 ans n\u2019a pas cach\u00e9 dans la presse son envie de retrouver Menoncello en club. Une complicit\u00e9 qui remonte \u00e0 plusieurs saisons en s\u00e9lection, et qui pourrait peser lourd dans la balance.<\/p>\n<p>Autre atout dans la manche toulonnaise : la piste <strong>Tomas Albornoz<\/strong>. L\u2019ouvreur argentin, co\u00e9quipier et ami proche de Menoncello \u00e0 Tr\u00e9vise, est en contacts avanc\u00e9s avec le RCT. L\u2019id\u00e9e est simple : reformer le triangle Brex\u2013Menoncello\u2013Albornoz sous le maillot rouge et noir, pour installer un centre et une charni\u00e8re redoutables.<\/p>\n<p>Toulouse veut brouiller les cartes<\/p>\n<p>Mais dans ce dossier, Toulon n\u2019est pas seul. Le <strong>Stade Toulousain<\/strong>, champion de France en titre, voit aussi en Menoncello le successeur parfait de <strong>Pita Ahki<\/strong>, qui devrait quitter la Ville rose \u00e0 l\u2019issue de la saison 2025-2026. Les dirigeants toulousains discutent en parall\u00e8le avec <strong>\u00c9milien Gailleton<\/strong> (Section Paloise), mais l\u2019Italien reste en haut de la liste.<\/p>\n<p>Les Rouge et Noir pourraient profiter de leur statut et de leur attractivit\u00e9 sportive pour tenter un coup de ma\u00eetre.<\/p>\n<p>Un feuilleton \u00e0 suivre jusqu\u2019en 2026<\/p>\n<p>Menoncello n\u2019ira nulle part avant la fin de son bail avec Tr\u00e9vise, et la concurrence entre Toulon et Toulouse risque de faire grimper les ench\u00e8res. L\u2019\u00e9t\u00e9 prochain s\u2019annonce donc anim\u00e9, avec un duel \u00e0 distance o\u00f9 l\u2019amiti\u00e9, la strat\u00e9gie et les arguments sportifs auront autant de poids que les chiffres inscrits sur le contrat.<\/p>\n<p>Source : Midi Olympique<\/p>\n<p><img loading=\"lazy\" src=\"data:image\/svg+xml,%3Csvg%20xmlns=\" http:=\"\" height=\"100\" width=\"100\" class=\" sp-no-webp\" alt=\"whatsapp image 2024 07 31 at 09.08.32\" decoding=\"async\" data-lazy-src=\"https:\/\/www.europesays.com\/fr\/wp-content\/uploads\/2025\/04\/whatsapp-image-2024-07-31-at-09.08.32-e1727245864215.jpeg\"\/> <\/p>\n<p>J\u2019ai grandi dans une famille o\u00f9 le rugby \u00e9tait de tous les moments. J\u2019\u00e9tais au bord du terrain quand Castres a battu Pau et a rejoint l\u2019\u00e9lite, j\u2019\u00e9tais dans le Stade Pierre Antoine face \u00e0 Gary Whetton quand il a fait son Haka pour c\u00e9l\u00e9brer le Brennus de 1993 et j\u2019ai toujours \u00e9t\u00e9 berc\u00e9 des l\u00e9gendes de ce sport. Maintenant, c\u2019est avec XV Ovalie que j\u2019entends prolonger l\u2019aventure. #TeamCO<\/p>\n","protected":false},"excerpt":{"rendered":"Le RCT r\u00eave de reformer en club la paire de centres qui a fait des ravages avec l\u2019Italie&hellip;\n","protected":false},"author":2,"featured_media":311007,"comment_status":"","ping_status":"","sticky":false,"template":"","format":"standard","meta":{"footnotes":""},"categories":[9619],"tags":[1111,11,45103,1777,674,1011,27,45104,36833,12,45105,882,8177,25,476,45106,45107,2310],"class_list":{"0":"post-311006","1":"post","2":"type-post","3":"status-publish","4":"format-standard","5":"has-post-thumbnail","7":"category-toulon","8":"tag-actu","9":"tag-actualites","10":"tag-emilien-gailleton","11":"tag-eu","12":"tag-europe","13":"tag-fr","14":"tag-france","15":"tag-juan-ignacio-brex","16":"tag-leicester-faingaanuku","17":"tag-news","18":"tag-pita-ahki","19":"tag-provence-alpes-cote-dazur","20":"tag-rc-toulon","21":"tag-republique-francaise","22":"tag-stade-toulousain","23":"tag-tomas-albornoz","24":"tag-tommaso-menoncello","25":"tag-toulon"},"share_on_mastodon":{"url":"https:\/\/pubeurope.com\/@fr\/115008771390081678","error":""},"_links":{"self":[{"href":"https:\/\/www.europesays.com\/fr\/wp-json\/wp\/v2\/posts\/311006","targetHints":{"allow":["GET"]}}],"collection":[{"href":"https:\/\/www.europesays.com\/fr\/wp-json\/wp\/v2\/posts"}],"about":[{"href":"https:\/\/www.europesays.com\/fr\/wp-json\/wp\/v2\/types\/post"}],"author":[{"embeddable":true,"href":"https:\/\/www.europesays.com\/fr\/wp-json\/wp\/v2\/users\/2"}],"replies":[{"embeddable":true,"href":"https:\/\/www.europesays.com\/fr\/wp-json\/wp\/v2\/comments?post=311006"}],"version-history":[{"count":0,"href":"https:\/\/www.europesays.com\/fr\/wp-json\/wp\/v2\/posts\/311006\/revisions"}],"wp:featuredmedia":[{"embeddable":true,"href":"https:\/\/www.europesays.com\/fr\/wp-json\/wp\/v2\/media\/311007"}],"wp:attachment":[{"href":"https:\/\/www.europesays.com\/fr\/wp-json\/wp\/v2\/media?parent=311006"}],"wp:term":[{"taxonomy":"category","embeddable":true,"href":"https:\/\/www.europesays.com\/fr\/wp-json\/wp\/v2\/categories?post=311006"},{"taxonomy":"post_tag","embeddable":true,"href":"https:\/\/www.europesays.com\/fr\/wp-json\/wp\/v2\/tags?post=311006"}],"curies":[{"name":"wp","href":"https:\/\/api.w.org\/{rel}","templated":true}]}}