{"id":311008,"date":"2025-08-11T06:43:12","date_gmt":"2025-08-11T06:43:12","guid":{"rendered":"https:\/\/www.europesays.com\/fr\/311008\/"},"modified":"2025-08-11T06:43:12","modified_gmt":"2025-08-11T06:43:12","slug":"la-seconde-vie-des-jo-dans-les-mains-de-la-triathlete-charlotte-faivre","status":"publish","type":"post","link":"https:\/\/www.europesays.com\/fr\/311008\/","title":{"rendered":"la seconde vie des JO dans les mains de la triathl\u00e8te Charlotte Faivre"},"content":{"rendered":"<p>            Par<br \/>\n        <strong><br \/>\n            <a href=\"https:\/\/actu.fr\/auteur\/r-coudert\" title=\"Consulter tous les articles de Rachel Coudert\" target=\"_blank\" rel=\"noopener\">Rachel Coudert<\/a><br \/>\n        <\/strong><\/p>\n<p>        Publi\u00e9 le<\/p>\n<p>            11 ao\u00fbt 2025 \u00e0 8h33        <\/p>\n<p>Quand le sport rencontre la couture, il en ressort parfois des \u00e9tincelles. Montpelli\u00e9raine d\u2019adoption, <strong>Charlotte Faivre<\/strong>, originaire de Besan\u00e7on, est une <strong>sportive de haut niveau<\/strong> depuis l\u2019enfance. Sa passion ? Le <strong>triathlon<\/strong> longue distance. \u00ab J\u2019ai commenc\u00e9 le triathlon quand j\u2019avais 4 ans \u00bb. Mais c\u2019est dans un tout autre univers que la jeune femme de <strong>23 ans<\/strong> se r\u00e9v\u00e8le aujourd\u2019hui : celui de la <strong>couture<\/strong>, en cr\u00e9ant toutes sortes de pi\u00e8ces \u00e0 partir de <strong>tissus et mati\u00e8res<\/strong> <strong>recycl\u00e9es<\/strong>.<\/p>\n<p class=\" wall-content\">\u00ab \u00c0 No\u00ebl 2020, ma mamie m\u2019a offert une <strong>machine \u00e0 coudre de famille<\/strong>, une Thimonnier des ann\u00e9es 80 \u00bb. Alors, elle bricole. D\u2019abord des petits accessoires : chouchous, bananes, sacs\u2026 Elle cr\u00e9e son propre patron de banane et prend de plus en plus de commandes, parfois atypiques. \u00ab Une fois, un pote m\u2019a demand\u00e9 une veste en velours et j\u2019ai accept\u00e9 parce que \u00e7a me donnait un d\u00e9fi \u00e0 relever \u00bb explique-t-elle en souriant. Peu \u00e0 peu, la couture s\u2019installe dans sa vie.<\/p>\n<p>\u00ab \u00c7a me donne un \u00e9quilibre \u00bb<\/p>\n<p class=\" wall-content\">Prise par les \u00e9tudes, elle s\u2019\u00e9loigne un temps de sa machine \u00e0 coudre. Ce n\u2019est qu\u2019en 2023, alors qu\u2019elle d\u00e9cide de consacrer pleinement au sport, que sa vie prend un tout autre tournant. Le 1er novembre, elle chute brutalement \u00e0 v\u00e9lo. Immobilis\u00e9e pendant plusieurs semaines, la jeune femme est contrainte de <strong>ralentir<\/strong>. Et c\u2019est pendant ce temps suspendu que la couture revient au premier plan.<\/p>\n<p class=\" wall-content\">\u00ab J\u2019ai toujours aim\u00e9 faire des choses manuelles \u00bb confie Charlotte. Bougies, savons, bricolage en tout genre\u2026 La couture devient sa respiration. \u00ab Au d\u00e9part, c\u2019\u00e9tait un peu la <strong>soupape de d\u00e9compression<\/strong> \u00e0 c\u00f4t\u00e9 du sport \u00bb conc\u00e8de-t-elle. \u00ab Je m\u2019\u00e9vade, je ne pense plus au sport ou \u00e0 autre chose. \u00c7a me donne un \u00e9quilibre, je ne cherche pas les m\u00eames choses dans le sport ou la couture, mais les deux me passionnent vraiment \u00bb confirme la triathl\u00e8te.<\/p>\n<p>La r\u00e9v\u00e9lation des JO<\/p>\n<p class=\" wall-content\">\u00c0\u00a0l\u2019\u00e9t\u00e9 suivant, Charlotte se rend \u00e0 l\u2019\u00e9v\u00e9nement le plus marquant de l\u2019ann\u00e9e 2024 : les Jeux<strong> Olympiques de Paris<\/strong>. Des \u00e9toiles plein les yeux, elle s\u2019\u00e9merveille alors qu\u2019elle est venue soutenir sa s\u0153ur, guide pour une triathl\u00e8te paralympique et un ami, <strong>Pierre Lec<\/strong>, athl\u00e8te durant les JO. Mais sur place, ce sont d\u2019autres d\u00e9tails qui captent son attention : les tissus. Partout. Banderoles, fanions, signal\u00e9tiques\u2026<\/p>\n<p>Vid\u00e9os : en ce moment sur Actu<\/p>\n<p class=\" wall-content\">\u00ab Quand j\u2019\u00e9tais \u00e0 Paris, je me suis dit qu\u2019il y avait plein de tissus incroyables \u00e0 r\u00e9cup\u00e9rer \u00bb. Patiemment, elle attend que la braderie des JO arrive \u00e0 Montpellier. En octobre 2024, elle met la main sur un pr\u00e9cieux troph\u00e9e : une <strong>banderole d\u2019enceinte<\/strong>, de celles fix\u00e9es aux barri\u00e8res en m\u00e9tal au bord des routes.<\/p>\n<p class=\" wall-content\">Tr\u00e8s vite, elle imagine <strong>une collection de bananes<\/strong> autour du tissu. L\u2019objectif ? Garder la transparence, le c\u00f4t\u00e9 a\u00e9r\u00e9 et l\u2019\u00e9tat d\u2019esprit des JO. Un \u00e9tat d\u2019esprit qui se glisse jusque dans la <strong>signification<\/strong> derri\u00e8re sa collection. \u00ab Le tissu ext\u00e9rieur repr\u00e9sente ce que le grand public voit d\u2019un sportif de haut niveau, c\u2019est-\u00e0-dire la couleur, la l\u00e9g\u00e8ret\u00e9, le succ\u00e8s, les podiums\u2026 Et \u00e0 l\u2019int\u00e9rieur, ce plastique un peu transparent, \u00e7a repr\u00e9sente la duret\u00e9 du quotidien, la rigueur n\u00e9cessaire, les exigences, les sacrifices\u2026 \u00bb<\/p>\n<p class=\" wall-content\">Un an jour pour jour apr\u00e8s la c\u00e9r\u00e9monie d\u2019ouverture des Jeux Olympiques, le <strong>samedi 26 juillet 2025<\/strong>, elle d\u00e9voile officiellement sa <strong>premi\u00e8re collection de bananes<\/strong> inspir\u00e9e des JO \u00e0 partir de tissus recycl\u00e9s. Seize pi\u00e8ces au total ont \u00e9t\u00e9 fabriqu\u00e9es, bien que seules trois soient encore disponibles \u00e0 la vente.<\/p>\n<p>    <img   decoding=\"async\" loading=\"lazy\" src=\"https:\/\/www.europesays.com\/fr\/wp-content\/uploads\/2025\/08\/publication-drop-jo-10-960x640.png\" alt=\"Un aper\u00e7u de sa collection de bananes des JO, encore disponible sur son site. \" width=\"960\" height=\"640\"\/><br \/>\n    Un aper\u00e7u de sa collection de bananes des JO, encore disponible sur son site. (\u00a9Charlotte Faivre)Une marque qui prend son envol<\/p>\n<p class=\" wall-content\">D\u00e9sormais, Charlotte a lanc\u00e9 sa marque, \u201c<strong>By Chacha<\/strong>\u201d, sa page Instagram et son site Internet, sur lequel elle vend ses derni\u00e8res bananes de la collection JO. Elle y propose des <strong>accessoires personnalisables<\/strong> : bananes, chouchous, sac demi-lune, housses d\u2019ordinateur\u2026<\/p>\n<p class=\" wall-content\">L\u2019id\u00e9e ? Cr\u00e9er des <strong>collections \u00e9ph\u00e9m\u00e8res<\/strong>, toujours \u00e0 partir de mat\u00e9riaux r\u00e9cup\u00e9r\u00e9s. Elle a d\u00e9j\u00e0 collect\u00e9 des banderoles du Festival international des sports extr\u00eames, le Fise, cet \u00e9v\u00e9nement montpelli\u00e9rain ou encore des voiles de kitesurf, issues de l\u2019atelier R\u00e9p Kite \u00e0 Montpellier, qui n\u2019attendent plus que de rena\u00eetre entre ses mains. Une histoire de sport, de couture et de seconde vie.<\/p>\n<p>&gt; Pour aller sur son site, <a href=\"https:\/\/bychacha.com\/\" target=\"_blank\" rel=\"noopener\">c\u2019est par ici<\/a>. Les bananes JO sont disponibles au prix de 60\u20ac.\u00a0<\/p>\n<p class=\" wall-content\">Suivez toute l\u2019actualit\u00e9 de vos villes et m\u00e9dias favoris en vous inscrivant \u00e0 <a href=\"https:\/\/moncompte.actu.fr\" title=\"D\u00e9couvez Mon Actu\" rel=\"nofollow noopener\" data-trk=\"{&quot;cta&quot;:{&quot;action&quot;:&quot;https:\\\/\\\/moncompte.actu.fr&quot;,&quot;category&quot;:&quot;mon compte&quot;,&quot;from&quot;:&quot;article footer&quot;,&quot;name&quot;:&quot;Mon actu&quot;,&quot;type&quot;:&quot;cta&quot;}}\" target=\"_blank\">Mon Actu<\/a>.<\/p>\n","protected":false},"excerpt":{"rendered":"Par Rachel Coudert Publi\u00e9 le 11 ao\u00fbt 2025 \u00e0 8h33 Quand le sport rencontre la couture, il en&hellip;\n","protected":false},"author":2,"featured_media":311009,"comment_status":"","ping_status":"","sticky":false,"template":"","format":"standard","meta":{"footnotes":""},"categories":[9599],"tags":[1111,11,1777,674,1011,27,7941,2208,12,2680,25,7167,104,517],"class_list":{"0":"post-311008","1":"post","2":"type-post","3":"status-publish","4":"format-standard","5":"has-post-thumbnail","7":"category-montpellier","8":"tag-actu","9":"tag-actualites","10":"tag-eu","11":"tag-europe","12":"tag-fr","13":"tag-france","14":"tag-jo-paris-2024","15":"tag-montpellier","16":"tag-news","17":"tag-occitanie","18":"tag-republique-francaise","19":"tag-seconde-main","20":"tag-societe","21":"tag-sport"},"share_on_mastodon":{"url":"https:\/\/pubeurope.com\/@fr\/115008779291361932","error":""},"_links":{"self":[{"href":"https:\/\/www.europesays.com\/fr\/wp-json\/wp\/v2\/posts\/311008","targetHints":{"allow":["GET"]}}],"collection":[{"href":"https:\/\/www.europesays.com\/fr\/wp-json\/wp\/v2\/posts"}],"about":[{"href":"https:\/\/www.europesays.com\/fr\/wp-json\/wp\/v2\/types\/post"}],"author":[{"embeddable":true,"href":"https:\/\/www.europesays.com\/fr\/wp-json\/wp\/v2\/users\/2"}],"replies":[{"embeddable":true,"href":"https:\/\/www.europesays.com\/fr\/wp-json\/wp\/v2\/comments?post=311008"}],"version-history":[{"count":0,"href":"https:\/\/www.europesays.com\/fr\/wp-json\/wp\/v2\/posts\/311008\/revisions"}],"wp:featuredmedia":[{"embeddable":true,"href":"https:\/\/www.europesays.com\/fr\/wp-json\/wp\/v2\/media\/311009"}],"wp:attachment":[{"href":"https:\/\/www.europesays.com\/fr\/wp-json\/wp\/v2\/media?parent=311008"}],"wp:term":[{"taxonomy":"category","embeddable":true,"href":"https:\/\/www.europesays.com\/fr\/wp-json\/wp\/v2\/categories?post=311008"},{"taxonomy":"post_tag","embeddable":true,"href":"https:\/\/www.europesays.com\/fr\/wp-json\/wp\/v2\/tags?post=311008"}],"curies":[{"name":"wp","href":"https:\/\/api.w.org\/{rel}","templated":true}]}}