{"id":31101,"date":"2025-04-17T07:17:13","date_gmt":"2025-04-17T07:17:13","guid":{"rendered":"https:\/\/www.europesays.com\/fr\/31101\/"},"modified":"2025-04-17T07:17:13","modified_gmt":"2025-04-17T07:17:13","slug":"alice-roy-lartiste-qui-tire-le-portrait-de-pleneuf-val-andre-mieux-que-personne","status":"publish","type":"post","link":"https:\/\/www.europesays.com\/fr\/31101\/","title":{"rendered":"Alice Roy, l\u2019artiste qui tire le portrait de Pl\u00e9neuf-Val-Andr\u00e9 mieux que personne"},"content":{"rendered":"<p>            Par<br \/>\n        <strong><br \/>\n            <a href=\"https:\/\/actu.fr\/auteur\/helen-herault\" title=\"Consulter tous les articles de Helen Herault\" target=\"_blank\" rel=\"noopener\">Helen Herault<\/a><br \/>\n        <\/strong><\/p>\n<p>        Publi\u00e9 le<\/p>\n<p>            16 avr. 2025 \u00e0 11h20        <\/p>\n<p>Le port de Dahou\u00ebt, la digue du Val-Andr\u00e9, le point de vue sur la plage depuis le casino\u2026 Les peintures de Pl\u00e9neuf-Val-Andr\u00e9 qui naissent sous les pinceaux d\u2019<b>Alice Roy<\/b> r\u00e9veillent forc\u00e9ment les \u00e9motions de celui qui a pos\u00e9 les yeux dessus. On peut les d\u00e9couvrir actuellement \u00e0 la <a href=\"https:\/\/actu.fr\/bretagne\/pleneuf-val-andre_22186\/un-ecrin-extraordinaire-pour-les-artistes-le-moulin-a-maree-de-dahouet-a-pleneuf-val-andre_62347068.html\" target=\"_blank\" rel=\"noopener\">galerie du Moulin \u00e0 Dahou\u00ebt<\/a>.<\/p>\n<p class=\" wall-content\">Des toiles qui pourraient \u00eatre des photographies, un peu satur\u00e9es, tant elles \u00e9pousent les lignes et perspectives des paysages.<\/p>\n<p>Des toiles plus belles que les photos<\/p>\n<p class=\" wall-content\">Des photographies un peu retouch\u00e9es aussi.<\/p>\n<p class=\" wall-content\">\u00ab\u2009Je d\u00e9cide de <b>ce que je veux sur le dessin<\/b>\u2009: j\u2019enl\u00e8ve les fils \u00e9lectriques, une voiture, un passant si je trouve que le point de vue me pla\u00eet mieux sans. C\u2019est la libert\u00e9 du peintre. Sinon, je ferais de la photo\u2009!\u2009\u00bb sourit Alice.<\/p>\n<p class=\" wall-content\">Une fa\u00e7on aussi de varier les plaisirs.<\/p>\n<blockquote class=\"ac-article-quote wall-content\">\n<p>Chaque fois que je peins une toile, elle est diff\u00e9rente\u2009: j\u2019enl\u00e8ve o\u00f9 j\u2019y ajoute ce que je veux. En fonction de ce qu\u2019on me demande aussi. J\u2019\u00e9coute beaucoup ce qu\u2019on me dit.<\/p>\n<\/blockquote>\n<p>Vid\u00e9os : en ce moment sur Actu<\/p>\n<p class=\" wall-content\">Parce qu\u2019Alice avoue volontiers\u2009: \u00ab\u2009Je veux que ce que je peins plaise, c\u2019est avant tout pour \u00e7a que je peins. <b>La joie des gens<\/b> en regardant ce que je fais, c\u2019est ce qui me motive\u2009!\u2009\u00bb<\/p>\n<p>Des cartes de v\u0153ux et des timbres<\/p>\n<p class=\" wall-content\">Et \u00e7a pla\u00eet. <b>Le jeu avec la lumi\u00e8re<\/b>, les couleurs chaudes, la douceur des lignes\u2026 On se r\u00e9conforte au bord des tableaux d\u2019Alice.<\/p>\n<p class=\" wall-content\">C\u2019est ainsi que la mairie de Pl\u00e9neuf-Val-Andr\u00e9 a fait appel \u00e0 elle pour ses <b>cartes de v\u0153ux 2025<\/b>. Dans quelques jours, c\u2019est avec l\u2019office de tourisme que l\u2019artiste va sortir une s\u00e9rie de timbres \u00e0 l\u2019effigie de ses toiles repr\u00e9sentant des vues de la station baln\u00e9aire.<\/p>\n<p class=\" wall-content\">\u00ab\u2009Ce sont de v\u00e9ritables opportunit\u00e9s de <b>faire conna\u00eetre mon travail<\/b>\u2009\u00bb, se r\u00e9jouit la jeune femme.<\/p>\n<p>\u00c0 la galerie du moulin jusqu\u2019en avril<\/p>\n<p class=\" wall-content\">En attendant c\u2019est donc \u00e0 la galerie du Moulin, qui a ouvert en janvier, avec ses toiles, que l\u2019on peut appr\u00e9cier la patte d\u2019<b>Alice Roy<\/b>, jusqu\u2019\u00e0 la fin du mois d\u2019avril.<\/p>\n<p class=\" wall-content\">\u00ab\u2009Une exposition longue, mais j\u2019ai eu un <b>coup de c\u0153ur <\/b>pour le travail d\u2019Alice et un v\u00e9ritable lien de confiance s\u2019est \u00e9tabli entre nous\u2009\u00bb, se r\u00e9jouit Daniel Michelin, le galeriste.<\/p>\n<p class=\" wall-content\">La peintre pl\u00e9neuvienne est ravie elle aussi de cette exposition.<\/p>\n<blockquote class=\"ac-article-quote wall-content\">\n<p>Je n\u2019ai pas souvent l\u2019occasion de montrer mon travail ici. Quand les gens me demandent, je les fais venir \u00e0 l\u2019atelier, mais ce n\u2019est pas un lieu fait pour \u00e7a. C\u2019est vraiment chouette de pouvoir exposer ici\u2009! Et le lieu est magnifique.<\/p>\n<\/blockquote>\n<p>A la Edward Hopper<\/p>\n<p class=\" wall-content\">\u00c0 la galerie, on ne d\u00e9couvre pas que des <b>paysages de Pl\u00e9neuf-Val-Andr\u00e9<\/b>, m\u00eame s\u2019ils sont nombreux.<\/p>\n<blockquote class=\"ac-article-quote wall-content\">\n<p>Il y a des valeurs s\u00fbres, \u00e9videmment\u2009: les marines, les vues sur le Val-Andr\u00e9\u2026 Mais parfois, le coup de foudre se produit sur compl\u00e8tement autre chose, juste une atmosph\u00e8re.<\/p>\n<\/blockquote>\n<p class=\" wall-content\">Alice peint aussi des int\u00e9rieurs, le port de Marseille, des cabines de plage normandes, des d\u00e9cors citadins, de paris, \u00e0 la <b>Edward Hopper<\/b>\u2026<\/p>\n<p class=\" wall-content\"><a href=\"https:\/\/www.instagram.com\/p\/DFK3s__CGWc\/embed\" title=\"Ouvrir le lien sur Instagram\" target=\"_blank\" rel=\"noopener\">Visualiser le contenu sur Instagram<\/a><\/p>\n<p class=\" wall-content\">\u00ab\u2009Une sc\u00e8ne de caf\u00e9, une fois, a suscit\u00e9 un vrai coup de foudre\u2009\u00bb, s\u2019\u00e9tonne encore l\u2019artiste.<\/p>\n<p class=\" wall-content\">Alice touche en plein c\u0153ur avec ses pinceaux. Le charme s\u2019op\u00e8re malgr\u00e9 elle et c\u2019est ce qui fait d\u2019elle une magicienne\u2009!<\/p>\n<p>Exposition a d\u00e9couvrir \u00e0 la galerie du Moulin jusqu\u2019\u00e0 la fin du mois d\u2019avril. Puis exposition du 28\u00a0mai au 9\u00a0juin \u00e0 Erquy.<\/p>\n<p class=\" wall-content\">Suivez toute l\u2019actualit\u00e9 de vos villes et m\u00e9dias favoris en vous inscrivant \u00e0 <a href=\"https:\/\/moncompte.actu.fr\" title=\"D\u00e9couvez Mon Actu\" rel=\"nofollow noopener\" data-trk=\"{&quot;cta&quot;:{&quot;action&quot;:&quot;https:\\\/\\\/moncompte.actu.fr&quot;,&quot;category&quot;:&quot;mon compte&quot;,&quot;from&quot;:&quot;article footer&quot;,&quot;name&quot;:&quot;Mon actu&quot;,&quot;type&quot;:&quot;cta&quot;}}\" target=\"_blank\">Mon Actu<\/a>.<\/p>\n<p>                    <script async src=\"\/\/www.instagram.com\/embed.js\"><\/script><\/p>\n","protected":false},"excerpt":{"rendered":"Par Helen Herault Publi\u00e9 le 16 avr. 2025 \u00e0 11h20 Le port de Dahou\u00ebt, la digue du Val-Andr\u00e9,&hellip;\n","protected":false},"author":2,"featured_media":31102,"comment_status":"","ping_status":"","sticky":false,"template":"","format":"standard","meta":{"footnotes":""},"categories":[1358],"tags":[1348,1384,1385,7552,1386,58,59,1011,27,1652,9026],"class_list":{"0":"post-31101","1":"post","2":"type-post","3":"status-publish","4":"format-standard","5":"has-post-thumbnail","7":"category-arts-et-design","8":"tag-arts","9":"tag-arts-and-design","10":"tag-arts-et-design","11":"tag-balade","12":"tag-design","13":"tag-divertissement","14":"tag-entertainment","15":"tag-fr","16":"tag-france","17":"tag-loisirs-culture","18":"tag-portrait"},"share_on_mastodon":{"url":"https:\/\/pubeurope.com\/@fr\/114352084962323364","error":""},"_links":{"self":[{"href":"https:\/\/www.europesays.com\/fr\/wp-json\/wp\/v2\/posts\/31101","targetHints":{"allow":["GET"]}}],"collection":[{"href":"https:\/\/www.europesays.com\/fr\/wp-json\/wp\/v2\/posts"}],"about":[{"href":"https:\/\/www.europesays.com\/fr\/wp-json\/wp\/v2\/types\/post"}],"author":[{"embeddable":true,"href":"https:\/\/www.europesays.com\/fr\/wp-json\/wp\/v2\/users\/2"}],"replies":[{"embeddable":true,"href":"https:\/\/www.europesays.com\/fr\/wp-json\/wp\/v2\/comments?post=31101"}],"version-history":[{"count":0,"href":"https:\/\/www.europesays.com\/fr\/wp-json\/wp\/v2\/posts\/31101\/revisions"}],"wp:featuredmedia":[{"embeddable":true,"href":"https:\/\/www.europesays.com\/fr\/wp-json\/wp\/v2\/media\/31102"}],"wp:attachment":[{"href":"https:\/\/www.europesays.com\/fr\/wp-json\/wp\/v2\/media?parent=31101"}],"wp:term":[{"taxonomy":"category","embeddable":true,"href":"https:\/\/www.europesays.com\/fr\/wp-json\/wp\/v2\/categories?post=31101"},{"taxonomy":"post_tag","embeddable":true,"href":"https:\/\/www.europesays.com\/fr\/wp-json\/wp\/v2\/tags?post=31101"}],"curies":[{"name":"wp","href":"https:\/\/api.w.org\/{rel}","templated":true}]}}