{"id":311010,"date":"2025-08-11T06:47:29","date_gmt":"2025-08-11T06:47:29","guid":{"rendered":"https:\/\/www.europesays.com\/fr\/311010\/"},"modified":"2025-08-11T06:47:29","modified_gmt":"2025-08-11T06:47:29","slug":"spectacle-le-lac-des-cygnes-ballet-orchestre","status":"publish","type":"post","link":"https:\/\/www.europesays.com\/fr\/311010\/","title":{"rendered":"Spectacle Le Lac des Cygnes &#8211; Ballet &#038; Orchestre"},"content":{"rendered":"<p class=\"intro\">Le Lac des Cygnes &#8211; Ballet &amp; Orchestre &#8211; Tourn\u00e9e 2026, un spectacle \u00e0 voir \u00e0 Rouen (Z\u00e9nith de Rouen Le Grand-Quevilly), le 26 avril 2026. Toutes les informations pratiques (tarifs, billetterie, plan de salle) pour ce spectacle sont \u00e0 retrouver sur cette page. R\u00e9servez d\u00e8s maintenant vos places pour assister \u00e0 ce <a href=\"https:\/\/www.jds.fr\/rouen\/agenda\/sorties-culturelles-spectacles-expositions-cinema-470_B\" rel=\"nofollow noopener\" target=\"_blank\">spectacle \u00e0 Rouen<\/a>\u00a0!<\/p>\n<p><img decoding=\"async\" loading=\"lazy\" src=\"https:\/\/www.europesays.com\/fr\/wp-content\/uploads\/2025\/08\/franceconcert-tickets_410536_3386424_222x222.jpg\" alt=\"Le Lac des Cygnes - Ballet &amp; Orchestre - Tourn\u00e9e 2026\" class=\"border\"\/><\/p>\n<p>Le spectacle Le Lac des Cygnes (ballet et orchestre) \u00e0 Rouen (Le Grand-Quevilly) en 2026<\/p>\n<p class=\"mise_en_avant\">Le spectacle Le Lac des Cygnes (ballet et orchestre) \u00e0 voir \u00e0 Rouen (Le Grand-Quevilly) dimanche 26 Avril 2026 \u00e0 20h. Ce spectacle aura lieu dans une salle bien connue dans la r\u00e9gion\u00a0: <a href=\"https:\/\/www.jds.fr\/rouen\/le-grand-quevilly\/salle-de-concert\/zenith-de-rouen-15867_L\" class=\"tde-underline\" rel=\"nofollow noopener\" target=\"_blank\">Z\u00e9nith de Rouen &#8211; Le Grand-Quevilly<\/a>, un lieu qui accueille r\u00e9guli\u00e8rement des spectacles comme Le Lac des Cygnes &#8211; Ballet &amp; Orchestre &#8211; Tourn\u00e9e 2026.<\/p>\n<p>D\u2019autres dates sont pr\u00e9vues pour ce spectacle\u00a0: retrouvez l\u2019ensemble des dates de la <a href=\"https:\/\/www.jds.fr\/artistes\/le-lac-des-cygnes-ballet-et-orchestre-61_N\" rel=\"nofollow noopener\" target=\"_blank\">tourn\u00e9e Le Lac des Cygnes (ballet et orchestre) en 2026<\/a>.<\/p>\n<p>Billetterie pour le spectacle Le Lac des Cygnes (ballet et orchestre) \u00e0 Rouen<\/p>\n<p>Les places pour la prochaine repr\u00e9sentation du spectacle Le Lac des Cygnes (ballet et orchestre) \u00e0 Rouen sont en vente sur la billetterie en ligne. R\u00e9servez vos billets d\u00e8s maintenant pour d\u00e9couvrir sur sc\u00e8ne ce spectacle\u00a0!<\/p>\n<p><a class=\"btn btn-lg shadow-lg btn-primary rounded-pill fnac_link\" data-fnac=\"in_article\" href=\"https:\/\/www.awin1.com\/pclick.php?p=41081944060&amp;a=634278&amp;m=12494&amp;clickref=in_article-A-desktop\" target=\"_blank\" rel=\"nofollow noopener\"> Acheter des billets<\/a><\/p>\n<p>Les tarifs des billets pour assister au spectacle Le Lac des Cygnes (ballet et orchestre) \u00e0 Rouen d\u00e9marrent \u00e0 partir de 51\u00a0\u20ac. Diff\u00e9rentes cat\u00e9gories de places peuvent \u00eatre \u00e0 la vente, selon le placement dans la salle. Les prix peuvent donc \u00eatre diff\u00e9rents d&rsquo;une cat\u00e9gorie \u00e0 l&rsquo;autre.<\/p>\n<p>Vous pouvez aussi r\u00e9server vos places pour le spectacle <a href=\"https:\/\/www.jds.fr\/lille\/spectacles\/danse\/le-lac-des-cygnes-ballet-et-orchestre-tournee-2026-765060_A\" rel=\"nofollow noopener\" target=\"_blank\">Le Lac des Cygnes &#8211; Ballet &amp; Orchestre &#8211; Tourn\u00e9e 2026 \u00e0 Lille &#8211; Z\u00e9nith de Lille<\/a> (59).<\/p>\n<p>Le Lac des Cygnes &#8211; Ballet &amp; Orchestre &#8211; Tourn\u00e9e 2026<\/p>\n<p><strong>Pr\u00e9sent\u00e9 par Franceconcert (L-R-22-6222\/6223).<\/strong><\/p>\n<p>Retrouvez l\u2019amour romanesque d\u2019une princesse-cygne et de son prince sous de somptueux d\u00e9cors et d\u2019\u00e9tincelants costumes dans cette derni\u00e8re production in\u00e9dite. Ce ballet nous plonge dans l\u2019histoire f\u00e9erique du Prince Siegfried et de la Princesse Odette. Celle-ci est victime du c\u00e9l\u00e8bre mal\u00e9fice du magicien Rothbart\u00a0: elle se transforme en cygne le jour et redevient femme la nuit. Seule la promesse d\u2019un amour \u00e9ternel pourra la lib\u00e9rer de cet ensorcellement. Siegfried promet alors \u00e0 Odette de l\u2019\u00e9pouser lors du bal donn\u00e9 en son honneur.<\/p>\n<p>\u00c9chapperont-ils aux fourberies de Rothbart et de sa fille Odile\u00a0? Le Prince parviendra-t-il \u00e0 sauver sa promise\u00a0?<\/p>\n<p>Cr\u00e9\u00e9 en 1875 par le compositeur russe Piotr Ilitch Tcha\u00efkovski, c\u2019est en 1895 avec la reprise du chor\u00e9graphe Marius Petipa que <strong>Le Lac des Cygnes<\/strong> deviendra le plus grand succ\u00e8s classique de tous les temps. Entre \u00ab Pas de deux \u00bb, duos romantiques et \u00ab Danse des Petits Cygnes \u00bb, les danseurs, accompagn\u00e9s d\u2019un orchestre de renom, interpr\u00e9teront tout en \u00e9l\u00e9gance cette \u0153uvre magistrale. Symbole du ballet romantique, <strong>Le Lac des Cygnes<\/strong> envo\u00fbte et continue d\u2019enchanter enfants comme adultes.\u00a0<\/p>\n<p class=\"font-size-30 fw-bold lh-1 mt-0 mb-4\">Je trouve les meilleures sorties dans ma ville<\/p>\n","protected":false},"excerpt":{"rendered":"Le Lac des Cygnes &#8211; Ballet &amp; Orchestre &#8211; Tourn\u00e9e 2026, un spectacle \u00e0 voir \u00e0 Rouen (Z\u00e9nith&hellip;\n","protected":false},"author":2,"featured_media":311011,"comment_status":"","ping_status":"","sticky":false,"template":"","format":"standard","meta":{"footnotes":""},"categories":[9587],"tags":[1111,11,1777,674,1011,27,12,5161,25,9590],"class_list":{"0":"post-311010","1":"post","2":"type-post","3":"status-publish","4":"format-standard","5":"has-post-thumbnail","7":"category-rouen","8":"tag-actu","9":"tag-actualites","10":"tag-eu","11":"tag-europe","12":"tag-fr","13":"tag-france","14":"tag-news","15":"tag-normandie","16":"tag-republique-francaise","17":"tag-rouen"},"share_on_mastodon":{"url":"https:\/\/pubeurope.com\/@fr\/115008794995777604","error":""},"_links":{"self":[{"href":"https:\/\/www.europesays.com\/fr\/wp-json\/wp\/v2\/posts\/311010","targetHints":{"allow":["GET"]}}],"collection":[{"href":"https:\/\/www.europesays.com\/fr\/wp-json\/wp\/v2\/posts"}],"about":[{"href":"https:\/\/www.europesays.com\/fr\/wp-json\/wp\/v2\/types\/post"}],"author":[{"embeddable":true,"href":"https:\/\/www.europesays.com\/fr\/wp-json\/wp\/v2\/users\/2"}],"replies":[{"embeddable":true,"href":"https:\/\/www.europesays.com\/fr\/wp-json\/wp\/v2\/comments?post=311010"}],"version-history":[{"count":0,"href":"https:\/\/www.europesays.com\/fr\/wp-json\/wp\/v2\/posts\/311010\/revisions"}],"wp:featuredmedia":[{"embeddable":true,"href":"https:\/\/www.europesays.com\/fr\/wp-json\/wp\/v2\/media\/311011"}],"wp:attachment":[{"href":"https:\/\/www.europesays.com\/fr\/wp-json\/wp\/v2\/media?parent=311010"}],"wp:term":[{"taxonomy":"category","embeddable":true,"href":"https:\/\/www.europesays.com\/fr\/wp-json\/wp\/v2\/categories?post=311010"},{"taxonomy":"post_tag","embeddable":true,"href":"https:\/\/www.europesays.com\/fr\/wp-json\/wp\/v2\/tags?post=311010"}],"curies":[{"name":"wp","href":"https:\/\/api.w.org\/{rel}","templated":true}]}}