{"id":311012,"date":"2025-08-11T06:50:12","date_gmt":"2025-08-11T06:50:12","guid":{"rendered":"https:\/\/www.europesays.com\/fr\/311012\/"},"modified":"2025-08-11T06:50:12","modified_gmt":"2025-08-11T06:50:12","slug":"grenoble-trouve-enfin-son-deuxieme-ligne-et-il-vient-de-lusap","status":"publish","type":"post","link":"https:\/\/www.europesays.com\/fr\/311012\/","title":{"rendered":"Grenoble trouve enfin son deuxi\u00e8me ligne, et il vient de l&rsquo;USAP"},"content":{"rendered":"<p>Longtemps en qu\u00eate d\u2019un profil solide pour densifier son pack, le finaliste malheureux de la derni\u00e8re saison de Pro D2 a enfin obtenu gain de cause. Les premi\u00e8res pistes se sont r\u00e9v\u00e9l\u00e9es d\u00e9cevantes. Apr\u00e8s l&rsquo;\u00e9chec dans les dossiers du Gallois James Fender et du Sud-Africain Janse Roux, le FCG rebondit en s&rsquo;offrant Tristan Labouteley.<\/p>\n<p>\u00a0<\/p>\n<p>Malgr\u00e9 ces revers, les dirigeants grenoblois ont tent\u00e9 une troisi\u00e8me piste qui leur a redonn\u00e9 le sourire. Ils ont trouv\u00e9 une issue favorable du c\u00f4t\u00e9 de Perpignan. Selon les informations de Midi Olympique, les discussions ont \u00e9t\u00e9 amorc\u00e9es en milieu de semaine derni\u00e8re, avant de s\u2019acc\u00e9l\u00e9rer durant le week-end. Le r\u00e9sultat aboutit \u00e0 un accord pour le pr\u00eat de Tristan Labouteley.<\/p>\n<p>\u00a0<\/p>\n<p>Un engagement sur le long terme et une envie de se relancer<\/p>\n<p>\u00a0<\/p>\n<p>Il s&rsquo;agit donc d&rsquo;une ann\u00e9e en pr\u00eat, soit jusqu&rsquo;\u00e0 la fin de la saison 2025-2026. Mais pas que ! Le transfert ne se limite pas \u00e0 une simple pige puisque Tristan Labouteley a sign\u00e9 un contrat de deux saisons suppl\u00e9mentaires. D&rsquo;apr\u00e8s Midi Olympique, il est donc d\u00e9sormais li\u00e9 au FCG jusqu\u2019en 2028.<\/p>\n<p>\u00a0<\/p>\n<p>Ce double mouvement satisfait autant le club que le joueur. Peu utilis\u00e9 en fin de saison derni\u00e8re \u00e0 l&rsquo;USAP, Labouteley (14 matchs en 2024-2025) arrive \u00e0 Grenoble avec l\u2019envie de se relancer. Pour Grenoble, c\u2019est un renfort de poids dans une zone strat\u00e9gique. La saison du FCG d\u00e9marre par un d\u00e9placement pour affronter Oyonnax Rugby le 29 a\u00f4ut prochain.<\/p>\n<p>Partagez cette info avec vos amis et vos proches en cliquant ici<br \/>Pour r\u00e9sumer<\/p>\n<p>Le FCG renforce son pack avec Tristan Labouteley, pr\u00eat\u00e9 par Perpignan pour un an, suivi d\u2019un contrat jusqu\u2019en 2028. Apr\u00e8s plusieurs \u00e9checs, ce recrutement strat\u00e9gique offre au joueur une relance et au club un vrai atout avant le choc contre Oyonnax.<\/p>\n<p> <img decoding=\"async\" width=\"76\" height=\"76\" loading=\"lazy\" src=\"https:\/\/www.europesays.com\/fr\/wp-content\/uploads\/2025\/04\/avatar-quinze.png\" alt=\"Voldi Fr\u00e9jus\u00a0Hounvio\"\/><\/p>\n","protected":false},"excerpt":{"rendered":"Longtemps en qu\u00eate d\u2019un profil solide pour densifier son pack, le finaliste malheureux de la derni\u00e8re saison de&hellip;\n","protected":false},"author":2,"featured_media":311013,"comment_status":"","ping_status":"","sticky":false,"template":"","format":"standard","meta":{"footnotes":""},"categories":[9566],"tags":[1111,11,2430,1777,674,1011,27,2731,12,25],"class_list":{"0":"post-311012","1":"post","2":"type-post","3":"status-publish","4":"format-standard","5":"has-post-thumbnail","7":"category-grenoble","8":"tag-actu","9":"tag-actualites","10":"tag-auvergne-rhone-alpes","11":"tag-eu","12":"tag-europe","13":"tag-fr","14":"tag-france","15":"tag-grenoble","16":"tag-news","17":"tag-republique-francaise"},"share_on_mastodon":{"url":"https:\/\/pubeurope.com\/@fr\/115008806858126477","error":""},"_links":{"self":[{"href":"https:\/\/www.europesays.com\/fr\/wp-json\/wp\/v2\/posts\/311012","targetHints":{"allow":["GET"]}}],"collection":[{"href":"https:\/\/www.europesays.com\/fr\/wp-json\/wp\/v2\/posts"}],"about":[{"href":"https:\/\/www.europesays.com\/fr\/wp-json\/wp\/v2\/types\/post"}],"author":[{"embeddable":true,"href":"https:\/\/www.europesays.com\/fr\/wp-json\/wp\/v2\/users\/2"}],"replies":[{"embeddable":true,"href":"https:\/\/www.europesays.com\/fr\/wp-json\/wp\/v2\/comments?post=311012"}],"version-history":[{"count":0,"href":"https:\/\/www.europesays.com\/fr\/wp-json\/wp\/v2\/posts\/311012\/revisions"}],"wp:featuredmedia":[{"embeddable":true,"href":"https:\/\/www.europesays.com\/fr\/wp-json\/wp\/v2\/media\/311013"}],"wp:attachment":[{"href":"https:\/\/www.europesays.com\/fr\/wp-json\/wp\/v2\/media?parent=311012"}],"wp:term":[{"taxonomy":"category","embeddable":true,"href":"https:\/\/www.europesays.com\/fr\/wp-json\/wp\/v2\/categories?post=311012"},{"taxonomy":"post_tag","embeddable":true,"href":"https:\/\/www.europesays.com\/fr\/wp-json\/wp\/v2\/tags?post=311012"}],"curies":[{"name":"wp","href":"https:\/\/api.w.org\/{rel}","templated":true}]}}