{"id":311016,"date":"2025-08-11T06:58:10","date_gmt":"2025-08-11T06:58:10","guid":{"rendered":"https:\/\/www.europesays.com\/fr\/311016\/"},"modified":"2025-08-11T06:58:10","modified_gmt":"2025-08-11T06:58:10","slug":"paroles-de-malgre-nous-2-4-incorpore-de-force-en-1943-alfred-koepfinger-sevade-et-rejoint-les-partisans-de-tito","status":"publish","type":"post","link":"https:\/\/www.europesays.com\/fr\/311016\/","title":{"rendered":"Paroles de Malgr\u00e9-Nous (2\/4). Incorpor\u00e9 de force en 1943, Alfred Koepfinger s\u2019\u00e9vade et rejoint les partisans de Tito"},"content":{"rendered":"<p>L\u2019article, paru dans votre quotidien du 18\u00a0d\u00e9cembre 1979, est succinct. On y d\u00e9couvre plusieurs dizaines d\u2019anciens incorpor\u00e9s de force posant devant le consulat de Yougoslavie de Strasbourg. Cit\u00e9, le consul, Veno Trenevski, met \u00e0 l\u2019honneur ces 75 Alsaciens \u00ab\u00a0qui n\u2019ont pas h\u00e9sit\u00e9 \u00e0 combattre les forces ennemies et ont ainsi contribu\u00e9 \u00e0 sauvegarder la libert\u00e9 des peuples\u00a0\u00bb. Tous ont re\u00e7u un dipl\u00f4me de l\u2019institut militaire historique de l\u2019arm\u00e9e populaire yougoslave. Alfred Koepfinger a pr\u00e9cieusement gard\u00e9 le document. Celui-ci certifie qu\u2019il a int\u00e9gr\u00e9 les unit\u00e9s de partisans alors dirig\u00e9es par le futur mar\u00e9chal Tito \u00e0 la suite de son \u00e9vasion dans la nuit du 3 au 4\u00a0d\u00e9cembre 1944.<\/p>\n<p>Cette histoire de d\u00e9sertion massive est peu connue selon l\u2019int\u00e9ress\u00e9, qui f\u00eatera ses cent ans en juin\u00a02026. Elle est surtout d\u00e9routante. Car, fait s\u00fbrement unique dans la sombre histoire de l\u2019incorporation de force, Alfred Koepfinger a \u00e9t\u00e9 vers\u00e9 dans une unit\u00e9 de la Wehrmacht enti\u00e8rement compos\u00e9e d\u2019Alsaciens&#8230;.<\/p>\n","protected":false},"excerpt":{"rendered":"L\u2019article, paru dans votre quotidien du 18\u00a0d\u00e9cembre 1979, est succinct. On y d\u00e9couvre plusieurs dizaines d\u2019anciens incorpor\u00e9s de&hellip;\n","protected":false},"author":2,"featured_media":311017,"comment_status":"","ping_status":"","sticky":false,"template":"","format":"standard","meta":{"footnotes":""},"categories":[2820],"tags":[1111,11,2389,2649,3206,2880,1777,674,107,1011,27,5325,2798,775,937,3035,12,17351,3725,25,41407,104,640,3265],"class_list":{"0":"post-311016","1":"post","2":"type-post","3":"status-publish","4":"format-standard","5":"has-post-thumbnail","7":"category-strasbourg","8":"tag-actu","9":"tag-actualites","10":"tag-alsace","11":"tag-bas-rhin","12":"tag-defense-guerre-conflit","13":"tag-edition-strasbourg","14":"tag-eu","15":"tag-europe","16":"tag-fil-info","17":"tag-fr","18":"tag-france","19":"tag-galerie-media","20":"tag-galerie-photo","21":"tag-grand-est","22":"tag-histoire","23":"tag-la-matinale-strasbourg","24":"tag-news","25":"tag-oberhausbergen","26":"tag-podcast","27":"tag-republique-francaise","28":"tag-serie-dete","29":"tag-societe","30":"tag-strasbourg","31":"tag-strasbourg-nord"},"share_on_mastodon":{"url":"","error":""},"_links":{"self":[{"href":"https:\/\/www.europesays.com\/fr\/wp-json\/wp\/v2\/posts\/311016","targetHints":{"allow":["GET"]}}],"collection":[{"href":"https:\/\/www.europesays.com\/fr\/wp-json\/wp\/v2\/posts"}],"about":[{"href":"https:\/\/www.europesays.com\/fr\/wp-json\/wp\/v2\/types\/post"}],"author":[{"embeddable":true,"href":"https:\/\/www.europesays.com\/fr\/wp-json\/wp\/v2\/users\/2"}],"replies":[{"embeddable":true,"href":"https:\/\/www.europesays.com\/fr\/wp-json\/wp\/v2\/comments?post=311016"}],"version-history":[{"count":0,"href":"https:\/\/www.europesays.com\/fr\/wp-json\/wp\/v2\/posts\/311016\/revisions"}],"wp:featuredmedia":[{"embeddable":true,"href":"https:\/\/www.europesays.com\/fr\/wp-json\/wp\/v2\/media\/311017"}],"wp:attachment":[{"href":"https:\/\/www.europesays.com\/fr\/wp-json\/wp\/v2\/media?parent=311016"}],"wp:term":[{"taxonomy":"category","embeddable":true,"href":"https:\/\/www.europesays.com\/fr\/wp-json\/wp\/v2\/categories?post=311016"},{"taxonomy":"post_tag","embeddable":true,"href":"https:\/\/www.europesays.com\/fr\/wp-json\/wp\/v2\/tags?post=311016"}],"curies":[{"name":"wp","href":"https:\/\/api.w.org\/{rel}","templated":true}]}}