{"id":311020,"date":"2025-08-11T06:59:40","date_gmt":"2025-08-11T06:59:40","guid":{"rendered":"https:\/\/www.europesays.com\/fr\/311020\/"},"modified":"2025-08-11T06:59:40","modified_gmt":"2025-08-11T06:59:40","slug":"financer-un-projet-international-rennes-ville-et-metropole","status":"publish","type":"post","link":"https:\/\/www.europesays.com\/fr\/311020\/","title":{"rendered":"Financer un projet international | Rennes Ville et M\u00e9tropole"},"content":{"rendered":"<p><b>\u00c9cole \u00e9l\u00e9mentaire Jean-Moulin\u00a0\u00a0<\/b><\/p>\n<p>L\u2019\u00e9tablissement rennais tente de renouer un lien avec la Springfield Academy \u00e0 Jersey. Ainsi, 43 \u00e9l\u00e8ves de CM1 \/ CM2 (section internationale) ont particip\u00e9 au voyage d\u2019une journ\u00e9e, partag\u00e9e en deux : le matin, une rencontre organis\u00e9e avec les \u00e9l\u00e8ves de la Springfield Academy, une visite de l\u2019\u00e9cole et temps d\u2019\u00e9changes ; l\u2019apr\u00e8s-midi a \u00e9t\u00e9 consacr\u00e9e \u00e0 une exploration de Saint-H\u00e9lier avec des d\u00e9fis langagiers qui ont mobilis\u00e9 les comp\u00e9tences des \u00e9l\u00e8ves. Pour un grand nombre des jeunes participants, ce s\u00e9jour a \u00e9t\u00e9 le premier dans un territoire anglophone.<\/p>\n<p><b>\u00a0Le projet \u00ab On se bouge ! \/ Was mich bewegt \u00bb<\/b><\/p>\n<p>24 \u00e9l\u00e8ves de 3\u1d49 ont particip\u00e9 \u00e0 un \u00e9change avec un \u00e9tablissement de Hambourg. Le projet s\u2019est construit avec de multiples objectifs : rester ouvert \u00e0 l\u2019autre, traverser les fronti\u00e8res, se cultiver, s\u2019enrichir d\u2019exp\u00e9riences tout en r\u00e9fl\u00e9chissant \u00e0 l\u2019impact de son mode de vie, et plus particuli\u00e8rement de ses d\u00e9placements.<\/p>\n","protected":false},"excerpt":{"rendered":"\u00c9cole \u00e9l\u00e9mentaire Jean-Moulin\u00a0\u00a0 L\u2019\u00e9tablissement rennais tente de renouer un lien avec la Springfield Academy \u00e0 Jersey. Ainsi, 43&hellip;\n","protected":false},"author":2,"featured_media":311021,"comment_status":"","ping_status":"","sticky":false,"template":"","format":"standard","meta":{"footnotes":""},"categories":[2821],"tags":[1111,11,829,1777,674,1011,27,12,584,25],"class_list":{"0":"post-311020","1":"post","2":"type-post","3":"status-publish","4":"format-standard","5":"has-post-thumbnail","7":"category-rennes","8":"tag-actu","9":"tag-actualites","10":"tag-bretagne","11":"tag-eu","12":"tag-europe","13":"tag-fr","14":"tag-france","15":"tag-news","16":"tag-rennes","17":"tag-republique-francaise"},"share_on_mastodon":{"url":"https:\/\/pubeurope.com\/@fr\/115008842200374237","error":""},"_links":{"self":[{"href":"https:\/\/www.europesays.com\/fr\/wp-json\/wp\/v2\/posts\/311020","targetHints":{"allow":["GET"]}}],"collection":[{"href":"https:\/\/www.europesays.com\/fr\/wp-json\/wp\/v2\/posts"}],"about":[{"href":"https:\/\/www.europesays.com\/fr\/wp-json\/wp\/v2\/types\/post"}],"author":[{"embeddable":true,"href":"https:\/\/www.europesays.com\/fr\/wp-json\/wp\/v2\/users\/2"}],"replies":[{"embeddable":true,"href":"https:\/\/www.europesays.com\/fr\/wp-json\/wp\/v2\/comments?post=311020"}],"version-history":[{"count":0,"href":"https:\/\/www.europesays.com\/fr\/wp-json\/wp\/v2\/posts\/311020\/revisions"}],"wp:featuredmedia":[{"embeddable":true,"href":"https:\/\/www.europesays.com\/fr\/wp-json\/wp\/v2\/media\/311021"}],"wp:attachment":[{"href":"https:\/\/www.europesays.com\/fr\/wp-json\/wp\/v2\/media?parent=311020"}],"wp:term":[{"taxonomy":"category","embeddable":true,"href":"https:\/\/www.europesays.com\/fr\/wp-json\/wp\/v2\/categories?post=311020"},{"taxonomy":"post_tag","embeddable":true,"href":"https:\/\/www.europesays.com\/fr\/wp-json\/wp\/v2\/tags?post=311020"}],"curies":[{"name":"wp","href":"https:\/\/api.w.org\/{rel}","templated":true}]}}