{"id":311028,"date":"2025-08-11T07:03:21","date_gmt":"2025-08-11T07:03:21","guid":{"rendered":"https:\/\/www.europesays.com\/fr\/311028\/"},"modified":"2025-08-11T07:03:21","modified_gmt":"2025-08-11T07:03:21","slug":"gagnez-vos-places-pour-le-match-entre-le-fc-nantes-et-le-psg","status":"publish","type":"post","link":"https:\/\/www.europesays.com\/fr\/311028\/","title":{"rendered":"Gagnez vos places pour le match entre le FC Nantes et le PSG !"},"content":{"rendered":"\n<p style=\"text-align: justify;\"><strong>Assistez \u00e0 la rencontre entre les Canaris et le PSG dimanche 17 ao\u00fbt \u00e0 20h45, au stade de la Beaujoire, pour le compte de la 1\u00e8re journ\u00e9e de Ligue 1 !<\/strong><\/p>\n<p style=\"text-align: justify;\">Ce jeudi, \u00e9coutez Alouette et gagnez vos places sur Alouette entre 16h et 20h ! Au top donn\u00e9 \u00e0 l&rsquo;antenne, envoyez \u00ab\u00a0<strong>FCN<\/strong>\u00a0\u00bb par\u00a0<strong>SMS\u00a0<\/strong>au\u00a0<strong>7 10 36<\/strong>* pour vous inscrire.<\/p>\n<p style=\"text-align: justify;\">\u00a0<\/p>\n<p style=\"text-align: justify;\"><strong>Alouette, la radio partenaire du FC Nantes !<\/strong><\/p>\n<p style=\"text-align: justify;\">\u00a0<\/p>\n<p style=\"text-align: justify;\">\u00a0<\/p>\n<p style=\"text-align: justify;\">\u00a0<\/p>\n<p style=\"text-align: justify;\"><a href=\"https:\/\/bocir-prod-bucket.s3.amazonaws.com\/medias\/6cOIUcKx8a\/pdf\/reglement_cadre_alouette_au_1_juin_20251749040703387.pdf\" rel=\"noopener nofollow\" target=\"_blank\">R\u00e8glement du jeu.<\/a><\/p>\n<p style=\"text-align: justify;\">\u00a0<\/p>\n<p style=\"text-align: justify;\">* 2 x 0,75 \u20ac + prix d&rsquo;un SMS.<\/p>\n","protected":false},"excerpt":{"rendered":"Assistez \u00e0 la rencontre entre les Canaris et le PSG dimanche 17 ao\u00fbt \u00e0 20h45, au stade de&hellip;\n","protected":false},"author":2,"featured_media":311029,"comment_status":"","ping_status":"","sticky":false,"template":"","format":"standard","meta":{"footnotes":""},"categories":[2818],"tags":[1111,11,2888,10999,1777,674,462,2257,63,1011,27,7683,1197,955,766,12,626,2636,93,1825,25,2858],"class_list":{"0":"post-311028","1":"post","2":"type-post","3":"status-publish","4":"format-standard","5":"has-post-thumbnail","7":"category-nantes","8":"tag-actu","9":"tag-actualites","10":"tag-alouette","11":"tag-beaujoire","12":"tag-eu","13":"tag-europe","14":"tag-fc-nantes","15":"tag-foot","16":"tag-football","17":"tag-fr","18":"tag-france","19":"tag-gagner","20":"tag-jeu","21":"tag-match","22":"tag-nantes","23":"tag-news","24":"tag-paris","25":"tag-pays-de-la-loire","26":"tag-psg","27":"tag-radio","28":"tag-republique-francaise","29":"tag-stade"},"share_on_mastodon":{"url":"https:\/\/pubeurope.com\/@fr\/115008857947625936","error":""},"_links":{"self":[{"href":"https:\/\/www.europesays.com\/fr\/wp-json\/wp\/v2\/posts\/311028","targetHints":{"allow":["GET"]}}],"collection":[{"href":"https:\/\/www.europesays.com\/fr\/wp-json\/wp\/v2\/posts"}],"about":[{"href":"https:\/\/www.europesays.com\/fr\/wp-json\/wp\/v2\/types\/post"}],"author":[{"embeddable":true,"href":"https:\/\/www.europesays.com\/fr\/wp-json\/wp\/v2\/users\/2"}],"replies":[{"embeddable":true,"href":"https:\/\/www.europesays.com\/fr\/wp-json\/wp\/v2\/comments?post=311028"}],"version-history":[{"count":0,"href":"https:\/\/www.europesays.com\/fr\/wp-json\/wp\/v2\/posts\/311028\/revisions"}],"wp:featuredmedia":[{"embeddable":true,"href":"https:\/\/www.europesays.com\/fr\/wp-json\/wp\/v2\/media\/311029"}],"wp:attachment":[{"href":"https:\/\/www.europesays.com\/fr\/wp-json\/wp\/v2\/media?parent=311028"}],"wp:term":[{"taxonomy":"category","embeddable":true,"href":"https:\/\/www.europesays.com\/fr\/wp-json\/wp\/v2\/categories?post=311028"},{"taxonomy":"post_tag","embeddable":true,"href":"https:\/\/www.europesays.com\/fr\/wp-json\/wp\/v2\/tags?post=311028"}],"curies":[{"name":"wp","href":"https:\/\/api.w.org\/{rel}","templated":true}]}}