{"id":311032,"date":"2025-08-11T07:05:12","date_gmt":"2025-08-11T07:05:12","guid":{"rendered":"https:\/\/www.europesays.com\/fr\/311032\/"},"modified":"2025-08-11T07:05:12","modified_gmt":"2025-08-11T07:05:12","slug":"41c-a-toulouse-40-a-limoges-39-a-bordeaux-ou-va-t-il-faire-le-plus-chaud-cette-semaine","status":"publish","type":"post","link":"https:\/\/www.europesays.com\/fr\/311032\/","title":{"rendered":"41\u00b0C \u00e0 Toulouse, 40 \u00e0 Limoges, 39 \u00e0 Bordeaux&#8230; O\u00f9 va-t-il faire le plus chaud cette semaine ?"},"content":{"rendered":"<p class=\"article-p mdl\">Alors que 12 d\u00e9partements sont en alerte rouge canicule et 41 sont plac\u00e9s en vigilance orange lundi 11 ao\u00fbt, les temp\u00e9ratures vont s&rsquo;envoler dans l&rsquo;apr\u00e8s-midi. Lundi matin, plus de 20\u00b0C ont \u00e9t\u00e9 enregistr\u00e9s depuis l&rsquo;Aquitaine jusqu&rsquo;\u00e0 la M\u00e9diterran\u00e9e. Dans l&rsquo;apr\u00e8s-midi, 30\u00b0C \u00e0 35\u00b0C sont attendus au moins dans la moiti\u00e9 nord.\u00a0<\/p>\n<p class=\"article-p mdl\">Lundi apr\u00e8s-midi, <strong>35\u00b0C \u00e0 42\u00b0C<\/strong> <strong>sont pr\u00e9vus<\/strong> dans les r\u00e9gions du sud. Selon\u00a0<a class=\"link\" href=\"https:\/\/meteofrance.com\/\" target=\"_blank\" rel=\"noopener\">M\u00e9t\u00e9o France<\/a>, il fera<strong> 41\u00b0C \u00e0 Toulouse<\/strong>, 40\u00b0C \u00e0 Limoges, \u00e0 Tarbes, \u00e0 Bordeaux et \u00e0 Mont\u00e9limar. Les temp\u00e9ratures resteront <strong>\u00e9lev\u00e9es durant la nuit avec 30\u00b0C \u00e0 Nice<\/strong>, 26\u00b0C \u00e0 Marseille et 24\u00b0C \u00e0 Paris.<\/p>\n<p class=\"article-p mdl\">Mardi 12 ao\u00fbt, la\u00a0<a class=\"link\" href=\"https:\/\/www.rtl.fr\/actu\/meteo\/canicule-ce-que-l-on-sait-sur-la-tempete-dexter-qui-va-aggraver-les-temperatures-ces-prochains-jours-7900528951\" target=\"_blank\" rel=\"noopener\">vigilance rouge canicule<\/a>\u00a0est \u00e9tendue pour 12 d\u00e9partements du Sud-Ouest, tandis que <strong>41 d\u00e9partements restent en orange<\/strong>. D\u00e8s le matin, 29\u00b0C sont pr\u00e9vus \u00e0 Paris et \u00e0 Auxerre. Il fera d\u00e9j\u00e0 32\u00b0C \u00e0 Perpignan et \u00e0 Mont\u00e9limar. Mardi apr\u00e8s-midi, <strong>39\u00b0C sont attendus \u00e0 Bordeaux, 37\u00b0C \u00e0 Limoges<\/strong>, et 41\u00b0C \u00e0 Lyon. Il fera 36\u00b0C \u00e0 Lille et \u00e0 Reims et 37\u00b0C \u00e0 Auxerre.<\/p>\n<p class=\"article-p mdl\">Mercredi, les<a class=\"link\" href=\"https:\/\/www.rtl.fr\/actu\/meteo\/canicule-ces-nombreux-pays-qui-suffoquent-sous-des-temperatures-records-7900520621\" target=\"_blank\" rel=\"noopener\"> temp\u00e9ratures<\/a>\u00a0seront toujours \u00e9lev\u00e9es avec 31\u00b0C d\u00e8s le matin \u00e0 Lyon. Il fera 37\u00b0C l&rsquo;apr\u00e8s-midi \u00e0 Metz et \u00e0 Gap. \u00c0 <strong>Paris<\/strong>, il fera<strong> 28\u00b0C d\u00e8s le matin <\/strong>et jusqu&rsquo;\u00e0 36\u00b0C dans l&rsquo;apr\u00e8s-midi. Jeudi, 29\u00b0C sont attendus \u00e0 Marseille dans la matin\u00e9e et 31\u00b0C \u00e0 Nice. Dans l&rsquo;apr\u00e8s-midi, il fera<strong> 32\u00b0C \u00e0 Ajaccio<\/strong>, 33\u00b0C \u00e0 Bordeaux, 34\u00b0C \u00e0 Reims et <strong>37\u00b0C \u00e0 Strasbourg.<\/strong>\u00a0<\/p>\n<p class=\"article-p mdl\">Vendredi 15 ao\u00fbt, jusqu&rsquo;\u00e0 34\u00b0C sont pr\u00e9vus \u00e0 La Rochelle et \u00e0 Marseille. <strong>37\u00b0C sont attendus \u00e0 Bordeaux, \u00e0 Montpellier et \u00e0 Mont\u00e9limar<\/strong>. Il fera 34\u00b0C \u00e0 Ajaccio et 33\u00b0C \u00e0 Nice. Des\u00a0<a class=\"link\" href=\"https:\/\/www.rtl.fr\/actu\/debats-societe\/la-recente-vague-de-chaleur-a-entraine-une-forte-hausse-des-morts-par-noyade-en-france-selon-sante-publique-france-7900523089\" target=\"_blank\" rel=\"noopener\">temp\u00e9ratures \u00e9lev\u00e9es<\/a>\u00a0sont aussi attendues dans le week-end avec jusqu&rsquo;\u00e0 <strong>38\u00b0C \u00e0 Toulouse<\/strong> et 37\u00b0C \u00e0 Bordeaux et \u00e0 Montpellier.\u00a0<\/p>\n<p>    La r\u00e9daction vous recommande<\/p>\n<p class=\"s-newsletter__title\">\n                L\u2019actualit\u00e9 par la r\u00e9daction de RTL dans votre bo\u00eete mail.\n            <\/p>\n<p class=\"s-newsletter__subtitle\">\n                Gr\u00e2ce \u00e0 votre compte RTL abonnez-vous \u00e0 la newsletter RTL info pour suivre toute l&rsquo;actualit\u00e9 au quotidien\n            <\/p>\n<p>\n                                    Lire la suite\n                                <\/p>\n","protected":false},"excerpt":{"rendered":"Alors que 12 d\u00e9partements sont en alerte rouge canicule et 41 sont plac\u00e9s en vigilance orange lundi 11&hellip;\n","protected":false},"author":2,"featured_media":311033,"comment_status":"","ping_status":"","sticky":false,"template":"","format":"standard","meta":{"footnotes":""},"categories":[2817],"tags":[1111,11,1997,6698,1777,674,107,1011,27,2487,12,2219,25,2648],"class_list":{"0":"post-311032","1":"post","2":"type-post","3":"status-publish","4":"format-standard","5":"has-post-thumbnail","7":"category-bordeaux","8":"tag-actu","9":"tag-actualites","10":"tag-bordeaux","11":"tag-canicule","12":"tag-eu","13":"tag-europe","14":"tag-fil-info","15":"tag-fr","16":"tag-france","17":"tag-meteo","18":"tag-news","19":"tag-nouvelle-aquitaine","20":"tag-republique-francaise","21":"tag-temperature"},"share_on_mastodon":{"url":"https:\/\/pubeurope.com\/@fr\/115008865825228742","error":""},"_links":{"self":[{"href":"https:\/\/www.europesays.com\/fr\/wp-json\/wp\/v2\/posts\/311032","targetHints":{"allow":["GET"]}}],"collection":[{"href":"https:\/\/www.europesays.com\/fr\/wp-json\/wp\/v2\/posts"}],"about":[{"href":"https:\/\/www.europesays.com\/fr\/wp-json\/wp\/v2\/types\/post"}],"author":[{"embeddable":true,"href":"https:\/\/www.europesays.com\/fr\/wp-json\/wp\/v2\/users\/2"}],"replies":[{"embeddable":true,"href":"https:\/\/www.europesays.com\/fr\/wp-json\/wp\/v2\/comments?post=311032"}],"version-history":[{"count":0,"href":"https:\/\/www.europesays.com\/fr\/wp-json\/wp\/v2\/posts\/311032\/revisions"}],"wp:featuredmedia":[{"embeddable":true,"href":"https:\/\/www.europesays.com\/fr\/wp-json\/wp\/v2\/media\/311033"}],"wp:attachment":[{"href":"https:\/\/www.europesays.com\/fr\/wp-json\/wp\/v2\/media?parent=311032"}],"wp:term":[{"taxonomy":"category","embeddable":true,"href":"https:\/\/www.europesays.com\/fr\/wp-json\/wp\/v2\/categories?post=311032"},{"taxonomy":"post_tag","embeddable":true,"href":"https:\/\/www.europesays.com\/fr\/wp-json\/wp\/v2\/tags?post=311032"}],"curies":[{"name":"wp","href":"https:\/\/api.w.org\/{rel}","templated":true}]}}