{"id":311036,"date":"2025-08-11T07:07:11","date_gmt":"2025-08-11T07:07:11","guid":{"rendered":"https:\/\/www.europesays.com\/fr\/311036\/"},"modified":"2025-08-11T07:07:11","modified_gmt":"2025-08-11T07:07:11","slug":"points-deau-piscines-a-1-euro-parcs-sur-rtl-jean-luc-moudenc-devoile-les-mesures-prises-a-toulouse","status":"publish","type":"post","link":"https:\/\/www.europesays.com\/fr\/311036\/","title":{"rendered":"points d&rsquo;eau, piscines \u00e0 1 euro, parcs&#8230; Sur RTL, Jean-Luc Moudenc d\u00e9voile les mesures prises \u00e0 Toulouse"},"content":{"rendered":"<p class=\"article-p mdl\">La France entre dans la fournaise. Lundi 11 ao\u00fbt, 12 d\u00e9partements du sud et du sud-ouest basculent en vigilance rouge canicule. Ces zones, o\u00f9 les temp\u00e9ratures devraient atteindre ou d\u00e9passer les 42\u2009\u00b0C, rendent la situation particuli\u00e8rement dangereuse pour les personnes vuln\u00e9rables. La situation exige une mobilisation renforc\u00e9e des autorit\u00e9s locales. Toulouse qui devrait atteindre voir d\u00e9passer les 42\u2009\u00b0C\u00a0se pr\u00e9pare \u00e0 cette chaleur. Jean-Luc Moudenc, maire sans \u00e9tiquette de Toulouse, commente la situation au micro de RTL Matin.<\/p>\n<p class=\"article-p mdl\">\u00ab\u00a0Il y a un dispositif sp\u00e9cial qu&rsquo;on applique<a class=\"link\" href=\"https:\/\/www.rtl.fr\/actu\/sante\/canicule-comment-se-proteger-du-coup-de-chaleur-et-de-la-deshydratation-7900529063\" title=\"https:\/\/www.rtl.fr\/actu\/sante\/canicule-comment-se-proteger-du-coup-de-chaleur-et-de-la-deshydratation-7900529063\" target=\"_blank\" rel=\"noopener\"> d\u00e8s l&rsquo;alerte canicule orange<\/a>\u00a0et qu&rsquo;on renforce avec l&rsquo;alerte canicule rouge\u00a0\u00bb, a-t-il expliqu\u00e9. Parmi ces mesures, la ville a mis en place des \u00ab\u00a0points fra\u00eecheurs\u00a0\u00bb avec <strong>380 fontaines accessibles <\/strong>gr\u00e2ce \u00e0 une carte interactive. Ces installations sont particuli\u00e8rement utiles pour les touristes qui visitent la Cit\u00e9 Rose.<\/p>\n<p class=\"article-p mdl\">Pour les r\u00e9sidents, notamment les seniors, un dispositif de \u00ab\u00a0restaurants seniors solidaires\u00a0\u00bb a \u00e9t\u00e9 instaur\u00e9.\u00a0<a class=\"link\" href=\"https:\/\/www.rtl.fr\/actu\/sante\/canicule-comment-les-ehpad-se-preparent-ils-a-affronter-les-grosses-chaleurs-7900529184\" title=\"Canicule : comment les Ehpad se pr\u00e9parent-ils \u00e0 affronter les grosses chaleurs ?\" target=\"_blank\" rel=\"noopener\">\u00ab\u00a0On accueille les seniors\u00a0<\/a>pour d\u00e9jeuner et on leur propose de rester jusqu&rsquo;\u00e0 18 heures dans <strong>un environnement climatis\u00e9\u00a0\u00bb,<\/strong> a pr\u00e9cis\u00e9 le maire, soulignant l&rsquo;importance de ces espaces pour ceux qui n&rsquo;ont pas de climatisation chez eux.<\/p>\n<p>            Des piscines \u00e0 tarif r\u00e9duit<\/p>\n<p class=\"article-p mdl\">Les piscines municipales voient \u00e9galement leurs tarifs r\u00e9duits de 3,40 euros \u00e0 1 euro pour encourager<a class=\"link\" href=\"https:\/\/www.rtl.fr\/actu\/meteo\/meteo-la-vigilance-rouge-canicule-etendue-a-mardi-dans-les-12-departements-concernes-7900529178\" title=\"M\u00e9t\u00e9o : la vigilance rouge canicule \u00e9tendue \u00e0 mardi dans les 12 d\u00e9partements concern\u00e9s\" target=\"_blank\" rel=\"noopener\"> une plus grande fr\u00e9quentation.\u00a0<\/a>De plus, elles \u00ab\u00a0ont des horaires \u00e9largis jusqu&rsquo;\u00e0 20h, 21h\u00a0\u00bb, a ajout\u00e9 Jean-Luc Moudenc. De plus, 45 parcs et jardins resteront <strong>ouverts jusqu&rsquo;\u00e0 21h, <\/strong>et une quinzaine d&rsquo;entre eux jusqu&rsquo;\u00e0 23h.<\/p>\n<p class=\"article-p mdl\">La ville a mis en place un syst\u00e8me de suivi pour les personnes en situation de fragilit\u00e9, qu&rsquo;il s&rsquo;agisse de seniors ou de personnes avec des pathologies ou handicaps. \u00ab\u00a0Ces personnes-l\u00e0 font l&rsquo;objet d&rsquo;un contact individualis\u00e9 et d&rsquo;un rep\u00e9rage qui est actualis\u00e9 tout au long de l&rsquo;ann\u00e9e\u00a0\u00bb, a-t-il d\u00e9taill\u00e9.<\/p>\n<p class=\"article-p mdl\">Mais\u00a0<a class=\"link\" href=\"https:\/\/www.rtl.fr\/actu\/meteo\/canicule-les-fortes-temperatures-actuelles-ont-elles-toujours-ete-la-norme-7900528990\" title=\"Canicule : comment le seuil des 40 \u00b0C, exceptionnel en 1950, est en train de se banaliser\" target=\"_blank\" rel=\"noopener\">ces initiatives<\/a>\u00a0s&rsquo;accompagnent de d\u00e9fis financiers. <strong>\u00ab\u00a0On doit faire des choix. <\/strong>Aujourd\u2019hui, il n\u2019y a plus qu\u2019un petit tiers des Toulousains qui paient un imp\u00f4t municipal avec la suppression de la taxe d\u2019habitation, ce qui fait qu\u2019augmenter les imp\u00f4ts, c\u2019est encore plus injuste qu\u2019autrefois\u00a0\u00bb, a-t-il soulign\u00e9. Pour maintenir les services publics, \u00ab\u00a0il faut les reformater\u00a0\u00bb, a-t-il ajout\u00e9, mentionnant la r\u00e9duction controvers\u00e9e des plages horaires d\u2019ouverture des biblioth\u00e8ques comme une mesure n\u00e9cessaire.<\/p>\n<p>    La r\u00e9daction vous recommande<\/p>\n<p class=\"s-newsletter__title\">\n                L\u2019actualit\u00e9 par la r\u00e9daction de RTL dans votre bo\u00eete mail.\n            <\/p>\n<p class=\"s-newsletter__subtitle\">\n                Gr\u00e2ce \u00e0 votre compte RTL abonnez-vous \u00e0 la newsletter RTL info pour suivre toute l&rsquo;actualit\u00e9 au quotidien\n            <\/p>\n<p>\n                                    Lire la suite\n                                <\/p>\n","protected":false},"excerpt":{"rendered":"La France entre dans la fournaise. Lundi 11 ao\u00fbt, 12 d\u00e9partements du sud et du sud-ouest basculent en&hellip;\n","protected":false},"author":2,"featured_media":311037,"comment_status":"","ping_status":"","sticky":false,"template":"","format":"standard","meta":{"footnotes":""},"categories":[2816],"tags":[1111,11,6698,1777,674,107,1011,27,6793,12,2680,362,360,25,2312],"class_list":{"0":"post-311036","1":"post","2":"type-post","3":"status-publish","4":"format-standard","5":"has-post-thumbnail","7":"category-toulouse","8":"tag-actu","9":"tag-actualites","10":"tag-canicule","11":"tag-eu","12":"tag-europe","13":"tag-fil-info","14":"tag-fr","15":"tag-france","16":"tag-maires","17":"tag-news","18":"tag-occitanie","19":"tag-replay","20":"tag-replay-integral","21":"tag-republique-francaise","22":"tag-toulouse"},"share_on_mastodon":{"url":"https:\/\/pubeurope.com\/@fr\/115008873620246212","error":""},"_links":{"self":[{"href":"https:\/\/www.europesays.com\/fr\/wp-json\/wp\/v2\/posts\/311036","targetHints":{"allow":["GET"]}}],"collection":[{"href":"https:\/\/www.europesays.com\/fr\/wp-json\/wp\/v2\/posts"}],"about":[{"href":"https:\/\/www.europesays.com\/fr\/wp-json\/wp\/v2\/types\/post"}],"author":[{"embeddable":true,"href":"https:\/\/www.europesays.com\/fr\/wp-json\/wp\/v2\/users\/2"}],"replies":[{"embeddable":true,"href":"https:\/\/www.europesays.com\/fr\/wp-json\/wp\/v2\/comments?post=311036"}],"version-history":[{"count":0,"href":"https:\/\/www.europesays.com\/fr\/wp-json\/wp\/v2\/posts\/311036\/revisions"}],"wp:featuredmedia":[{"embeddable":true,"href":"https:\/\/www.europesays.com\/fr\/wp-json\/wp\/v2\/media\/311037"}],"wp:attachment":[{"href":"https:\/\/www.europesays.com\/fr\/wp-json\/wp\/v2\/media?parent=311036"}],"wp:term":[{"taxonomy":"category","embeddable":true,"href":"https:\/\/www.europesays.com\/fr\/wp-json\/wp\/v2\/categories?post=311036"},{"taxonomy":"post_tag","embeddable":true,"href":"https:\/\/www.europesays.com\/fr\/wp-json\/wp\/v2\/tags?post=311036"}],"curies":[{"name":"wp","href":"https:\/\/api.w.org\/{rel}","templated":true}]}}