{"id":311048,"date":"2025-08-11T07:15:19","date_gmt":"2025-08-11T07:15:19","guid":{"rendered":"https:\/\/www.europesays.com\/fr\/311048\/"},"modified":"2025-08-11T07:15:19","modified_gmt":"2025-08-11T07:15:19","slug":"ile-de-france-le-nombre-dagressions-causees-par-des-frotteurs-en-hausse-dans-les-transports-en-commun","status":"publish","type":"post","link":"https:\/\/www.europesays.com\/fr\/311048\/","title":{"rendered":"Ile de France : Le nombre d&rsquo;agressions caus\u00e9es par des frotteurs en hausse dans les transports en commun"},"content":{"rendered":"\n<p>Les autorit\u00e9s appellent \u00e0 la vigilance \u00e0 cause des frotteurs dans les transports en Ile de France. Selon le dernier bilan de la pr\u00e9fecture de police, sur l\u2019ensemble de l\u2019agglom\u00e9ration, les violences sexuelles ont augment\u00e9 de 6,55 % en 2025. L\u2019ann\u00e9e derni\u00e8re, 293 personnes ont \u00e9t\u00e9 plac\u00e9es en garde \u00e0 vue. 80 % des infractions \u00e0 caract\u00e8re sexuelle sont des agressions et 63 % sont \u00e0 mettre au compte de frotteurs.<\/p>\n<p>!function(f,b,e,v,n,t,s){if(f.fbq)return;n=f.fbq=function(){n.callMethod?<br \/>\nn.callMethod.apply(n,arguments):n.queue.push(arguments)};if(!f._fbq)f._fbq=n;<br \/>\nn.push=n;n.loaded=!0;n.version=&rsquo;2.0&prime;;n.queue=[];t=b.createElement(e);t.async=!0;<br \/>\nt.src=v;s=b.getElementsByTagName(e)[0];s.parentNode.insertBefore(t,s)}(window,<br \/>\ndocument,&rsquo;script&rsquo;,&rsquo;https:\/\/connect.facebook.net\/en_US\/fbevents.js&rsquo;);<br \/>\nfbq(&lsquo;init&rsquo;, &lsquo;278974969201861&rsquo;); \/\/ Insert your pixel ID here.<br \/>\nfbq(&lsquo;track&rsquo;, &lsquo;PageView&rsquo;);<\/p>\n","protected":false},"excerpt":{"rendered":"Les autorit\u00e9s appellent \u00e0 la vigilance \u00e0 cause des frotteurs dans les transports en Ile de France. Selon&hellip;\n","protected":false},"author":2,"featured_media":311049,"comment_status":"","ping_status":"","sticky":false,"template":"","format":"standard","meta":{"footnotes":""},"categories":[1592],"tags":[1111,11,11211,1401,1777,674,1011,27,45112,662,4047,12,626,25,12396,6472,2216],"class_list":{"0":"post-311048","1":"post","2":"type-post","3":"status-publish","4":"format-standard","5":"has-post-thumbnail","7":"category-ile-de-france","8":"tag-actu","9":"tag-actualites","10":"tag-agressions","11":"tag-agressions-sexuelles","12":"tag-eu","13":"tag-europe","14":"tag-fr","15":"tag-france","16":"tag-frotteur","17":"tag-ile-de-france","18":"tag-metro","19":"tag-news","20":"tag-paris","21":"tag-republique-francaise","22":"tag-rer","23":"tag-ter","24":"tag-transports-en-commun"},"share_on_mastodon":{"url":"https:\/\/pubeurope.com\/@fr\/115008905249104709","error":""},"_links":{"self":[{"href":"https:\/\/www.europesays.com\/fr\/wp-json\/wp\/v2\/posts\/311048","targetHints":{"allow":["GET"]}}],"collection":[{"href":"https:\/\/www.europesays.com\/fr\/wp-json\/wp\/v2\/posts"}],"about":[{"href":"https:\/\/www.europesays.com\/fr\/wp-json\/wp\/v2\/types\/post"}],"author":[{"embeddable":true,"href":"https:\/\/www.europesays.com\/fr\/wp-json\/wp\/v2\/users\/2"}],"replies":[{"embeddable":true,"href":"https:\/\/www.europesays.com\/fr\/wp-json\/wp\/v2\/comments?post=311048"}],"version-history":[{"count":0,"href":"https:\/\/www.europesays.com\/fr\/wp-json\/wp\/v2\/posts\/311048\/revisions"}],"wp:featuredmedia":[{"embeddable":true,"href":"https:\/\/www.europesays.com\/fr\/wp-json\/wp\/v2\/media\/311049"}],"wp:attachment":[{"href":"https:\/\/www.europesays.com\/fr\/wp-json\/wp\/v2\/media?parent=311048"}],"wp:term":[{"taxonomy":"category","embeddable":true,"href":"https:\/\/www.europesays.com\/fr\/wp-json\/wp\/v2\/categories?post=311048"},{"taxonomy":"post_tag","embeddable":true,"href":"https:\/\/www.europesays.com\/fr\/wp-json\/wp\/v2\/tags?post=311048"}],"curies":[{"name":"wp","href":"https:\/\/api.w.org\/{rel}","templated":true}]}}