{"id":311050,"date":"2025-08-11T07:16:14","date_gmt":"2025-08-11T07:16:14","guid":{"rendered":"https:\/\/www.europesays.com\/fr\/311050\/"},"modified":"2025-08-11T07:16:14","modified_gmt":"2025-08-11T07:16:14","slug":"les-valeurs-a-suivre-a-paris-et-en-europe-actualise-11-08-2025-a-0845","status":"publish","type":"post","link":"https:\/\/www.europesays.com\/fr\/311050\/","title":{"rendered":"Les valeurs \u00e0 suivre \u00e0 Paris et en Europe (actualis\u00e9) &#8211; 11\/08\/2025 \u00e0 08:45"},"content":{"rendered":"<p>\n (Actualis\u00e9 avec Marks &amp; Spencer, GSK, Orsted)\n<\/p>\n<p>\n *\n<\/p>\n<p>\n Variation des futures sur indice CAC 40  0#FCE:\n<\/p>\n<p>\n *\n<\/p>\n<p>\n Variation des futures sur indice Stoxx 600  0#FXXP:\n<\/p>\n<p>\n *\n<\/p>\n<p>\n Valeurs qui se traitent ex-dividende  .EX.PA\n<\/p>\n<p>\n *\n<\/p>\n<p>\n Le point sur les march\u00e9s europ\u00e9ens  .EUFR\n<\/p>\n<p>\n Les valeurs \u00e0 suivre lundi \u00e0<br \/>\nla Bourse de Paris et en Europe :\n<\/p>\n<p>\n * VINCI<br \/>\n <a href=\"https:\/\/www.boursorama.com\/cours\/1rPDG\/\" rel=\"nofollow noopener\" target=\"_blank\"><br \/>\n  SGEF.PA<br \/>\n <\/a><br \/>\n et ACS ont sign\u00e9 un accord d\u00e9finitif sur<br \/>\nl\u2019acquisition de Cobra IS.\n<\/p>\n<p>\n * ROLLS-ROYCE<br \/>\n <a href=\"https:\/\/www.boursorama.com\/cours\/1uRR.L\/\" rel=\"nofollow noopener\" target=\"_blank\"><br \/>\n  RR.L<br \/>\n <\/a><br \/>\n a c\u00e9d\u00e9 son fonds de pension britannique<br \/>\n\u00e0 la Pension Insurance Corporation (PIC) dans le cadre d&rsquo;une<br \/>\nop\u00e9ration \u00e9valu\u00e9e \u00e0 4,3 milliards de livres (3,69 milliards<br \/>\nd&rsquo;euros), annonce dimanche dans un communiqu\u00e9 l&rsquo;assureur<br \/>\nsp\u00e9cialis\u00e9 dans les r\u00e9gimes de retraite dits \u00e0 prestations<br \/>\nd\u00e9finies.\n<\/p>\n<p>\n * MARKS &amp; SPENCER<br \/>\n <a href=\"https:\/\/www.boursorama.com\/cours\/1uMKS.L\/\" rel=\"nofollow noopener\" target=\"_blank\"><br \/>\n  MKS.L<br \/>\n <\/a><br \/>\n a repris les commandes en ligne<br \/>\navec retrait en magasin pour les v\u00eatements apr\u00e8s une<br \/>\ninterruption de 15 semaines suite \u00e0 une cyberattaque et un vol<br \/>\nde donn\u00e9es.\n<\/p>\n<p>\n * GSK<br \/>\n <a href=\"https:\/\/www.boursorama.com\/cours\/1uGSK.L\/\" rel=\"nofollow noopener\" target=\"_blank\"><br \/>\n  GSK.L<br \/>\n <\/a><br \/>\n a annonc\u00e9 lundi que l&rsquo;agence am\u00e9ricaine du<br \/>\nm\u00e9dicament (FDA) avait accept\u00e9 sa demande d&rsquo;examen prioritaire<br \/>\ndu g\u00e9potidacine, un antibiotique oral destin\u00e9 au traitement de<br \/>\nla gonorrh\u00e9e non compliqu\u00e9e transmise par voie sexuelle.\n<\/p>\n<p>\n * ORSTED  ORSTED.CO  a annonc\u00e9 lundi son intention de<br \/>\nproc\u00e9der \u00e0 une \u00e9mission de droits d&rsquo;une valeur de 60 milliards<br \/>\nde couronnes (9,4 milliards de dollars), invoquant l&rsquo;\u00e9volution<br \/>\nd\u00e9favorable du march\u00e9 \u00e9olien offshore aux \u00c9tats-Unis.\n<\/p>\n<p>\n L&rsquo;AGENDA FRANCE &amp; INTERNATIONAL \u00c0 7 JOURS:  L8N3TZ1XS\n<\/p>\n<p>\n (R\u00e9dig\u00e9 par Mara Vilcu et Claude Chendjou, \u00e9dit\u00e9 par Augustin<br \/>\nTurpin)<\/p>\n","protected":false},"excerpt":{"rendered":"(Actualis\u00e9 avec Marks &amp; Spencer, GSK, Orsted) * Variation des futures sur indice CAC 40 0#FCE: * Variation&hellip;\n","protected":false},"author":2,"featured_media":64038,"comment_status":"","ping_status":"","sticky":false,"template":"","format":"standard","meta":{"footnotes":""},"categories":[1888],"tags":[400,1111,1928,11,1927,398,408,405,1777,674,1011,27,403,402,399,404,12,1926,626,1925,25,401,406,407],"class_list":{"0":"post-311050","1":"post","2":"type-post","3":"status-publish","4":"format-standard","5":"has-post-thumbnail","7":"category-paris","8":"tag-action-cac-40","9":"tag-actu","10":"tag-actu-paris","11":"tag-actualites","12":"tag-actualites-paris","13":"tag-bourse-de-paris","14":"tag-boursorama","15":"tag-cotations","16":"tag-eu","17":"tag-europe","18":"tag-fr","19":"tag-france","20":"tag-indices-devises","21":"tag-investir","22":"tag-investissement","23":"tag-marche-boursier","24":"tag-news","25":"tag-news-paris","26":"tag-paris","27":"tag-paris-news","28":"tag-republique-francaise","29":"tag-sicav","30":"tag-trackers","31":"tag-warrants"},"share_on_mastodon":{"url":"https:\/\/pubeurope.com\/@fr\/115008909526926747","error":""},"_links":{"self":[{"href":"https:\/\/www.europesays.com\/fr\/wp-json\/wp\/v2\/posts\/311050","targetHints":{"allow":["GET"]}}],"collection":[{"href":"https:\/\/www.europesays.com\/fr\/wp-json\/wp\/v2\/posts"}],"about":[{"href":"https:\/\/www.europesays.com\/fr\/wp-json\/wp\/v2\/types\/post"}],"author":[{"embeddable":true,"href":"https:\/\/www.europesays.com\/fr\/wp-json\/wp\/v2\/users\/2"}],"replies":[{"embeddable":true,"href":"https:\/\/www.europesays.com\/fr\/wp-json\/wp\/v2\/comments?post=311050"}],"version-history":[{"count":0,"href":"https:\/\/www.europesays.com\/fr\/wp-json\/wp\/v2\/posts\/311050\/revisions"}],"wp:featuredmedia":[{"embeddable":true,"href":"https:\/\/www.europesays.com\/fr\/wp-json\/wp\/v2\/media\/64038"}],"wp:attachment":[{"href":"https:\/\/www.europesays.com\/fr\/wp-json\/wp\/v2\/media?parent=311050"}],"wp:term":[{"taxonomy":"category","embeddable":true,"href":"https:\/\/www.europesays.com\/fr\/wp-json\/wp\/v2\/categories?post=311050"},{"taxonomy":"post_tag","embeddable":true,"href":"https:\/\/www.europesays.com\/fr\/wp-json\/wp\/v2\/tags?post=311050"}],"curies":[{"name":"wp","href":"https:\/\/api.w.org\/{rel}","templated":true}]}}