{"id":311051,"date":"2025-08-11T07:17:18","date_gmt":"2025-08-11T07:17:18","guid":{"rendered":"https:\/\/www.europesays.com\/fr\/311051\/"},"modified":"2025-08-11T07:17:18","modified_gmt":"2025-08-11T07:17:18","slug":"comment-paris-a-conquis-les-journalistes-du-monde-entier","status":"publish","type":"post","link":"https:\/\/www.europesays.com\/fr\/311051\/","title":{"rendered":"comment Paris a conquis les journalistes du monde entier"},"content":{"rendered":"\n<p class=\"Paragraph__content\" data-v-e14a34bc=\"\">Quelle que soit leur nationalit\u00e9, ils ont soudain l&rsquo;oeil qui frise, la voix qui s&#8217;emballe, le sourire qui s&rsquo;illumine. Parmi les quelque 24\u00a0000 journalistes accr\u00e9dit\u00e9s pour les Jeux Olympiques de Paris, la tr\u00e8s grande majorit\u00e9 a appr\u00e9ci\u00e9 son s\u00e9jour. Qu&rsquo;il s&rsquo;agisse de l&rsquo;Allemand Rupert Fabig, jeune \u00ab\u00a0rookie\u00a0\u00bb qui couvrait ses premiers Jeux, ou de l&rsquo;\u00e9ditorialiste am\u00e9ricaine Christine Brennan, qui a suivi toutes les \u00e9ditions, \u00e9t\u00e9 comme hiver, depuis 1984. \u00c0 travers leurs yeux, on mesure la r\u00e9ussite de Paris 2024.<\/p>\n<p class=\"Exergue__title\" data-v-071125f2=\"\">Christine Brennan (Etats-Unis, presse \u00e9crite et audiovisuelle, USA Today, ABC News et CNN)\u00a0: \u00ab\u00a0Comme des tableaux du Louvre\u00a0\u00bb<\/p>\n<p class=\"Paragraph__content\" data-v-e14a34bc=\"\">\u00ab\u00a0C&rsquo;\u00e9taient vraiment d&rsquo;excellents Jeux. M\u00eame un an plus tard, quand j&rsquo;y repense, \u00e7a reste magique. Sans doute par la mani\u00e8re dont les organisateurs ont r\u00e9ussi \u00e0 utiliser tous ces sites prestigieux de Paris. Je pense \u00e0 la c\u00e9r\u00e9monie (d&rsquo;ouverture), que j&rsquo;ai regard\u00e9e \u00e0 la t\u00e9l\u00e9vision, \u00e0 ce ballon s&rsquo;\u00e9levant dans le ciel avec une telle po\u00e9sie, jetant sa lumi\u00e8re sur des lieux antiques. Le mariage parfait entre la plus belle ville du monde et les Jeux Olympiques. M\u00eame la pluie n&rsquo;a pas r\u00e9ussi \u00e0 g\u00e2cher la f\u00eate. Et utiliser la Seine, non pas seulement comme une toile de fond, mais comme l&rsquo;\u00e9l\u00e9ment central de la narration, quelle remarquable id\u00e9e.<\/p>\n<p class=\"Quote__content\" data-v-6808232a=\"\">\u00ab\u00a0On a pu d\u00e9ambuler, \u00e9changer, c\u00e9l\u00e9brer. Profiter de cette ville belle et spectaculaire\u00a0\u00bb<\/p>\n<p class=\"Paragraph__content\" data-v-e14a34bc=\"\">La seule critique que je pourrais \u00e9mettre, et j&rsquo;en ai discut\u00e9 avec <a href=\"https:\/\/www.lequipe.fr\/Jo-2028-los-angeles\/Tous-sports\/Actualites\/L-athletisme-en-premiere-semaine-la-natation-en-seconde-le-comite-des-jeux-olympiques-de-los-angeles-2028-devoile-un-premier-calendrier\/1578163\" notaddlevel=\"true\" target=\"_blank\" rel=\"nofollow noopener\">les organisateurs de Los Angeles<\/a>, c&rsquo;est que les athl\u00e8tes, depuis leur bateau sur le fleuve, n&rsquo;ont jamais eu l&rsquo;opportunit\u00e9 de vivre cette \u00e9norme clameur qui les accueille d&rsquo;ordinaire dans un stade, parce que les gens n&rsquo;\u00e9taient pas concentr\u00e9s au m\u00eame endroit, mais diss\u00e9min\u00e9s tout au long de la rive. Mais c&rsquo;est tr\u00e8s bien, juste diff\u00e9rent. Cela dit, je sais que Los Angeles fera en sorte que tous les athl\u00e8tes ressentent cette vibration en entrant dans un stade. Quelque chose de plus conventionnel pour eux.<\/p>\n<p class=\"Paragraph__content\" data-v-e14a34bc=\"\">Par ailleurs, Paris \u00e9taient les premiers Jeux sans Covid, on s&rsquo;est forc\u00e9ment senti plus libre. On a pu d\u00e9ambuler, \u00e9changer, c\u00e9l\u00e9brer. Profiter de cette ville belle et spectaculaire. Quand je regarde en arri\u00e8re, que je pense aux Jeux d&rsquo;Atlanta en 1996, par exemple, les comp\u00e9titions \u00e9taient \u00e9patantes\u00a0: Michael Johnson, les nageurs, le premier tournoi de foot f\u00e9minin&#8230; C&rsquo;\u00e9tait fantastique\u00a0! Mais la mise en sc\u00e8ne n&rsquo;\u00e9tait pas la bonne, elle n&rsquo;a pas atteint le niveau que l&rsquo;on est en droit d&rsquo;attendre pour des Jeux Olympiques. Trop de sponsors, d&rsquo;\u00e9talages d&rsquo;argent. Mais, \u00e0 Paris, les comp\u00e9titions \u00e9taient magnifiques et dans des sites somptueux. C&rsquo;\u00e9tait comme des tableaux du Louvre, des sc\u00e8nes magnifiques pour le cin\u00e9ma, qui m\u00ealaient le sport au Grand Palais, \u00e0 la Tour Eiffel, \u00e0 la Concorde.<\/p>\n<p class=\"Paragraph__content\" data-v-e14a34bc=\"\">\u00c9tait-ce vraiment r\u00e9el\u00a0? Oui\u00a0! (elle adopte le fran\u00e7ais appris \u00e0 l&rsquo;\u00e9cole) \u00ab\u00a0C&rsquo;\u00e9tait vraiment magnifique\u00a0!\u00a0\u00bb Vous savez, je suis une des rares \u00e0 me souvenir avec \u00e9motion des Jeux Olympiques d&rsquo;Ath\u00e8nes, o\u00f9 le d\u00e9part du marathon a eu lieu \u00e0 Marathon, o\u00f9 l&rsquo;\u00e9preuve de lancer du poids a \u00e9t\u00e9 organis\u00e9e sur le site d&rsquo;Olympie, qui accueillait les Jeux de l&rsquo;antiquit\u00e9&#8230; Pour ceux qui aiment l&rsquo;Olympisme et son histoire, Ath\u00e8nes reste \u00e0 part. Mais cette ville n&rsquo;attirera jamais autant que Paris pour les touristes du monde entier, et plus encore pour les Am\u00e9ricains.<\/p>\n<p class=\"Paragraph__content\" data-v-e14a34bc=\"\">Et puis, il y a la concordance de certains athl\u00e8tes avec \u00ab\u00a0leurs\u00a0\u00bb Jeux \u00e0 domicile. Et l\u00e0, comment ne pas parler <a href=\"https:\/\/www.lequipe.fr\/Jo-2024-paris\/Natation\/Actualites\/Sacre-sur-le-200-m-4-nages-leon-marchand-s-offre-une-quatrieme-medaille-d-or-aux-jo-de-paris-2024\/1487976\" notaddlevel=\"true\" target=\"_blank\" rel=\"nofollow noopener\">de L\u00e9on Marchand<\/a>. Quand ils sont aussi attendus, certains peuvent \u00eatre bouscul\u00e9s, passer \u00e0 travers sous la pression d&rsquo;un pays. Mais lui a gagn\u00e9, gagn\u00e9, gagn\u00e9&#8230; C&rsquo;\u00e9tait la premi\u00e8re semaine, il a donn\u00e9 le ton pour les Fran\u00e7ais, mais comme il s&rsquo;entra\u00eene aux \u00c9tats-Unis, il a aussi d\u00e9pass\u00e9 les fronti\u00e8res et touch\u00e9 le monde entier. C&rsquo;est aussi \u00e7a, la r\u00e9ussite des Jeux.\u00a0\u00bb<\/p>\n<p class=\"Exergue__title\" data-v-071125f2=\"\">Veronika Gibadieva (Russie, presse num\u00e9rique et t\u00e9l\u00e9vis\u00e9e, Match TV)\u00a0: \u00ab\u00a0Merci \u00e0 cette jeune volontaire\u00a0\u00bb<\/p>\n<p class=\"Paragraph__content\" data-v-e14a34bc=\"\">\u00ab\u00a0Le premier sentiment, quand je pense \u00e0 Paris, c&rsquo;est qu&rsquo;apr\u00e8s la pand\u00e9mie, on a enfin retrouv\u00e9 l&rsquo;esprit olympique. Un r\u00e9el festival du sport. Une ambiance incroyable\u00a0! Quand je suis rentr\u00e9e \u00e0 la maison, j&rsquo;ai vu les images, je n&rsquo;y avais pas forc\u00e9ment pr\u00eat\u00e9 attention parce que, sur place, on est concentr\u00e9s sur le boulot, mais j&rsquo;ai \u00e9t\u00e9 frapp\u00e9e par leur beaut\u00e9. J&rsquo;ai ador\u00e9 le Trocad\u00e9ro, <a href=\"https:\/\/www.lequipe.fr\/Jo-2024-paris\/Tous-sports\/Actualites\/Tout-savoir-sur-le-stade-nautique-de-vaires-sur-marne-aux-jeux-olympiques-de-paris-2024-programme-transports-bars-restaurants\/1482015\" notaddlevel=\"true\" target=\"_blank\" rel=\"nofollow noopener\">Vaires-sur-Marne aussi<\/a>.<\/p>\n<p class=\"Quote__content\" data-v-6808232a=\"\">\u00ab\u00a0En tant que journaliste russe, \u00e7a n&rsquo;a pas toujours \u00e9t\u00e9 simple. Je n&rsquo;ai jamais ressenti d&rsquo;animosit\u00e9, mais il y avait une sorte de r\u00e9flexe\u00a0: si nos athl\u00e8tes \u00e9voluaient sous banni\u00e8re neutre, est-ce que les journalistes l&rsquo;\u00e9taient aussi\u00a0?\u00a0\u00bb<\/p>\n<p class=\"Paragraph__content\" data-v-e14a34bc=\"\">J&rsquo;ai l&rsquo;habitude de couvrir le Tour de France, et je gal\u00e8re d&rsquo;ordinaire dans les transports en commun quand on arrive \u00e0 Paris. \u00c7a a encore \u00e9t\u00e9 le cas cet \u00e9t\u00e9 et je me suis d&rsquo;ailleurs fait la r\u00e9flexion que la magie s&rsquo;\u00e9tait \u00e9vapor\u00e9e en un an. Mais, pendant les Jeux Olympiques, j&rsquo;ai pris le tramway tous les jours depuis mon h\u00f4tel, pris le m\u00e9tro et le RER. Les gens \u00e9taient tellement ouverts, agr\u00e9ables, pr\u00eats \u00e0 vous guider. C&rsquo;\u00e9tait \u00e7a, la magie olympique. Que tout le monde se sente investi et pr\u00eat \u00e0 aider les visiteurs en d\u00e9tresse.<\/p>\n<p class=\"Paragraph__content\" data-v-e14a34bc=\"\">En tant que journaliste russe, \u00e7a n&rsquo;a pas toujours \u00e9t\u00e9 simple. Je n&rsquo;ai jamais ressenti d&rsquo;animosit\u00e9, mais il y avait une sorte de r\u00e9flexe\u00a0: si nos athl\u00e8tes \u00e9voluaient sous banni\u00e8re neutre, est-ce que les journalistes l&rsquo;\u00e9taient aussi\u00a0? J&rsquo;avoue que je ne m&rsquo;\u00e9tais pas pos\u00e9 cette question, jusqu&rsquo;\u00e0 ce qu&rsquo;un rameur allemand me la pose. J&rsquo;ai alors regard\u00e9 mon accr\u00e9ditation o\u00f9 il n&rsquo;y avait aucun signe en attestant. En revanche, \u00e0 Vaires-sur-Marne, c&rsquo;\u00e9tait compliqu\u00e9 parce que nous n&rsquo;avions pas un acc\u00e8s direct aux athl\u00e8tes ou membres de la d\u00e9l\u00e9gation russe qui affichaient ce statut de neutralit\u00e9. Ils n&rsquo;avaient pas l&rsquo;obligation de passer en zone mixte devant les journalistes. Mais, heureusement, il y avait une femme, une jeune volontaire, qui s&rsquo;est vraiment beaucoup d\u00e9men\u00e9e pour nous aider. C&rsquo;est elle qui allait chercher les athl\u00e8tes pour nous, et j&rsquo;en profite pour la remercier tr\u00e8s sinc\u00e8rement.<\/p>\n<p class=\"Paragraph__content\" data-v-e14a34bc=\"\">Apr\u00e8s, quand je pense \u00e0 ces Jeux de Paris, je pense \u00e9videmment \u00e0 la c\u00e9r\u00e9monie d&rsquo;ouverture. Je l&rsquo;ai regard\u00e9e \u00e0 la t\u00e9l\u00e9vision. Et je ne comprends toujours pas le <a href=\"https:\/\/www.lequipe.fr\/Jo-2024-paris\/Tous-sports\/Actualites\/Au-sein-du-gouvernement-russe-la-ceremonie-d-ouverture-n-a-pas-du-tout-ete-appreciee\/1485714\" notaddlevel=\"true\" target=\"_blank\" rel=\"nofollow noopener\">rejet d&rsquo;une partie du public russe<\/a>. Je voyais les messages d\u00e9filer sur Twitter (d\u00e9sormais X) depuis Moscou, et \u00e7a m&rsquo;a tellement choqu\u00e9e. Pourquoi tant de haine\u00a0? C&rsquo;\u00e9tait formidable\u00a0! Je crois que le moment que j&rsquo;ai pr\u00e9f\u00e9r\u00e9, c&rsquo;est cet \u00e9pisode \u00e0 la Conciergerie, la r\u00e9f\u00e9rence \u00e0 Marie-Antoinette et \u00e0 la guillotine, avec toutes ces femmes \u00e0 la t\u00eate coup\u00e9e. La permanence du rouge, la prestation du groupe Gojira qui reprend le chant r\u00e9volutionnaire \u00ab\u00a0Ah\u00a0! \u00e7a ira\u00a0\u00bb en version m\u00e9tal. Peut-\u00eatre parce que je suis une passionn\u00e9e d&rsquo;histoire, j&rsquo;ai \u00e9t\u00e9 tr\u00e8s impressionn\u00e9e par cette revisite tr\u00e8s moderne et si juste.\u00a0\u00bb<\/p>\n<p class=\"Exergue__title\" data-v-071125f2=\"\">Rupert Fabig (Allemagne, presse \u00e9crite, Hamburger Abendblatt)\u00a0: \u00ab\u00a0La plus belle p\u00e9riode de ma vie\u00a0\u00bb<\/p>\n<p class=\"Paragraph__content\" data-v-e14a34bc=\"\">\u00ab\u00a0Je crois pouvoir dire, un an apr\u00e8s, que ces trois semaines \u00e0 Paris furent la plus belle p\u00e9riode de ma vie. C&rsquo;\u00e9taient mes premiers JO. Il y avait tellement de choses \u00e0 voir, d&rsquo;intensit\u00e9, d&rsquo;\u00e9motions. Et puis l&rsquo;ambiance, le climat g\u00e9n\u00e9ral, le rayonnement des sites ont emport\u00e9 tous les spectateurs. Il y avait quelque chose de magique dans l&rsquo;air.<\/p>\n<p class=\"Paragraph__content\" data-v-e14a34bc=\"\">Je travaille pour un quotidien g\u00e9n\u00e9raliste national. Nous avions envoy\u00e9 quatre reporters et nous avons eu la chance de tourner d&rsquo;un site \u00e0 l&rsquo;autre en fonction des performances des athl\u00e8tes allemands ou des grands moments. Je suis all\u00e9 au judo, au tennis, au badminton, au cyclisme, \u00e0 l&rsquo;aviron, au handball et au basket, mais deux de mes meilleurs souvenirs sont le beach volley et&#8230; le rugby \u00e0 7. Le beach, j&rsquo;y suis all\u00e9 pour le plaisir, en night session lorsque j&rsquo;avais termin\u00e9 mes missions du jour, rien que pour passer la soir\u00e9e face \u00e0 la Tour Eiffel au soleil couchant.<\/p>\n<p class=\"Paragraph__content\" data-v-e14a34bc=\"\">Et le rugby \u00e0 7, parce que c&rsquo;\u00e9tait au tout d\u00e9but des Jeux et que je trouve cette discipline tr\u00e8s athl\u00e9tique. J&rsquo;ai \u00e9crit un article sur Antoine Dupont qui \u00e9tait quasi inconnu du public allemand. Mais ma plus belle \u00e9motion est la victoire totalement inattendue de l&rsquo;Allemagne au <a href=\"https:\/\/www.lequipe.fr\/Basket-3x3\/match-en-direct\/jeux-olympiques-femmes-2024\/allemagne-f-espagne-f-live\/98126\" notaddlevel=\"true\" target=\"_blank\" rel=\"nofollow noopener\">basket 3&#215;3 femmes<\/a>\u00a0(17-16 contre l&rsquo;Espagne) sur la place de la Concorde.<\/p>\n<p class=\"Quote__content\" data-v-6808232a=\"\">\u00ab\u00a0Il ne se passe pas une journ\u00e9e depuis un an sans que je ne pense \u00e0 ces trois semaines\u00a0\u00bb<\/p>\n<p class=\"Paragraph__content\" data-v-e14a34bc=\"\">Ensuite, je placerai la victoire de Teddy Riner (judo, +\u00a0100\u00a0kg) car l&rsquo;ambiance \u00e9tait incroyable, avec la pr\u00e9sence de stars comme Tony Parker et Tony Yoka, puis le titre de (Novak) Djokovic qui le fait entrer au nirvana du sport mondial.<\/p>\n<p class=\"Paragraph__content\" data-v-e14a34bc=\"\">Il ne se passe pas une journ\u00e9e depuis un an sans que je ne pense \u00e0 ces trois semaines. J&rsquo;ai bon espoir de couvrir les JO de LA 2028 mais je sais d\u00e9j\u00e0 que Paris 2024 ne pourra pas \u00eatre surpass\u00e9\u00a0!\u00a0\u00bb<\/p>\n<p class=\"Exergue__title\" data-v-071125f2=\"\">Alex Krstanovic (Serbie, presse num\u00e9rique, Sportska Centrala)\u00a0: \u00ab\u00a0Etonn\u00e9 par le nouveau visage de la ville\u00a0\u00bb<\/p>\n<p class=\"Paragraph__content\" data-v-e14a34bc=\"\">\u00ab\u00a0J&rsquo;ai \u00e9t\u00e9 \u00e9tonn\u00e9 par le nouveau visage de la ville. J&rsquo;y avais s\u00e9journ\u00e9 en famille l&rsquo;\u00e9t\u00e9 pr\u00e9c\u00e9dent et cela n&rsquo;avait rien \u00e0 voir, il y a eu comme un grand nettoyage, je parle de la propret\u00e9 des rues, du m\u00e9tro. On pouvait boire un verre et circuler en pleine nuit sans crainte, ce qui n&rsquo;est pas toujours le cas, n&rsquo;est-ce pas\u00a0? Paris 2024 \u00e9tait ma quatri\u00e8me exp\u00e9rience olympique apr\u00e8s Ath\u00e8nes, Londres et Rio. Le premier grand moment fut bien s\u00fbr la c\u00e9r\u00e9monie d&rsquo;ouverture que j&rsquo;ai v\u00e9cue dans un caf\u00e9 du quartier de la Bastille sur un \u00e9cran, avant et pendant le d\u00e9luge, au milieu d&rsquo;un public tr\u00e8s cosmopolite. Et j&rsquo;ai trouv\u00e9 \u00e7a formidable car cela repr\u00e9sentait bien ce qu&rsquo;est la France, un grand pays pour sa cr\u00e9ativit\u00e9 et la place accord\u00e9e \u00e0 l&rsquo;art et \u00e0 l&rsquo;histoire.<\/p>\n<p class=\"Quote__content\" data-v-6808232a=\"\">\u00ab\u00a0La beaut\u00e9 des sites et l&rsquo;ambiance g\u00e9n\u00e9rale ont rendu mon exp\u00e9rience inoubliable\u00a0\u00bb<\/p>\n<p class=\"Paragraph__content\" data-v-e14a34bc=\"\">J&rsquo;ai ensuite quitt\u00e9 Paris pour suivre le tournoi de basket \u00e0 Lille o\u00f9 nous \u00e9tions entre basketteurs, suiveurs, fans,\u00a0etc. Autour de la Grand&rsquo;Place, on ne voyait que des gens de grande taille, des anciens joueurs, des officiels, des m\u00e9dias. C&rsquo;\u00e9tait tr\u00e8s diff\u00e9rent de la phase finale, ensuite, \u00e0 Bercy, on pouvait beaucoup moins approcher les \u00e9quipes, la s\u00e9curit\u00e9 y \u00e9tait beaucoup plus stricte.<\/p>\n<p class=\"Paragraph__content\" data-v-e14a34bc=\"\">Mes grands moments en dehors du basket furent bien s\u00fbr la <a href=\"https:\/\/www.lequipe.fr\/Jo-2024-paris\/Tennis\/Actualites\/Novak-djokovic-champion-olympique-apres-sa-victoire-sur-carlos-alcaraz-aux-jo-de-paris-2024\/1488512\" notaddlevel=\"true\" target=\"_blank\" rel=\"nofollow noopener\">victoire de Novak Djokovic<\/a> au tennis et la finale du water-polo dans une super ambiance dans la piscine de Paris la D\u00e9fense Arena, c&rsquo;\u00e9tait l&rsquo;avant-derni\u00e8re finale des Jeux, gagn\u00e9e par la Serbie face \u00e0 la Croatie (13-11). Ce sont nos deux seules m\u00e9dailles d&rsquo;or d\u00e9cern\u00e9es \u00e0 Paris (la troisi\u00e8me a \u00e9t\u00e9 remport\u00e9e au tir \u00e0 Ch\u00e2teauroux). La beaut\u00e9 des sites et l&rsquo;ambiance g\u00e9n\u00e9rale ont rendu mon exp\u00e9rience inoubliable.\u00a0\u00bb<\/p>\n","protected":false},"excerpt":{"rendered":"Quelle que soit leur nationalit\u00e9, ils ont soudain l&rsquo;oeil qui frise, la voix qui s&#8217;emballe, le sourire qui&hellip;\n","protected":false},"author":2,"featured_media":311052,"comment_status":"","ping_status":"","sticky":false,"template":"","format":"standard","meta":{"footnotes":""},"categories":[1888],"tags":[1111,1928,11,1927,1777,674,1011,27,12,1926,626,1925,25],"class_list":{"0":"post-311051","1":"post","2":"type-post","3":"status-publish","4":"format-standard","5":"has-post-thumbnail","7":"category-paris","8":"tag-actu","9":"tag-actu-paris","10":"tag-actualites","11":"tag-actualites-paris","12":"tag-eu","13":"tag-europe","14":"tag-fr","15":"tag-france","16":"tag-news","17":"tag-news-paris","18":"tag-paris","19":"tag-paris-news","20":"tag-republique-francaise"},"share_on_mastodon":{"url":"https:\/\/pubeurope.com\/@fr\/115008913024244308","error":""},"_links":{"self":[{"href":"https:\/\/www.europesays.com\/fr\/wp-json\/wp\/v2\/posts\/311051","targetHints":{"allow":["GET"]}}],"collection":[{"href":"https:\/\/www.europesays.com\/fr\/wp-json\/wp\/v2\/posts"}],"about":[{"href":"https:\/\/www.europesays.com\/fr\/wp-json\/wp\/v2\/types\/post"}],"author":[{"embeddable":true,"href":"https:\/\/www.europesays.com\/fr\/wp-json\/wp\/v2\/users\/2"}],"replies":[{"embeddable":true,"href":"https:\/\/www.europesays.com\/fr\/wp-json\/wp\/v2\/comments?post=311051"}],"version-history":[{"count":0,"href":"https:\/\/www.europesays.com\/fr\/wp-json\/wp\/v2\/posts\/311051\/revisions"}],"wp:featuredmedia":[{"embeddable":true,"href":"https:\/\/www.europesays.com\/fr\/wp-json\/wp\/v2\/media\/311052"}],"wp:attachment":[{"href":"https:\/\/www.europesays.com\/fr\/wp-json\/wp\/v2\/media?parent=311051"}],"wp:term":[{"taxonomy":"category","embeddable":true,"href":"https:\/\/www.europesays.com\/fr\/wp-json\/wp\/v2\/categories?post=311051"},{"taxonomy":"post_tag","embeddable":true,"href":"https:\/\/www.europesays.com\/fr\/wp-json\/wp\/v2\/tags?post=311051"}],"curies":[{"name":"wp","href":"https:\/\/api.w.org\/{rel}","templated":true}]}}