{"id":311057,"date":"2025-08-11T07:20:10","date_gmt":"2025-08-11T07:20:10","guid":{"rendered":"https:\/\/www.europesays.com\/fr\/311057\/"},"modified":"2025-08-11T07:20:10","modified_gmt":"2025-08-11T07:20:10","slug":"la-russie-affole-les-marches-avec-la-glace-maudite-en-siberie-stoppant-net-ses-exportations-de-gaz-et-declenchant-un-choc-energetique-planetaire","status":"publish","type":"post","link":"https:\/\/www.europesays.com\/fr\/311057\/","title":{"rendered":"La Russie affole les march\u00e9s avec \u00ab la glace maudite \u00bb en Sib\u00e9rie, stoppant net ses exportations de gaz et d\u00e9clenchant un choc \u00e9nerg\u00e9tique plan\u00e9taire"},"content":{"rendered":"<tr>\n<td><strong>EN BREF<\/strong><\/td>\n<\/tr>\n<tr>\n<td>\n<ul>\n<li>\ud83c\uddf7\ud83c\uddfa La <strong>Russie<\/strong> coupe brutalement le gaz, d\u00e9clenchant une crise mondiale.<\/li>\n<li>\ud83d\udcc8 Hausse des <strong>prix de l\u2019\u00e9nergie<\/strong>, impactant s\u00e9v\u00e8rement les \u00e9conomies et les m\u00e9nages.<\/li>\n<li>\ud83c\udf0d Les gouvernements cherchent des <strong>solutions<\/strong> alternatives et renforcent la coop\u00e9ration internationale.<\/li>\n<li>\ud83d\udd0b Vers une transition acc\u00e9l\u00e9r\u00e9e vers des <strong>\u00e9nergies renouvelables<\/strong> pour r\u00e9duire la d\u00e9pendance.<\/li>\n<\/ul>\n<\/td>\n<\/tr>\n<p>La r\u00e9cente d\u00e9cision de la Russie de couper brutalement le gaz apr\u00e8s une d\u00e9couverte infructueuse en Sib\u00e9rie a suscit\u00e9 une onde de choc \u00e0 travers le monde. Cette mesure drastique a plong\u00e9 de nombreux pays dans un chaos \u00e9nerg\u00e9tique sans pr\u00e9c\u00e9dent, soulevant des questions sur la d\u00e9pendance \u00e9nerg\u00e9tique et la s\u00e9curit\u00e9 des approvisionnements mondiaux. Alors que les nations tentent de s\u2019adapter \u00e0 cette nouvelle r\u00e9alit\u00e9, les implications \u00e9conomiques et sociales sont \u00e9normes. Ce bouleversement met en lumi\u00e8re la fragilit\u00e9 des syst\u00e8mes \u00e9nerg\u00e9tiques actuels et la n\u00e9cessit\u00e9 de r\u00e9\u00e9valuer les strat\u00e9gies globales en mati\u00e8re d\u2019\u00e9nergie.<\/p>\n<p>Contexte de la d\u00e9cision russe<\/p>\n<p>La Russie, riche en ressources naturelles, a longtemps \u00e9t\u00e9 un acteur cl\u00e9 sur la sc\u00e8ne \u00e9nerg\u00e9tique mondiale. Cependant, une r\u00e9cente d\u00e9couverte blanche en Sib\u00e9rie a entra\u00een\u00e9 une d\u00e9cision inattendue. En coupant l\u2019approvisionnement en gaz, la Russie a exerc\u00e9 une pression significative sur les march\u00e9s internationaux. Cette action s\u2019inscrit dans un contexte g\u00e9opolitique tendu o\u00f9 les relations internationales influencent directement les d\u00e9cisions \u00e9conomiques. Cette coupure de gaz pourrait \u00eatre per\u00e7ue comme une r\u00e9ponse aux sanctions \u00e9conomiques ou comme un moyen de renforcer sa position strat\u00e9gique.<\/p>\n<p>Les cons\u00e9quences de cette d\u00e9cision sont imm\u00e9diates, avec des r\u00e9percussions sur les prix de l\u2019\u00e9nergie \u00e0 l\u2019\u00e9chelle mondiale. De nombreux pays europ\u00e9ens, fortement d\u00e9pendants du gaz russe, cherchent d\u00e9sormais des alternatives pour s\u00e9curiser leur approvisionnement \u00e9nerg\u00e9tique. Cette situation met en \u00e9vidence la n\u00e9cessit\u00e9 d\u2019une diversification des sources d\u2019\u00e9nergie pour r\u00e9duire la d\u00e9pendance \u00e0 un seul fournisseur.<\/p>\n<blockquote class=\"wp-embedded-content\" data-secret=\"8NL2vBXMPZ\">\n<p><a href=\"https:\/\/www.enviro2b.com\/2025\/07\/05\/la-russie-coupe-son-dernier-gazoduc-vers-leurope-la-terrifiante-escalade-energetique-qui-plonge-le-continent-dans-lincertitude-et-la-peur\/\" rel=\"nofollow noopener\" target=\"_blank\">La Russie coupe son dernier gazoduc vers l\u2019Europe : la terrifiante escalade \u00e9nerg\u00e9tique qui plonge le continent dans l\u2019incertitude et la peur<\/a><\/p>\n<\/blockquote>\n<p>Impact \u00e9conomique mondial<\/p>\n<p>La coupure de gaz par la Russie a des implications \u00e9conomiques profondes. Les prix de l\u2019\u00e9nergie ont grimp\u00e9 en fl\u00e8che, affectant non seulement les m\u00e9nages, mais aussi les industries. Les pays importateurs de gaz sont confront\u00e9s \u00e0 une augmentation des co\u00fbts de production, ce qui se r\u00e9percute sur les prix des biens et services. Les entreprises, en particulier celles du secteur industriel, doivent d\u00e9sormais faire face \u00e0 des co\u00fbts \u00e9nerg\u00e9tiques accrus, ce qui pourrait entra\u00eener des pertes financi\u00e8res significatives.<\/p>\n<p>Selon les estimations, l\u2019augmentation des co\u00fbts \u00e9nerg\u00e9tiques pourrait r\u00e9duire la croissance \u00e9conomique mondiale de 0,5 % \u00e0 1 % cette ann\u00e9e. Cette pression \u00e9conomique pourrait \u00e9galement exacerber les tensions sociales, car les m\u00e9nages aux revenus modestes sont les plus touch\u00e9s par la hausse des prix de l\u2019\u00e9nergie. Pour att\u00e9nuer ces impacts, certains gouvernements envisagent des mesures d\u2019aide financi\u00e8re, mais cela pourrait encore alourdir la dette publique d\u00e9j\u00e0 \u00e9lev\u00e9e dans plusieurs pays.<\/p>\n<blockquote class=\"wp-embedded-content\" data-secret=\"V0P7WdtC9V\">\n<p><a href=\"https:\/\/www.enviro2b.com\/2025\/08\/04\/une-centrale-nucleaire-ukrainienne-au-coeur-dune-bataille-entre-russes-et-americains-qui-menace-la-securite-energetique-et-la-stabilite-regionale\/\" rel=\"nofollow noopener\" target=\"_blank\">Une centrale nucl\u00e9aire ukrainienne \u00ab au c\u0153ur d\u2019une bataille entre Russes et Am\u00e9ricains \u00bb qui menace la s\u00e9curit\u00e9 \u00e9nerg\u00e9tique et la stabilit\u00e9 r\u00e9gionale<\/a><\/p>\n<\/blockquote>\n<p>R\u00e9actions des gouvernements et solutions potentielles<\/p>\n<p>Face \u00e0 cette crise \u00e9nerg\u00e9tique, les gouvernements du monde entier cherchent des solutions pour att\u00e9nuer les impacts. En Europe, des discussions sont en cours pour d\u00e9velopper des infrastructures de stockage de gaz et pour renforcer les r\u00e9seaux de distribution. D\u2019autres r\u00e9gions du monde explorent des sources d\u2019\u00e9nergie alternatives, telles que le solaire et l\u2019\u00e9olien, pour r\u00e9duire leur d\u00e9pendance au gaz.<\/p>\n<p>Les experts soulignent \u00e9galement l\u2019importance d\u2019une coop\u00e9ration internationale accrue pour faire face \u00e0 cette crise. Des initiatives communes, comme la mise en place de r\u00e9serves strat\u00e9giques d\u2019\u00e9nergie, pourraient aider \u00e0 stabiliser le march\u00e9. Par ailleurs, des investissements dans la recherche et le d\u00e9veloppement de technologies \u00e9nerg\u00e9tiques innovantes sont essentiels pour garantir une transition \u00e9nerg\u00e9tique durable.<\/p>\n<p>Vers une transition \u00e9nerg\u00e9tique acc\u00e9l\u00e9r\u00e9e ?<\/p>\n<p>Cette crise pourrait bien \u00eatre un catalyseur pour une transition \u00e9nerg\u00e9tique acc\u00e9l\u00e9r\u00e9e. De nombreux pays r\u00e9\u00e9valuent leurs strat\u00e9gies \u00e9nerg\u00e9tiques, cherchant \u00e0 renforcer leur ind\u00e9pendance \u00e9nerg\u00e9tique tout en s\u2019engageant davantage vers des \u00e9nergies renouvelables. L\u2019importance de r\u00e9duire les \u00e9missions de carbone pour lutter contre le changement climatique ajoute une dimension suppl\u00e9mentaire \u00e0 cette transition.<\/p>\n<p>Le d\u00e9veloppement des \u00e9nergies renouvelables, coupl\u00e9 \u00e0 des technologies de stockage d\u2019\u00e9nergie avanc\u00e9es, pourrait offrir une solution viable \u00e0 long terme. Cependant, cette transition n\u00e9cessite des investissements massifs et une volont\u00e9 politique forte. La question reste pos\u00e9e : les gouvernements et les entreprises saisiront-ils cette opportunit\u00e9 pour transformer durablement le paysage \u00e9nerg\u00e9tique mondial ?<\/p>\n<p>Alors que le monde s\u2019adapte \u00e0 cette nouvelle r\u00e9alit\u00e9 \u00e9nerg\u00e9tique, il est crucial de repenser les strat\u00e9gies \u00e0 long terme. La crise actuelle souligne la n\u00e9cessit\u00e9 d\u2019une transition vers des syst\u00e8mes \u00e9nerg\u00e9tiques plus durables et r\u00e9silients. Cependant, les d\u00e9fis sont nombreux et n\u00e9cessitent une coop\u00e9ration internationale sans pr\u00e9c\u00e9dent. Quels seront les choix strat\u00e9giques des nations face \u00e0 cette crise \u00e9nerg\u00e9tique et comment ces d\u00e9cisions fa\u00e7onneront-elles l\u2019avenir \u00e9nerg\u00e9tique mondial ?<\/p>\n<p>Cet article s\u2019appuie sur des sources v\u00e9rifi\u00e9es et l\u2019assistance de technologies \u00e9ditoriales.<\/p>\n<p id=\"rating\">\u00c7a vous a plu ?\u00a04.5\/5 (21)<\/p>\n","protected":false},"excerpt":{"rendered":"EN BREF \ud83c\uddf7\ud83c\uddfa La Russie coupe brutalement le gaz, d\u00e9clenchant une crise mondiale. \ud83d\udcc8 Hausse des prix de&hellip;\n","protected":false},"author":2,"featured_media":311058,"comment_status":"","ping_status":"","sticky":false,"template":"","format":"standard","meta":{"footnotes":""},"categories":[1591],"tags":[11,1887,12,1885,1886,132],"class_list":{"0":"post-311057","1":"post","2":"type-post","3":"status-publish","4":"format-standard","5":"has-post-thumbnail","7":"category-russie","8":"tag-actualites","9":"tag-federation-de-russie","10":"tag-news","11":"tag-russia","12":"tag-russian-federation","13":"tag-russie"},"share_on_mastodon":{"url":"https:\/\/pubeurope.com\/@fr\/115008924827718239","error":""},"_links":{"self":[{"href":"https:\/\/www.europesays.com\/fr\/wp-json\/wp\/v2\/posts\/311057","targetHints":{"allow":["GET"]}}],"collection":[{"href":"https:\/\/www.europesays.com\/fr\/wp-json\/wp\/v2\/posts"}],"about":[{"href":"https:\/\/www.europesays.com\/fr\/wp-json\/wp\/v2\/types\/post"}],"author":[{"embeddable":true,"href":"https:\/\/www.europesays.com\/fr\/wp-json\/wp\/v2\/users\/2"}],"replies":[{"embeddable":true,"href":"https:\/\/www.europesays.com\/fr\/wp-json\/wp\/v2\/comments?post=311057"}],"version-history":[{"count":0,"href":"https:\/\/www.europesays.com\/fr\/wp-json\/wp\/v2\/posts\/311057\/revisions"}],"wp:featuredmedia":[{"embeddable":true,"href":"https:\/\/www.europesays.com\/fr\/wp-json\/wp\/v2\/media\/311058"}],"wp:attachment":[{"href":"https:\/\/www.europesays.com\/fr\/wp-json\/wp\/v2\/media?parent=311057"}],"wp:term":[{"taxonomy":"category","embeddable":true,"href":"https:\/\/www.europesays.com\/fr\/wp-json\/wp\/v2\/categories?post=311057"},{"taxonomy":"post_tag","embeddable":true,"href":"https:\/\/www.europesays.com\/fr\/wp-json\/wp\/v2\/tags?post=311057"}],"curies":[{"name":"wp","href":"https:\/\/api.w.org\/{rel}","templated":true}]}}