{"id":311061,"date":"2025-08-11T07:22:10","date_gmt":"2025-08-11T07:22:10","guid":{"rendered":"https:\/\/www.europesays.com\/fr\/311061\/"},"modified":"2025-08-11T07:22:10","modified_gmt":"2025-08-11T07:22:10","slug":"nvidia-et-amd-verseront-une-dime-aux-usa","status":"publish","type":"post","link":"https:\/\/www.europesays.com\/fr\/311061\/","title":{"rendered":"Nvidia et AMD verseront une d\u00eeme aux USA"},"content":{"rendered":"\n<p>Le patron de Nvidia, Jensen Huang, a rencontr\u00e9 le pr\u00e9sident am\u00e9ricain Donald Trump \u00e0 la Maison Blanche mercredi et a accept\u00e9 de reverser au gouvernement am\u00e9ricain une partie de ses revenus, un arrangement tr\u00e8s inhabituel dans le commerce international des technologies, selon des informations publi\u00e9es dans le Financial Times, Bloomberg et le New York Times.<\/p>\n<p>L&rsquo;AFP n&rsquo;a pas \u00e9t\u00e9 en mesure de v\u00e9rifier imm\u00e9diatement ces informations.<\/p>\n<p>Le mois dernier, Nvidia, premier producteur mondial de semi-conducteurs, est devenu la premi\u00e8re entreprise \u00e0 d\u00e9passer les 4000 milliards de dollars de capitalisation boursi\u00e8re, montrant \u00e0 quel point les march\u00e9s misent sur l&rsquo;intelligence artificielle, en train de r\u00e9volutionner l&rsquo;\u00e9conomie mondiale.<\/p>\n<p>La soci\u00e9t\u00e9 californienne est au coeur de la rivalit\u00e9 technologique entre P\u00e9kin et Washington. L&rsquo;acc\u00e8s des entreprises chinoises \u00e0 ses puces avanc\u00e9es \u00ab\u00a0H20\u00a0\u00bb constitue un enjeu majeur dans les discussions commerciales entre les deux puissances.<\/p>\n<p>Mais d\u00e9but juillet, Nvidia a indiqu\u00e9 qu&rsquo;il reprendrait les ventes de ses puces H20 en Chine, apr\u00e8s que les autorit\u00e9s am\u00e9ricaines ont lev\u00e9 certaines restrictions \u00e0 l&rsquo;exportation vers le pays asiatique.<\/p>\n<p>La soci\u00e9t\u00e9 Advanced Micro Devices (AMD), bas\u00e9e dans la Silicon Valley, versera \u00e9galement 15 % de ses revenus sur les ventes en Chine de ses puces MI308, dont l&rsquo;exportation vers ce pays lui \u00e9tait auparavant interdite.<\/p>\n<p>Selon le New York Times, cet accord pourrait rapporter plus de 2 milliards de dollars au gouvernement am\u00e9ricain.<\/p>\n<p>Le pr\u00e9sident am\u00e9ricain Donald Trump avait annonc\u00e9 mercredi qu&rsquo;il comptait imposer 100% de droits de douane sur les \u00ab\u00a0puces et semi-conducteurs\u00a0\u00bb, sans pr\u00e9ciser, pour l&rsquo;instant, la date d&rsquo;entr\u00e9e en vigueur de cette nouvelle taxe douani\u00e8re.<\/p>\n","protected":false},"excerpt":{"rendered":"Le patron de Nvidia, Jensen Huang, a rencontr\u00e9 le pr\u00e9sident am\u00e9ricain Donald Trump \u00e0 la Maison Blanche mercredi&hellip;\n","protected":false},"author":2,"featured_media":311062,"comment_status":"","ping_status":"","sticky":false,"template":"","format":"standard","meta":{"footnotes":""},"categories":[1589],"tags":[11,73,1866,12,1864,1865,1863,308],"class_list":{"0":"post-311061","1":"post","2":"type-post","3":"status-publish","4":"format-standard","5":"has-post-thumbnail","7":"category-etats-unis","8":"tag-actualites","9":"tag-etats-unis","10":"tag-etats-unis-damerique","11":"tag-news","12":"tag-united-states","13":"tag-united-states-of-america","14":"tag-us","15":"tag-usa"},"share_on_mastodon":{"url":"https:\/\/pubeurope.com\/@fr\/115008932962408828","error":""},"_links":{"self":[{"href":"https:\/\/www.europesays.com\/fr\/wp-json\/wp\/v2\/posts\/311061","targetHints":{"allow":["GET"]}}],"collection":[{"href":"https:\/\/www.europesays.com\/fr\/wp-json\/wp\/v2\/posts"}],"about":[{"href":"https:\/\/www.europesays.com\/fr\/wp-json\/wp\/v2\/types\/post"}],"author":[{"embeddable":true,"href":"https:\/\/www.europesays.com\/fr\/wp-json\/wp\/v2\/users\/2"}],"replies":[{"embeddable":true,"href":"https:\/\/www.europesays.com\/fr\/wp-json\/wp\/v2\/comments?post=311061"}],"version-history":[{"count":0,"href":"https:\/\/www.europesays.com\/fr\/wp-json\/wp\/v2\/posts\/311061\/revisions"}],"wp:featuredmedia":[{"embeddable":true,"href":"https:\/\/www.europesays.com\/fr\/wp-json\/wp\/v2\/media\/311062"}],"wp:attachment":[{"href":"https:\/\/www.europesays.com\/fr\/wp-json\/wp\/v2\/media?parent=311061"}],"wp:term":[{"taxonomy":"category","embeddable":true,"href":"https:\/\/www.europesays.com\/fr\/wp-json\/wp\/v2\/categories?post=311061"},{"taxonomy":"post_tag","embeddable":true,"href":"https:\/\/www.europesays.com\/fr\/wp-json\/wp\/v2\/tags?post=311061"}],"curies":[{"name":"wp","href":"https:\/\/api.w.org\/{rel}","templated":true}]}}