{"id":311067,"date":"2025-08-11T07:25:11","date_gmt":"2025-08-11T07:25:11","guid":{"rendered":"https:\/\/www.europesays.com\/fr\/311067\/"},"modified":"2025-08-11T07:25:11","modified_gmt":"2025-08-11T07:25:11","slug":"leurope-ouvre-dans-le-vert-la-defense-encore-a-la-peine-11-08-2025-a-0918","status":"publish","type":"post","link":"https:\/\/www.europesays.com\/fr\/311067\/","title":{"rendered":"L&rsquo;Europe ouvre dans le vert, la d\u00e9fense encore \u00e0 la peine &#8211; 11\/08\/2025 \u00e0 09:18"},"content":{"rendered":"<p>\n Les principales Bourses europ\u00e9ennes<br \/>\navancent en d\u00e9but de s\u00e9ance lundi, alors que les march\u00e9s se<br \/>\npr\u00e9parent pour une semaine marqu\u00e9e par des n\u00e9gociations<br \/>\ncommerciales et internationales et la publication de donn\u00e9es<br \/>\ncruciales sur l&rsquo;inflation aux Etats-Unis.\n<\/p>\n<p>\n \u00c0 Paris, le CAC 40<br \/>\n <a href=\"https:\/\/www.boursorama.com\/cours\/1rPCAC\/\" rel=\"nofollow noopener\" target=\"_blank\"><br \/>\n  .FCHI<br \/>\n <\/a><br \/>\n gagne 0,11% \u00e0 7.751,75 points<br \/>\nvers 07h13 GMT. A Francfort, le Dax<br \/>\n <a href=\"https:\/\/www.boursorama.com\/cours\/5pDAX\/\" rel=\"nofollow noopener\" target=\"_blank\"><br \/>\n  .GDAXI<br \/>\n <\/a><br \/>\n avance de 0,17% et<br \/>\n\u00e0 Londres, le FTSE 100<br \/>\n <a href=\"https:\/\/www.boursorama.com\/cours\/UKX.L\/\" rel=\"nofollow noopener\" target=\"_blank\"><br \/>\n  .FTSE<br \/>\n <\/a><br \/>\n monte de 0,28%.\n<\/p>\n<p>\n L&rsquo;indice EuroStoxx 50<br \/>\n <a href=\"https:\/\/www.boursorama.com\/cours\/2cSX5E\/\" rel=\"nofollow noopener\" target=\"_blank\"><br \/>\n  .STOXX50E<br \/>\n <\/a><br \/>\n est en hausse de 0,25%, le<br \/>\nFTSEurofirst 300<br \/>\n <a href=\"https:\/\/www.boursorama.com\/cours\/3uE3X3760.L\/\" rel=\"nofollow noopener\" target=\"_blank\"><br \/>\n  .FTEU3<br \/>\n <\/a><br \/>\n gagne 0,35% et le Stoxx 600<br \/>\n <a href=\"https:\/\/www.boursorama.com\/cours\/2cSXXP\/\" rel=\"nofollow noopener\" target=\"_blank\"><br \/>\n  .STOXX<br \/>\n <\/a><br \/>\n avance de 0,32%.\n<\/p>\n<p>\n En ce d\u00e9but de semaine, les investisseurs attendent les<br \/>\nnouvelles du front commercial, tandis qu&rsquo;expire mardi la date<br \/>\nlimite fix\u00e9e par les \u00c9tats-Unis pour la mise en place de droits<br \/>\nde douane sur les produits chinois, bien qu&rsquo;une prolongation du<br \/>\nd\u00e9lai soit attendue.\n<\/p>\n<p>\n Par ailleurs, le pr\u00e9sident am\u00e9ricain Donald Trump et son<br \/>\nhomologue russe Vladimir Poutine doivent se rencontrer vendredi<br \/>\nen Alaska pour des n\u00e9gociations visant \u00e0 mettre fin \u00e0 la guerre<br \/>\nentre la Russie et l&rsquo;Ukraine.\n<\/p>\n<p>\n Apr\u00e8s avoir d\u00e9j\u00e0 recul\u00e9 vendredi \u00e0 l&rsquo;annonce d&rsquo;une rencontre<br \/>\nentre les deux dirigeants, le secteur de la d\u00e9fense en Europe<br \/>\nest encore \u00e0 la peine. Les entreprises allemandes Hensoldt\n<\/p>\n<p>\n <a href=\"https:\/\/www.boursorama.com\/cours\/1zHAG\/\" rel=\"nofollow noopener\" target=\"_blank\"><br \/>\n  HAGG.DE<br \/>\n <\/a><br \/>\n , Rheinmetall<br \/>\n <a href=\"https:\/\/www.boursorama.com\/cours\/1zRHM\/\" rel=\"nofollow noopener\" target=\"_blank\"><br \/>\n  RHMG.DE<br \/>\n <\/a><br \/>\n et Renk<br \/>\n <a href=\"https:\/\/www.boursorama.com\/cours\/1zR3NK\/\" rel=\"nofollow noopener\" target=\"_blank\"><br \/>\n  R3NK.DE<br \/>\n <\/a><br \/>\n chutent entre<br \/>\n3% et 5%. A Paris, Thales<br \/>\n <a href=\"https:\/\/www.boursorama.com\/cours\/1rPHO\/\" rel=\"nofollow noopener\" target=\"_blank\"><br \/>\n  TCFP.PA<br \/>\n <\/a><br \/>\n recule de 2,45%.\n<\/p>\n<p>\n Orsted  ORSTED.CO  abandonne 22,94% apr\u00e8s avoir annonc\u00e9<br \/>\nlundi son intention de proc\u00e9der \u00e0 une \u00e9mission de droits d&rsquo;une<br \/>\nvaleur de 60 milliards de couronnes (9,4 milliards de dollars),<br \/>\ninvoquant l&rsquo;\u00e9volution d\u00e9favorable du march\u00e9 \u00e9olien offshore aux<br \/>\n\u00c9tats-Unis.\n<\/p>\n<p>\n (R\u00e9dig\u00e9 par Mara Vilcu, \u00e9dit\u00e9 par Blandine H\u00e9nault)<\/p>\n","protected":false},"excerpt":{"rendered":"Les principales Bourses europ\u00e9ennes avancent en d\u00e9but de s\u00e9ance lundi, alors que les march\u00e9s se pr\u00e9parent pour une&hellip;\n","protected":false},"author":2,"featured_media":8061,"comment_status":"","ping_status":"","sticky":false,"template":"","format":"standard","meta":{"footnotes":""},"categories":[1586],"tags":[400,11,398,408,405,1777,674,1011,27,403,402,399,404,12,25,401,406,407],"class_list":{"0":"post-311067","1":"post","2":"type-post","3":"status-publish","4":"format-standard","5":"has-post-thumbnail","7":"category-europe","8":"tag-action-cac-40","9":"tag-actualites","10":"tag-bourse-de-paris","11":"tag-boursorama","12":"tag-cotations","13":"tag-eu","14":"tag-europe","15":"tag-fr","16":"tag-france","17":"tag-indices-devises","18":"tag-investir","19":"tag-investissement","20":"tag-marche-boursier","21":"tag-news","22":"tag-republique-francaise","23":"tag-sicav","24":"tag-trackers","25":"tag-warrants"},"share_on_mastodon":{"url":"https:\/\/pubeurope.com\/@fr\/115008944454084885","error":""},"_links":{"self":[{"href":"https:\/\/www.europesays.com\/fr\/wp-json\/wp\/v2\/posts\/311067","targetHints":{"allow":["GET"]}}],"collection":[{"href":"https:\/\/www.europesays.com\/fr\/wp-json\/wp\/v2\/posts"}],"about":[{"href":"https:\/\/www.europesays.com\/fr\/wp-json\/wp\/v2\/types\/post"}],"author":[{"embeddable":true,"href":"https:\/\/www.europesays.com\/fr\/wp-json\/wp\/v2\/users\/2"}],"replies":[{"embeddable":true,"href":"https:\/\/www.europesays.com\/fr\/wp-json\/wp\/v2\/comments?post=311067"}],"version-history":[{"count":0,"href":"https:\/\/www.europesays.com\/fr\/wp-json\/wp\/v2\/posts\/311067\/revisions"}],"wp:featuredmedia":[{"embeddable":true,"href":"https:\/\/www.europesays.com\/fr\/wp-json\/wp\/v2\/media\/8061"}],"wp:attachment":[{"href":"https:\/\/www.europesays.com\/fr\/wp-json\/wp\/v2\/media?parent=311067"}],"wp:term":[{"taxonomy":"category","embeddable":true,"href":"https:\/\/www.europesays.com\/fr\/wp-json\/wp\/v2\/categories?post=311067"},{"taxonomy":"post_tag","embeddable":true,"href":"https:\/\/www.europesays.com\/fr\/wp-json\/wp\/v2\/tags?post=311067"}],"curies":[{"name":"wp","href":"https:\/\/api.w.org\/{rel}","templated":true}]}}