{"id":311068,"date":"2025-08-11T07:26:13","date_gmt":"2025-08-11T07:26:13","guid":{"rendered":"https:\/\/www.europesays.com\/fr\/311068\/"},"modified":"2025-08-11T07:26:13","modified_gmt":"2025-08-11T07:26:13","slug":"europe-etats-unis-un-accord-qui-pourrait-encore-evoluer","status":"publish","type":"post","link":"https:\/\/www.europesays.com\/fr\/311068\/","title":{"rendered":"Europe-Etats-Unis: un accord qui pourrait encore \u00e9voluer"},"content":{"rendered":"<p>A l\u2019avenir, la plupart des exportations de l\u2019UE vers les Etats-Unis seront soumises \u00e0 un droit de douane plafonn\u00e9 \u00e0 15%, tandis que les importations am\u00e9ricaines dans l\u2019UE b\u00e9n\u00e9ficieront en grande partie d\u2019un taux de droit de douane de 0%.<\/p>\n<p>Les deux parties ont \u00e9galement convenu d\u2019appliquer des droits de douane \u00abz\u00e9ro pour z\u00e9ro\u00bb sur certains produits strat\u00e9giques, tels que les avions, des produits chimiques et des m\u00e9dicaments g\u00e9n\u00e9riques. Pour l\u2019industrie suisse, cet accord risque de s\u2019ajouter \u00e0 la liste des d\u00e9fis actuels, dans un contexte de demande d\u00e9j\u00e0 modeste en provenance de l\u2019UE et d\u2019un franc qui reste cher face \u00e0 l\u2019euro.<\/p>\n","protected":false},"excerpt":{"rendered":"A l\u2019avenir, la plupart des exportations de l\u2019UE vers les Etats-Unis seront soumises \u00e0 un droit de douane&hellip;\n","protected":false},"author":2,"featured_media":311069,"comment_status":"","ping_status":"","sticky":false,"template":"","format":"standard","meta":{"footnotes":""},"categories":[1586],"tags":[11,73,1777,674,1779,1011,27,1074,12,301,25,1778,364],"class_list":{"0":"post-311068","1":"post","2":"type-post","3":"status-publish","4":"format-standard","5":"has-post-thumbnail","7":"category-europe","8":"tag-actualites","9":"tag-etats-unis","10":"tag-eu","11":"tag-europe","12":"tag-european-union","13":"tag-fr","14":"tag-france","15":"tag-guerre-commerciale","16":"tag-news","17":"tag-premium","18":"tag-republique-francaise","19":"tag-ue","20":"tag-union-europeenne"},"share_on_mastodon":{"url":"https:\/\/pubeurope.com\/@fr\/115008948599852073","error":""},"_links":{"self":[{"href":"https:\/\/www.europesays.com\/fr\/wp-json\/wp\/v2\/posts\/311068","targetHints":{"allow":["GET"]}}],"collection":[{"href":"https:\/\/www.europesays.com\/fr\/wp-json\/wp\/v2\/posts"}],"about":[{"href":"https:\/\/www.europesays.com\/fr\/wp-json\/wp\/v2\/types\/post"}],"author":[{"embeddable":true,"href":"https:\/\/www.europesays.com\/fr\/wp-json\/wp\/v2\/users\/2"}],"replies":[{"embeddable":true,"href":"https:\/\/www.europesays.com\/fr\/wp-json\/wp\/v2\/comments?post=311068"}],"version-history":[{"count":0,"href":"https:\/\/www.europesays.com\/fr\/wp-json\/wp\/v2\/posts\/311068\/revisions"}],"wp:featuredmedia":[{"embeddable":true,"href":"https:\/\/www.europesays.com\/fr\/wp-json\/wp\/v2\/media\/311069"}],"wp:attachment":[{"href":"https:\/\/www.europesays.com\/fr\/wp-json\/wp\/v2\/media?parent=311068"}],"wp:term":[{"taxonomy":"category","embeddable":true,"href":"https:\/\/www.europesays.com\/fr\/wp-json\/wp\/v2\/categories?post=311068"},{"taxonomy":"post_tag","embeddable":true,"href":"https:\/\/www.europesays.com\/fr\/wp-json\/wp\/v2\/tags?post=311068"}],"curies":[{"name":"wp","href":"https:\/\/api.w.org\/{rel}","templated":true}]}}