{"id":311070,"date":"2025-08-11T07:27:11","date_gmt":"2025-08-11T07:27:11","guid":{"rendered":"https:\/\/www.europesays.com\/fr\/311070\/"},"modified":"2025-08-11T07:27:11","modified_gmt":"2025-08-11T07:27:11","slug":"pourquoi-le-choix-de-lalaska-pour-le-sommet-trump-poutine-est-une-victoire-de-la-propagande-russe","status":"publish","type":"post","link":"https:\/\/www.europesays.com\/fr\/311070\/","title":{"rendered":"Pourquoi le choix de l\u2019Alaska pour le sommet Trump-Poutine est une victoire de la propagande russe\u00a0?"},"content":{"rendered":"<p>La rencontre entre <a href=\"https:\/\/www.20minutes.fr\/monde\/vladimir_poutine\/\" target=\"_blank\" class=\"color-ultramarine c-link\" rel=\"noopener\">Vladimir Poutine<\/a> et <a href=\"https:\/\/www.20minutes.fr\/dossier\/donald_trump\" target=\"_blank\" class=\"color-ultramarine c-link\" rel=\"noopener\">Donald Trump<\/a> pr\u00e9vu le vendredi 15\u00a0ao\u00fbt est plus qu\u2019attendue et elle se d\u00e9roulera loin (tr\u00e8s loin) du continent europ\u00e9en, en Alaska. Simple co\u00efncidence ou localisation symbolique\u00a0? Au c\u0153ur du sommet organis\u00e9 dans l\u2019optique de mettre fin \u00e0 la <a href=\"https:\/\/www.20minutes.fr\/monde\/ukraine\/\" class=\"color-ultramarine c-link\" target=\"_blank\" rel=\"noopener\">guerre en Ukraine<\/a>, tout est question de territoire.<\/p>\n<p>\u00ab\u00a0La Russie et les \u00c9tats-Unis sont de proches voisins, partageant une fronti\u00e8re. Il semble tout \u00e0 fait logique [\u2026] qu\u2019un <a href=\"https:\/\/www.20minutes.fr\/monde\/ukraine\/4167303-20250809-guerre-ukraine-trump-annonce-rencontre-poutine-fera-15-aout-alaska\" target=\"_blank\" class=\"color-ultramarine c-link\" rel=\"noopener\">sommet aussi important<\/a> et tant attendu entre les dirigeants de nos deux pays se tienne pr\u00e9cis\u00e9ment en Alaska\u00a0\u00bb, a justifi\u00e9 Iouri Ouchakov, conseiller diplomatique du Kremlin cit\u00e9 par <a href=\"https:\/\/www.huffingtonpost.fr\/international\/video\/trump-et-poutine-doivent-se-rencontrer-en-alaska-mais-le-choix-de-ce-lieu-fait-debat-aux-etats-unis_253421.html\" target=\"_blank\" class=\"color-ultramarine c-link\" rel=\"noopener\">Le HuffPost<\/a>. \u00ab\u00a0L\u2019Alaska et l\u2019Arctique sont des r\u00e9gions o\u00f9 les int\u00e9r\u00eats \u00e9conomiques de nos pays se croisent, et il existe des perspectives claires de mise en \u0153uvre de projets \u00e0 grande \u00e9chelle, mutuellement b\u00e9n\u00e9fiques\u00a0\u00bb, a-t-il ajout\u00e9.<\/p>\n<p>En r\u00e9alit\u00e9 l\u2019emplacement a une port\u00e9e historique. Longtemps surnomm\u00e9 \u00ab\u00a0l\u2019Am\u00e9rique russe\u00a0\u00bb, le plus grand \u00c9tat des <a href=\"https:\/\/www.20minutes.fr\/monde\/etats-unis\/\" class=\"color-ultramarine c-link\" target=\"_blank\" rel=\"noopener\">Etats-Unis<\/a> a \u00e9t\u00e9 vendu par la Russie aux Am\u00e9ricains il y a 158 ans pour 7,2\u00a0millions de dollars. C\u2019est donc sur ces terres que le chef du Kremlin tentera d\u2019obtenir les parcelles ukrainiennes convoit\u00e9es par la <a href=\"https:\/\/www.20minutes.fr\/monde\/russie\/\" class=\"color-ultramarine c-link\" target=\"_blank\" rel=\"noopener\">Russie<\/a>.<\/p>\n<p>\u00ab\u00a0Il y aura des \u00e9changes de territoires\u00a0\u00bb<\/p>\n<p>Sur son r\u00e9seau social Truth Social, le pr\u00e9sident des Etats-Unis a affirm\u00e9 que cette rencontre serait l\u2019occasion d\u2019\u00e9change de territoires entre les deux nations. \u00ab\u00a0Nous allons restituer des territoires et nous allons en \u00e9changer. Il y aura des \u00e9changes de territoires au b\u00e9n\u00e9fice de chacun\u00a0\u00bb, a-t-il \u00e9crit vendredi.<\/p>\n<\/p>\n<p>De son c\u00f4t\u00e9, Vladimir Poutine \u00ab\u00a0lors d\u2019une r\u00e9union au Kremlin la semaine derni\u00e8re, a laiss\u00e9 l\u2019envoy\u00e9 sp\u00e9cial de Donald Trump, Steve Witkoff, avec l\u2019impression que la Russie \u00e9tait d\u00e9sormais dispos\u00e9e \u00e0 s\u2019engager dans des n\u00e9gociations sur la question territoriale\u00a0\u00bb, affirme des sources du <a href=\"https:\/\/www.nytimes.com\/2025\/08\/10\/world\/europe\/ukraine-trump-putin-summit.html\" target=\"_blank\" class=\"color-ultramarine c-link\" rel=\"noopener\">New York Times<\/a>.<\/p>\n<p>\u00ab\u00a0D\u00e9cisions mort-n\u00e9es\u00a0\u00bb<\/p>\n<p>Ces derniers mois les \u00e9changes entre les deux dirigeants se sont limit\u00e9s \u00e0 des appels t\u00e9l\u00e9phoniques. Le sommet du 15\u00a0ao\u00fbt sera le premier t\u00eate \u00e0 t\u00eate depuis juin\u00a02019 au Japon. Pour le pr\u00e9sident russe, fouler le sol am\u00e9ricain sera une premi\u00e8re depuis dix ans.<\/p>\n<p>Objectif atteint donc pour Vladimir Poutine\u00a0: obtenir un entretien seul \u00e0 seul avec Donald Trump sans la pr\u00e9sence de Volodymyr Zelensky, qui ne cesse pourtant d\u2019exiger d\u2019avoir voix au chapitre, ou d\u2019une quelconque <a href=\"https:\/\/www.20minutes.fr\/monde\/ukraine\/4167371-20250810-guerre-ukraine-europe-affiche-soutien-fort-zelensky-avant-sommet-entre-trump-poutine\" target=\"_blank\" class=\"color-ultramarine c-link\" rel=\"noopener\">gouvernance europ\u00e9enne<\/a>. \u00ab\u00a0Toute d\u00e9cision qui serait prise contre nous, toute d\u00e9cision qui serait prise sans l\u2019Ukraine, ce serait des d\u00e9cisions contre la paix. Ce sont des d\u00e9cisions mort-n\u00e9es. Elles sont irr\u00e9alisables\u00a0\u00bb, a ripost\u00e9 dans la foul\u00e9e le chef d\u2019\u00c9tat ukrainien sur X.<\/p>\n<blockquote class=\"twitter-tweet\" align=\"center\" data-lang=\"fr_FR\">\n<p lang=\"en\" dir=\"ltr\">Ukraine is ready for real decisions that can bring peace. Any decisions that are against us, any decisions that are without Ukraine, are at the same time decisions against peace. They will not achieve anything. These are stillborn decisions. They are unworkable decisions. And we\u2026 <a href=\"https:\/\/t.co\/JFg0rIeLzP\">pic.twitter.com\/JFg0rIeLzP<\/a><\/p>\n<p>\u2014 Volodymyr Zelenskyy \/ \u0412\u043e\u043b\u043e\u0434\u0438\u043c\u0438\u0440 \u0417\u0435\u043b\u0435\u043d\u0441\u044c\u043a\u0438\u0439 (@ZelenskyyUa) <a href=\"https:\/\/twitter.com\/ZelenskyyUa\/status\/1954063605453795361?ref_src=twsrc%5Etfw\" target=\"_blank\" rel=\"noopener\">August 9, 2025<\/a><\/p><\/blockquote>\n<p class=\"mb-xxl@xs color-ultramarine font-weight-semi-bold@xs font-source-serif-pro heading-s@xs\">L\u2019acc\u00e8s \u00e0 ce contenu a \u00e9t\u00e9 bloqu\u00e9 afin de respecter votre choix de consentement<\/p>\n<p class=\"mb-m@xs text-l@xs\">En cliquant sur\u00ab J\u2019accepte \u00bb, vous acceptez le d\u00e9p\u00f4t de cookies par des services externes et aurez ainsi acc\u00e8s aux contenus de nos partenaires.<\/p>\n<p class=\"mb-xl@xs text-s@xs\">Plus d\u2019informations sur la page<a href=\"https:\/\/www.20minutes.fr\/gestion-cookies\" class=\"mx-xxs@xs color-ultramarine\" target=\"_blank\" rel=\"noopener\">Politique de gestion des cookies<\/a><\/p>\n<p>J\u2019accepte<\/p>\n<p>Moscou r\u00e9clame que <a href=\"https:\/\/www.20minutes.fr\/monde\/4167330-20250809-sommet-trump-poutine-volodymyr-zelensky-previent-ukrainiens-abandonneront-terre\" target=\"_blank\" class=\"color-ultramarine c-link\" rel=\"noopener\">l\u2019Ukraine lui c\u00e8de quatre r\u00e9gions<\/a> partiellement occup\u00e9es (Donetsk, Lougansk, Zaporijjia et Kherson), en plus de la Crim\u00e9e annex\u00e9e en\u00a02014, et qu\u2019elle renonce aux livraisons d\u2019armes occidentales et \u00e0 toute adh\u00e9sion \u00e0 l\u2019Otan.<\/p>\n<p><a href=\"https:\/\/www.20minutes.fr\/monde\/ukraine\/\" target=\"_blank\" class=\"c-link c-btn c-btn--primary\" rel=\"noopener\">Les derni\u00e8res actus sur la guerre en Ukraine<\/a><\/p>\n<p>Des exigences inacceptables pour Kiev, qui veut le retrait des troupes russes de son territoire et des garanties de s\u00e9curit\u00e9 occidentales, dont la poursuite des livraisons d\u2019armes et le d\u00e9ploiement d\u2019un contingent europ\u00e9en, ce \u00e0 quoi s\u2019oppose la Russie. Le pr\u00e9sident am\u00e9ricain avait lanc\u00e9 un ultimatum \u00e0 la Russie la semaine derni\u00e8re &#8211; qui a expir\u00e9 vendredi &#8211; pour faire avancer les n\u00e9gociations avec Kiev, sous peine de nouvelles sanctions am\u00e9ricaines.<\/p>\n<p><script async src=\"https:\/\/platform.twitter.com\/widgets.js\" charset=\"utf-8\"><\/script><\/p>\n","protected":false},"excerpt":{"rendered":"La rencontre entre Vladimir Poutine et Donald Trump pr\u00e9vu le vendredi 15\u00a0ao\u00fbt est plus qu\u2019attendue et elle se&hellip;\n","protected":false},"author":2,"featured_media":311071,"comment_status":"","ping_status":"","sticky":false,"template":"","format":"standard","meta":{"footnotes":""},"categories":[2],"tags":[47,11,36796,312,75,73,1011,27,1146,131,74,12,25,132,135],"class_list":{"0":"post-311070","1":"post","2":"type-post","3":"status-publish","4":"format-standard","5":"has-post-thumbnail","7":"category-actualites","8":"tag-actualite","9":"tag-actualites","10":"tag-alaska","11":"tag-diplomatie","12":"tag-donald-trump","13":"tag-etats-unis","14":"tag-fr","15":"tag-france","16":"tag-guerre","17":"tag-guerre-en-ukraine","18":"tag-monde","19":"tag-news","20":"tag-republique-francaise","21":"tag-russie","22":"tag-vladimir-poutine"},"share_on_mastodon":{"url":"https:\/\/pubeurope.com\/@fr\/115008952397763122","error":""},"_links":{"self":[{"href":"https:\/\/www.europesays.com\/fr\/wp-json\/wp\/v2\/posts\/311070","targetHints":{"allow":["GET"]}}],"collection":[{"href":"https:\/\/www.europesays.com\/fr\/wp-json\/wp\/v2\/posts"}],"about":[{"href":"https:\/\/www.europesays.com\/fr\/wp-json\/wp\/v2\/types\/post"}],"author":[{"embeddable":true,"href":"https:\/\/www.europesays.com\/fr\/wp-json\/wp\/v2\/users\/2"}],"replies":[{"embeddable":true,"href":"https:\/\/www.europesays.com\/fr\/wp-json\/wp\/v2\/comments?post=311070"}],"version-history":[{"count":0,"href":"https:\/\/www.europesays.com\/fr\/wp-json\/wp\/v2\/posts\/311070\/revisions"}],"wp:featuredmedia":[{"embeddable":true,"href":"https:\/\/www.europesays.com\/fr\/wp-json\/wp\/v2\/media\/311071"}],"wp:attachment":[{"href":"https:\/\/www.europesays.com\/fr\/wp-json\/wp\/v2\/media?parent=311070"}],"wp:term":[{"taxonomy":"category","embeddable":true,"href":"https:\/\/www.europesays.com\/fr\/wp-json\/wp\/v2\/categories?post=311070"},{"taxonomy":"post_tag","embeddable":true,"href":"https:\/\/www.europesays.com\/fr\/wp-json\/wp\/v2\/tags?post=311070"}],"curies":[{"name":"wp","href":"https:\/\/api.w.org\/{rel}","templated":true}]}}