{"id":311078,"date":"2025-08-11T07:32:10","date_gmt":"2025-08-11T07:32:10","guid":{"rendered":"https:\/\/www.europesays.com\/fr\/311078\/"},"modified":"2025-08-11T07:32:10","modified_gmt":"2025-08-11T07:32:10","slug":"pro-d2-saga-valence-romans-on-a-retrouve-une-vraie-attitude-positive-valence-romans-vise-haut-sans-renier-son-identite","status":"publish","type":"post","link":"https:\/\/www.europesays.com\/fr\/311078\/","title":{"rendered":"Pro D2 \u2013 Saga Valence-Romans. \u00ab\u00a0On a retrouv\u00e9 une vraie attitude positive\u00a0\u00bb\u00a0: Valence-Romans vise haut sans renier son identit\u00e9"},"content":{"rendered":"<p>\n                Jusqu\u2019au 29\u00a0ao\u00fbt, date de reprise du Pro D2, Midi Olympique vous propose un tour d\u2019horizon des clubs professionnels engag\u00e9s en Top 14 et Pro D2. L\u2019analyse de l\u2019effectif, les \u00e9volutions et les ambitions pour la saison \u00e0 venir, l\u2019interview, le portrait de la recrue phare\u2026 Pour ne rien rater avant la reprise\u00a0! Aujourd\u2019hui, zoom sur Valence Romans Dr\u00f4me Rugby, qui, malgr\u00e9 les ambitions affich\u00e9es, ne veut pas perdre son identit\u00e9 tourn\u00e9e vers un jeu offensif.\n            <\/p>\n<p>Apr\u00e8s un exercice pr\u00e9c\u00e9dent en Pro D2 achev\u00e9 \u00e0 la huiti\u00e8me place, les hommes de Fabien Fortassin repartent en cette nouvelle saison dans une atmosph\u00e8re positive et ambitieuse. Embarqu\u00e9\u00a0dans le \u00ab\u00a0Projet Damiers 2029\u00a0\u00bb, le club se donne 3 saisons pour tutoyer les premi\u00e8res places de Pro D2. Un projet ambitieux, mais assum\u00e9.<\/p>\n<p><strong>Arriv\u00e9es\u00a0<\/strong>: Issam Hamel (talonneur, Brive), Sacha Idoumi (talonneur, Nice), Louis Chanet (pilier, pr\u00eat Castres), Tom Ross (pilier, Nice), Hugo Fabr\u00e8gue (deuxi\u00e8me ligne, Oyonnax), Louis Suaud (troisi\u00e8me ligne, Nice), Izaiha Moore-Aiono (troisi\u00e8me ligne, Castres), Osea Waqaninavatu (ailier, Tarbes), Calum Randle (arri\u00e8re, sans club).<\/p>\n<p><strong>D\u00e9parts\u00a0<\/strong>: Cyril Deligny (talonneur, Agen), Brice Humbert (talonneur, Bourgoin), Yassine Maamry (deuxi\u00e8me ligne, Tricastin), Eloi Massot (troisi\u00e8me ligne, RC Plages d\u2019ORB), Tim Menzel (demi de m\u00eal\u00e9e, Niort), Gauthier Minguillon (ailier, El Salvador), Adam Vargas (ailier, Castres), George Worth (arri\u00e8re, Bedford), Darren O\u2019Shea (deuxi\u00e8me ligne, retraite), Julien Royer (pilier), Otar Giorgadze (troisi\u00e8me ligne), Sven Girlando (troisi\u00e8me ligne), Charles Bouldoire (arri\u00e8re).<\/p>\n<ul>\n<li>\n\tLe joueur \u00e0 suivre\u00a0: Calum Randle, un profil atypique\n\t<\/li>\n<\/ul>\n<p><strong>Poste\u00a0: <\/strong>ailier<\/p>\n<p><strong>N\u00e9 le<\/strong>\u00a0: 18\u00a0janvier 2000<\/p>\n<p><strong>Taille\u00a0<\/strong>: 1,85\u00a0m<\/p>\n<p><strong>Poids\u00a0<\/strong>: 92\u00a0kg<\/p>\n<p>Parmi les nouveaux joueurs ayant rejoint les rangs de Valence-Romans \u00e0 l\u2019intersaison, figure Calum Randle. L\u2019ailier franco-britannique de 25 ans, qui a sign\u00e9 pour deux saisons, a un parcours atypique, ayant \u00e9volu\u00e9 au rugby \u00e0 7 et \u00e0 XV. C\u2019est un joueur dot\u00e9 d\u2019une belle pointe de vitesse, qui a \u00e9volu\u00e9 au Montpellier H\u00e9rault Rugby de 2018 \u00e0 2021, puis a rejoint l\u2019Australie, le club de Eastern Suburbs Sydney pour la saison 2023-2024. Il a aussi \u00e9t\u00e9 international, dans l\u2019\u00e9quipe de France de rugby \u00e0 7. \u00ab\u00a0L\u2019id\u00e9e c\u2019\u00e9tait d\u2019amener de la concurrence, amener des joueurs avec des profils diff\u00e9rents aussi. Nous voulions aussi compenser la perte d\u2019Adam Vargas, qui \u00e9tait un joueur avec beaucoup de volume de jeu, et beaucoup de mouvement. Et Calum coche toutes ces cases-l\u00e0. C\u2019est un septiste qui se d\u00e9place beaucoup, qui est un joueur de duel, qui va vite, qui a des appuis, qui est athl\u00e9tique. C\u2019est un beau gabarit qui en plus a la chance d\u2019\u00eatre Jiff malgr\u00e9 son statut franco-britannique. C\u2019est un joueur qui cherchait \u00e0 se relancer, qui \u00e9tait sorti un peu des radars. Il a quand m\u00eame fait son premier match de Top 14 \u00e0 18 ans \u00e0 Montpellier. On a discut\u00e9, \u00e7a paraissait un bon compromis pour venir justement chahuter un peu la hi\u00e9rarchie\u00a0\u00bb, indique Fabien Fortassin.<\/p>\n<p>Sa capacit\u00e9 de pouvoir \u00e9voluer \u00e9galement \u00e0 l\u2019arri\u00e8re est un avantage de plus qui devrait permettre \u00e0 Calum Randle de parvenir \u00e0 devenir un joueur cadre de l\u2019\u00e9quipe. Une t\u00e2che qui ne sera pas ais\u00e9e, car il faudra faire sa place au milieu des Owen Lane, Mosese Mawalu et Thomas Rozi\u00e8re, trois joueurs qui ont marqu\u00e9 la saison derni\u00e8re de leur empreinte.<\/p>\n<p><strong>Pr\u00e9sident de la SASP\u00a0:<\/strong> Laurent Beaugiraud<br \/><strong>Directeur g\u00e9n\u00e9ral SASP\u00a0: <\/strong>Adrien Ruiz<br \/><strong>Pr\u00e9sident de l\u2019association\u00a0:<\/strong> Jean-Pierre Cheval<br \/><strong>Secr\u00e9taire g\u00e9n\u00e9ral de l\u2019association\u00a0:<\/strong> Thomas Reynaud<br \/><strong>Budget de la SASP\u00a0:<\/strong> 9\u00a0millions d\u2019euros<br \/><strong>Principaux partenaires\u00a0:<\/strong> Valence, Romans, La Dr\u00f4me et la R\u00e9gion AURA, Villa Soleil, Groupe Cheval, BDA Distribution, La Dr\u00f4me, Koesio, Rampa, Ford \u2013 Groupe GRIM, Intermarch\u00e9, Prodeval, Alizon Groupe, Palfinger, Valence Romans Agglo<br \/><strong>\u00c9quipementier\u00a0: <\/strong>Eldera<br \/><strong>Contrats professionnels<\/strong>\u00a0<strong>: <\/strong>34<br \/><strong>Contrats espoirs\u00a0:<\/strong> 3<br \/><strong>Manager g\u00e9n\u00e9ral et entra\u00eeneur des arri\u00e8res\u00a0:<\/strong> Fabien Fortassin<br \/><strong>Directeur sportif\u00a0:<\/strong> Jonathan Wisniewski<br \/><strong>Entra\u00eeneurs des avants\u00a0:<\/strong> Scott Newlands, Romain Terrain<br \/><strong>Pr\u00e9parateurs physiques\u00a0: <\/strong>R\u00e9gis Lantheaume, Kilian Bernard, Roxan Bernard<br \/><strong>M\u00e9decins\u00a0: <\/strong>Agn\u00e8s Aillaud, Flavien Girard<br \/><strong>Kin\u00e9s\u00a0:<\/strong> Radoslav Spasov, Gautier Anselmi, Julien Rostang<br \/><strong>Ost\u00e9opathe\u00a0: <\/strong>Romain Soubeyrand<br \/><strong>Intendant\u00a0: <\/strong>G\u00e9rard Deygas<br \/><strong>Di\u00e9t\u00e9ticien\u00a0: <\/strong>Erwan Desrieux<br \/><strong>Analyste vid\u00e9o\u00a0:<\/strong> Donovan Gaillard<br \/><strong>Directeur du centre de formation\u00a0:<\/strong> St\u00e9phane V\u00e9r\u00e9<br \/><strong>Entra\u00eeneurs du centre de formatin\u00a0<\/strong><strong>: <\/strong>Nicolas Bouillet et Florent Taravello<\/p>\n","protected":false},"excerpt":{"rendered":"Jusqu\u2019au 29\u00a0ao\u00fbt, date de reprise du Pro D2, Midi Olympique vous propose un tour d\u2019horizon des clubs professionnels&hellip;\n","protected":false},"author":2,"featured_media":311079,"comment_status":"","ping_status":"","sticky":false,"template":"","format":"standard","meta":{"footnotes":""},"categories":[1416],"tags":[1011,27,479,1468,60],"class_list":{"0":"post-311078","1":"post","2":"type-post","3":"status-publish","4":"format-standard","5":"has-post-thumbnail","7":"category-rugby","8":"tag-fr","9":"tag-france","10":"tag-rugby","11":"tag-rugby-football","12":"tag-sports"},"share_on_mastodon":{"url":"https:\/\/pubeurope.com\/@fr\/115008971969925164","error":""},"_links":{"self":[{"href":"https:\/\/www.europesays.com\/fr\/wp-json\/wp\/v2\/posts\/311078","targetHints":{"allow":["GET"]}}],"collection":[{"href":"https:\/\/www.europesays.com\/fr\/wp-json\/wp\/v2\/posts"}],"about":[{"href":"https:\/\/www.europesays.com\/fr\/wp-json\/wp\/v2\/types\/post"}],"author":[{"embeddable":true,"href":"https:\/\/www.europesays.com\/fr\/wp-json\/wp\/v2\/users\/2"}],"replies":[{"embeddable":true,"href":"https:\/\/www.europesays.com\/fr\/wp-json\/wp\/v2\/comments?post=311078"}],"version-history":[{"count":0,"href":"https:\/\/www.europesays.com\/fr\/wp-json\/wp\/v2\/posts\/311078\/revisions"}],"wp:featuredmedia":[{"embeddable":true,"href":"https:\/\/www.europesays.com\/fr\/wp-json\/wp\/v2\/media\/311079"}],"wp:attachment":[{"href":"https:\/\/www.europesays.com\/fr\/wp-json\/wp\/v2\/media?parent=311078"}],"wp:term":[{"taxonomy":"category","embeddable":true,"href":"https:\/\/www.europesays.com\/fr\/wp-json\/wp\/v2\/categories?post=311078"},{"taxonomy":"post_tag","embeddable":true,"href":"https:\/\/www.europesays.com\/fr\/wp-json\/wp\/v2\/tags?post=311078"}],"curies":[{"name":"wp","href":"https:\/\/api.w.org\/{rel}","templated":true}]}}