{"id":311080,"date":"2025-08-11T07:33:10","date_gmt":"2025-08-11T07:33:10","guid":{"rendered":"https:\/\/www.europesays.com\/fr\/311080\/"},"modified":"2025-08-11T07:33:10","modified_gmt":"2025-08-11T07:33:10","slug":"fin-de-parcours-pour-garcia-cazaux-et-royer-a-cincinnati-joli-succes-pour-gracheva","status":"publish","type":"post","link":"https:\/\/www.europesays.com\/fr\/311080\/","title":{"rendered":"fin de parcours pour Garcia, Cazaux et Royer \u00e0 Cincinnati, joli succ\u00e8s pour Gracheva"},"content":{"rendered":"<p>La nuit derni\u00e8re a \u00e9t\u00e9 difficile pour les Fran\u00e7ais sur le dur am\u00e9ricain. Seule Varvara Gracheva s\u2019est qualifi\u00e9e pour le tour suivant, Caroline Garcia, Arthur Cazaux et Valentin Royer ont \u00e9t\u00e9 \u00e9limin\u00e9s.<\/p>\n<p class=\"fig-paragraph\">La marche \u00e9tait (un peu) trop haute pour\u00a0<a href=\"http:\/\/www.lefigaro.fr\/sports\/tennis\/elle-veut-du-yaourt-confusion-totale-entre-caroline-garcia-et-une-ramasseuse-de-balle-20250810\" target=\"_blank\" data-fig-type=\"NewsFlash\" rel=\"noopener\" data-gtm-custom-categorie=\"navigation\" data-gtm-custom-action=\"crossclick\" data-gtm-custom-label=\"Contextuel\" data-gtm-event=\"customEventSPE\" data-fig-domain=\"LEFIGARO\">Caroline Garcia<\/a>. La Fran\u00e7aise, qui arr\u00eatera le tennis en fin de saison, a \u00e9t\u00e9 \u00e9limin\u00e9e au 2e tour du tournoi WTA 1000 de Cincinnati par la Tch\u00e8que Karolina Muchova 7-6 (7\/3), 7-6 (7\/0) dimanche. Garcia, ex-N.4 mondiale, aujourd&rsquo;hui 200e au classement de la WTA, dispute \u00e0 31 ans ses derni\u00e8res semaines sur le circuit.<\/p>\n<p class=\"fig-paragraph\">En pause depuis Roland-Garros, elle avait renou\u00e9 avec la victoire face \u00e0 la Britannique Sonay Kartal au premier tour \u00e0 Cincinnati, un tournoi o\u00f9 elle avait r\u00e9ussi l&rsquo;exploit de soulever le troph\u00e9e en sortant des qualifications en 2022. Dimanche, elle n&rsquo;a pas pu r\u00e9sister \u00e0 la Tch\u00e8que \u00e2g\u00e9e de 28 ans, 14e mondiale, c\u00e9dant lors des deux tie-breaks.<\/p>\n<p>                                    <a class=\"fig-a11y-skip a11y-hidden\" href=\"#fig-a11y-skip-main-inarticle\"><br \/>\n        Passer la publicit\u00e9<br \/>\n    <\/a><\/p>\n<p class=\"fig-paragraph\">Garcia a sauv\u00e9 trois balles de match sur son service \u00e0 4-5 dans la deuxi\u00e8me manche, mais a rat\u00e9 le jeu d\u00e9cisif. La Fran\u00e7aise doit ensuite disputer l&rsquo;US Open (24 ao\u00fbt &#8211; 7 septembre), o\u00f9 elle avait atteint les demi-finales en 2022.<\/p>\n<p>Gracheva s\u2019offre Kenin, c\u2019est termin\u00e9 pour Royer et Cazaux<\/p>\n<p class=\"fig-paragraph\">Derni\u00e8re tricolore en lice du tableau f\u00e9minin dans l&rsquo;Ohio, Varvara Gracheva (25 ans, 103e) a, elle, r\u00e9ussi \u00e0 s&rsquo;imposer face \u00e0 l&rsquo;Am\u00e9ricaine Sofia Kenin (26 ans, 29e) 6-7 (7\/9), 6-3, 6-3 et affrontera Muchova au 3e tour.<\/p>\n<p class=\"fig-paragraph\">Dans le tableau masculin, Arthur Cazaux, qui a b\u00e9n\u00e9fici\u00e9 du forfait d&rsquo;Arthur Fils, a \u00e9t\u00e9 battu par l&rsquo;Am\u00e9ricain Jenson Brooksby 7-5, 6-1.<\/p>\n<p class=\"fig-paragraph\">Valentin Royer (24 ans, 104e) a lui offert une belle r\u00e9sistance, mais a fini par c\u00e9der face au Russe Karen Khachanov (29 ans, 12e), finaliste du Masters 1000 de Toronto jeudi et vainqueur 6-4, 7-6 (8\/6). Royer s&rsquo;est procur\u00e9, en vain, une balle de set dans la 2e manche.<\/p>\n","protected":false},"excerpt":{"rendered":"La nuit derni\u00e8re a \u00e9t\u00e9 difficile pour les Fran\u00e7ais sur le dur am\u00e9ricain. Seule Varvara Gracheva s\u2019est qualifi\u00e9e&hellip;\n","protected":false},"author":2,"featured_media":311081,"comment_status":"","ping_status":"","sticky":false,"template":"","format":"standard","meta":{"footnotes":""},"categories":[1415],"tags":[9290,45113,1011,27,60,1467],"class_list":{"0":"post-311080","1":"post","2":"type-post","3":"status-publish","4":"format-standard","5":"has-post-thumbnail","7":"category-tennis","8":"tag-caroline-garcia","9":"tag-cincinnati","10":"tag-fr","11":"tag-france","12":"tag-sports","13":"tag-tennis"},"share_on_mastodon":{"url":"https:\/\/pubeurope.com\/@fr\/115008975885228296","error":""},"_links":{"self":[{"href":"https:\/\/www.europesays.com\/fr\/wp-json\/wp\/v2\/posts\/311080","targetHints":{"allow":["GET"]}}],"collection":[{"href":"https:\/\/www.europesays.com\/fr\/wp-json\/wp\/v2\/posts"}],"about":[{"href":"https:\/\/www.europesays.com\/fr\/wp-json\/wp\/v2\/types\/post"}],"author":[{"embeddable":true,"href":"https:\/\/www.europesays.com\/fr\/wp-json\/wp\/v2\/users\/2"}],"replies":[{"embeddable":true,"href":"https:\/\/www.europesays.com\/fr\/wp-json\/wp\/v2\/comments?post=311080"}],"version-history":[{"count":0,"href":"https:\/\/www.europesays.com\/fr\/wp-json\/wp\/v2\/posts\/311080\/revisions"}],"wp:featuredmedia":[{"embeddable":true,"href":"https:\/\/www.europesays.com\/fr\/wp-json\/wp\/v2\/media\/311081"}],"wp:attachment":[{"href":"https:\/\/www.europesays.com\/fr\/wp-json\/wp\/v2\/media?parent=311080"}],"wp:term":[{"taxonomy":"category","embeddable":true,"href":"https:\/\/www.europesays.com\/fr\/wp-json\/wp\/v2\/categories?post=311080"},{"taxonomy":"post_tag","embeddable":true,"href":"https:\/\/www.europesays.com\/fr\/wp-json\/wp\/v2\/tags?post=311080"}],"curies":[{"name":"wp","href":"https:\/\/api.w.org\/{rel}","templated":true}]}}