{"id":311082,"date":"2025-08-11T07:35:13","date_gmt":"2025-08-11T07:35:13","guid":{"rendered":"https:\/\/www.europesays.com\/fr\/311082\/"},"modified":"2025-08-11T07:35:13","modified_gmt":"2025-08-11T07:35:13","slug":"quartararo-ne-veut-pas-etre-escroque-financierement-le-francais-evoque-avec-fracas-son-avenir","status":"publish","type":"post","link":"https:\/\/www.europesays.com\/fr\/311082\/","title":{"rendered":"Quartararo ne veut pas \u00eatre escroqu\u00e9 financi\u00e8rement, le Fran\u00e7ais \u00e9voque avec fracas son avenir"},"content":{"rendered":"<p>Fabio Quartararo commence \u00e0 n&rsquo;en plus pouvoir de ne rien gagner et il a donc \u00e9voqu\u00e9 la question de son avenir. Sous contrat avec Yamaha jusqu&rsquo;en 2027, le champion du monde 2021 a fait savoir qu&rsquo;il n&rsquo;exclut pas un d\u00e9part de Yamaha dans deux ans. Alors qu&rsquo;il s&rsquo;\u00e9tait montr\u00e9 tr\u00e8s enthousiaste envers l&rsquo;avenir de Yamaha au moment de renouveler son contrat en avril 2024, El Diablo commence \u00e0 \u00eatre plus sceptique aujourd&rsquo;hui. Yamaha se trouve d\u00e9sormais \u00e0 la derni\u00e8re place du championnat des constructeurs, derri\u00e8re son rival Honda et Quartararo n&rsquo;exclut donc pas de s&rsquo;en aller en 2027.<\/p>\n<p>Quartararo \u00e9voque son avenir avec fracas<\/p>\n<p>Dans des propos repris par Paddock GP, El Diablo a parl\u00e9 de son futur, alors qu&rsquo;il lui a \u00e9t\u00e9 demand\u00e9 s\u2019il suivrait les traces de Marc Marquez, qui a rompu son contrat avec Honda pour rejoindre Ducati en renon\u00e7ant \u00e0 des millions d\u2019euros. Mais le Fran\u00e7ais a bien fait savoir que pour son futur, il va privil\u00e9gier l&rsquo;aspect sportif, m\u00eame s&rsquo;il ne veut pas se faire avoir financi\u00e8rement. \u00ab\u00a0On verra, mais pour finir, je privil\u00e9gie toujours la performance sportive, mais il ne faut pas qu\u2019ils vous escroquent financi\u00e8rement. \u00c0 l\u2019avenir, je privil\u00e9gierai la performance sportive\u00a0\u00bb, a d\u00e9clar\u00e9 Quartararo, qui avait \u00e9t\u00e9 tanc\u00e9 au moment de son renouvellement de contrat avec Yamaha. Les fans avaient assur\u00e9 qu&rsquo;il avait choisi l&rsquo;argent plut\u00f4t que la performance.<\/p>\n<p>Le Ni\u00e7ois est encore revenu sur ce sujet et a mis les choses au clair en vue de son futur, assurant qu&rsquo;il ne veut plus se faire avoir sur le c\u00f4t\u00e9 sportif. \u00ab\u00a0Ce n\u2019\u00e9tait pas seulement pour l\u2019argent mais aussi pour le projet. Mais pour l\u2019avenir, je ne veux pas un projet, je veux une moto qui est pr\u00eate, sur laquelle je monte et sur laquelle d\u00e8s la premi\u00e8re course je peux me battre pour gagner\u00a0\u00bb, a indiqu\u00e9 Quartararo, qui met encore la pression \u00e0 Yamaha&#8230;<\/p>\n<p>    Partagez cette info avec vos amis et vos proches en cliquant ici  <\/p>\n<p> Podcasts \u00e0 la une MEN LIFE <\/p>\n<p>    Pour r\u00e9sumer<\/p>\n<p>Fabio Quartararo commence \u00e0 n&rsquo;en plus pouvoir de ne rien gagner et il a donc \u00e9voqu\u00e9 la question de son avenir. Sous contrat avec Yamaha jusqu&rsquo;en 2027, le champion du monde 2021 a fait savoir qu&rsquo;il n&rsquo;exclut pas un d\u00e9part de Yamaha dans deux ans.<\/p>\n<p>R\u00e9dacteur<\/p>\n<p><img decoding=\"async\" width=\"76\" height=\"76\" loading=\"lazy\" src=\"https:\/\/www.europesays.com\/fr\/wp-content\/uploads\/2025\/04\/logo-victor-willems.jpg\" alt=\"Victor Willems\"\/><\/p>\n","protected":false},"excerpt":{"rendered":"Fabio Quartararo commence \u00e0 n&rsquo;en plus pouvoir de ne rien gagner et il a donc \u00e9voqu\u00e9 la question&hellip;\n","protected":false},"author":2,"featured_media":311083,"comment_status":"","ping_status":"","sticky":false,"template":"","format":"standard","meta":{"footnotes":""},"categories":[1413],"tags":[1011,27,1457,1456,60],"class_list":{"0":"post-311082","1":"post","2":"type-post","3":"status-publish","4":"format-standard","5":"has-post-thumbnail","7":"category-moto","8":"tag-fr","9":"tag-france","10":"tag-moto","11":"tag-motocycle","12":"tag-sports"},"share_on_mastodon":{"url":"https:\/\/pubeurope.com\/@fr\/115008983906949470","error":""},"_links":{"self":[{"href":"https:\/\/www.europesays.com\/fr\/wp-json\/wp\/v2\/posts\/311082","targetHints":{"allow":["GET"]}}],"collection":[{"href":"https:\/\/www.europesays.com\/fr\/wp-json\/wp\/v2\/posts"}],"about":[{"href":"https:\/\/www.europesays.com\/fr\/wp-json\/wp\/v2\/types\/post"}],"author":[{"embeddable":true,"href":"https:\/\/www.europesays.com\/fr\/wp-json\/wp\/v2\/users\/2"}],"replies":[{"embeddable":true,"href":"https:\/\/www.europesays.com\/fr\/wp-json\/wp\/v2\/comments?post=311082"}],"version-history":[{"count":0,"href":"https:\/\/www.europesays.com\/fr\/wp-json\/wp\/v2\/posts\/311082\/revisions"}],"wp:featuredmedia":[{"embeddable":true,"href":"https:\/\/www.europesays.com\/fr\/wp-json\/wp\/v2\/media\/311083"}],"wp:attachment":[{"href":"https:\/\/www.europesays.com\/fr\/wp-json\/wp\/v2\/media?parent=311082"}],"wp:term":[{"taxonomy":"category","embeddable":true,"href":"https:\/\/www.europesays.com\/fr\/wp-json\/wp\/v2\/categories?post=311082"},{"taxonomy":"post_tag","embeddable":true,"href":"https:\/\/www.europesays.com\/fr\/wp-json\/wp\/v2\/tags?post=311082"}],"curies":[{"name":"wp","href":"https:\/\/api.w.org\/{rel}","templated":true}]}}