{"id":311084,"date":"2025-08-11T07:36:10","date_gmt":"2025-08-11T07:36:10","guid":{"rendered":"https:\/\/www.europesays.com\/fr\/311084\/"},"modified":"2025-08-11T07:36:10","modified_gmt":"2025-08-11T07:36:10","slug":"toto-wolff-et-mercedes-annoncent-un-duel-avec-ferrari-en-2026","status":"publish","type":"post","link":"https:\/\/www.europesays.com\/fr\/311084\/","title":{"rendered":"Toto Wolff et Mercedes annoncent un duel avec Ferrari en 2026"},"content":{"rendered":"<p><strong>Dans l&rsquo;ombre de McLaren en cette saison 2025 de Formule 1, Ferrari et Mercedes aimeraient retrouver un peu de lumi\u00e8re d\u00e8s l&rsquo;an prochain. Pour Toto Wolff, le boss des fl\u00e8ches d&rsquo;argent, c&rsquo;est un sc\u00e9nario aussi envisageable qu&rsquo;excitant. <\/strong><\/p>\n<p>Avec pr\u00e8s de 300 points d&rsquo;avance sur la concurrence, <strong>McLaren <\/strong>a mis neuf phalanges sur le titre de champion du monde des constructeurs 2025 de <a href=\"https:\/\/wesportfr.com\/auto-moto\/formule1\/\" rel=\"nofollow noopener\" target=\"_blank\">Formule 1<\/a>. Il faut dire qu&rsquo;Oscar Piastri et Lando Norris ont d\u00e9j\u00e0 remport\u00e9 11 des 14 premi\u00e8res courses de la saison, et que leur domination est sans partage, ou presque. <\/p>\n<p>Derri\u00e8re, Ferrari, Mercedes ou encore Red Bull ne peuvent que constater les d\u00e9g\u00e2ts. La nouvelle r\u00e8glementation concernant les motorisations, qui entrera en vigueur en 2026, devrait quelque peu rebattre les cartes. Quadruple champion du monde de F1 en titre, Max Verstappen, qui s&rsquo;appr\u00eate \u00e0 perdre sa couronne, entend bien la r\u00e9cup\u00e9rer au plus vite. Mais la concurrence s&rsquo;annonce tr\u00e8s dense. <\/p>\n<p><strong>\u00c0 lire aussi \u2013<\/strong> <a href=\"https:\/\/wesportfr.com\/f1-je-parierais-sur-lavenir-schumacher-pousse-ferrari-a-limoger-hamilton\/\" rel=\"nofollow noopener\" target=\"_blank\">F1 \u201cJe parierais sur l\u2019avenir\u201d, Schumacher pousse Ferrari \u00e0 limoger Hamilton<\/a><\/p>\n<p>Toto Wolff attend beaucoup de Ferrari et\u2026 Fernando Alonso<\/p>\n<p>Interrog\u00e9 par la Gazzetta dello Sport, Toto Wolff, l&#8217;embl\u00e9matique directeur de chez Mercedes, a commenc\u00e9 \u00e0 livrer quelques pr\u00e9dictions sur la saison \u00e0 venir : \u201cJe m&rsquo;attends \u00e0 ce que Ferrari soit tr\u00e8s comp\u00e9titive en 2026. En revanche, Honda a d\u00e9montr\u00e9 sa force ces derniers temps. J&rsquo;attends beaucoup d&rsquo;eux dans leur partenariat avec Aston Martin. Il y a aussi Red Bull avec ses nouveaux moteurs, et Audi\u2026 Tout le monde veut \u00eatre pr\u00eat et comp\u00e9titif, et nous verrons qui a le mieux perform\u00e9.\u201c<\/p>\n<p>Puis, l&rsquo;ex-pilote autrichien a pr\u00e9cis\u00e9 sa pens\u00e9e : \u201cVoir Ferrari affronter Mercedes serait merveilleux. Un classique. Et puis Lewis (Hamilton, NDLR) et Charles (Leclerc) contre Kimi (Antonelli)<strong> et George<\/strong> (Russell), un d\u00e9fi incroyable. Un pilote italien contre une voiture italienne\u00a0: vous imaginez\u00a0? Je suis convaincu que ce duel aura lieu, l&rsquo;ann\u00e9e prochaine ou \u00e0 l&rsquo;avenir. Nous le vivrons et ce sera formidable.\u201d Toto Wolff, roi des pronostics ? <\/p>\n<p><strong>\u00c0 lire aussi \u2013<\/strong> <a href=\"https:\/\/wesportfr.com\/f1-hadjar-hamilton-schumacher-la-silly-season-bat-deja-son-plein\/\" rel=\"nofollow noopener\" target=\"_blank\">F1 : Hadjar, Hamilton, Schumacher\u2026 la silly season bat d\u00e9j\u00e0 son plein<\/a><\/p>\n","protected":false},"excerpt":{"rendered":"Dans l&rsquo;ombre de McLaren en cette saison 2025 de Formule 1, Ferrari et Mercedes aimeraient retrouver un peu&hellip;\n","protected":false},"author":2,"featured_media":311085,"comment_status":"","ping_status":"","sticky":false,"template":"","format":"standard","meta":{"footnotes":""},"categories":[1412],"tags":[1451,1452,1453,1454,1455,1011,27,60],"class_list":{"0":"post-311084","1":"post","2":"type-post","3":"status-publish","4":"format-standard","5":"has-post-thumbnail","7":"category-f1","8":"tag-f1","9":"tag-formula-1","10":"tag-formula1","11":"tag-formule-1","12":"tag-formule1","13":"tag-fr","14":"tag-france","15":"tag-sports"},"share_on_mastodon":{"url":"https:\/\/pubeurope.com\/@fr\/115008988014397569","error":""},"_links":{"self":[{"href":"https:\/\/www.europesays.com\/fr\/wp-json\/wp\/v2\/posts\/311084","targetHints":{"allow":["GET"]}}],"collection":[{"href":"https:\/\/www.europesays.com\/fr\/wp-json\/wp\/v2\/posts"}],"about":[{"href":"https:\/\/www.europesays.com\/fr\/wp-json\/wp\/v2\/types\/post"}],"author":[{"embeddable":true,"href":"https:\/\/www.europesays.com\/fr\/wp-json\/wp\/v2\/users\/2"}],"replies":[{"embeddable":true,"href":"https:\/\/www.europesays.com\/fr\/wp-json\/wp\/v2\/comments?post=311084"}],"version-history":[{"count":0,"href":"https:\/\/www.europesays.com\/fr\/wp-json\/wp\/v2\/posts\/311084\/revisions"}],"wp:featuredmedia":[{"embeddable":true,"href":"https:\/\/www.europesays.com\/fr\/wp-json\/wp\/v2\/media\/311085"}],"wp:attachment":[{"href":"https:\/\/www.europesays.com\/fr\/wp-json\/wp\/v2\/media?parent=311084"}],"wp:term":[{"taxonomy":"category","embeddable":true,"href":"https:\/\/www.europesays.com\/fr\/wp-json\/wp\/v2\/categories?post=311084"},{"taxonomy":"post_tag","embeddable":true,"href":"https:\/\/www.europesays.com\/fr\/wp-json\/wp\/v2\/tags?post=311084"}],"curies":[{"name":"wp","href":"https:\/\/api.w.org\/{rel}","templated":true}]}}