{"id":311086,"date":"2025-08-11T07:37:17","date_gmt":"2025-08-11T07:37:17","guid":{"rendered":"https:\/\/www.europesays.com\/fr\/311086\/"},"modified":"2025-08-11T07:37:17","modified_gmt":"2025-08-11T07:37:17","slug":"les-10-favoris-de-la-vuelta-2025-%f0%9f%87%aa%f0%9f%87%b8","status":"publish","type":"post","link":"https:\/\/www.europesays.com\/fr\/311086\/","title":{"rendered":"Les 10 favoris de La Vuelta 2025 \ud83c\uddea\ud83c\uddf8"},"content":{"rendered":"<p class=\"pQuHl TfvTg z3yvg logrL\" dir=\"auto\" id=\"viewer-foo\"><strong style=\"font-weight:700\">Jonas Vingegaard, Juan Ayuso ou Joao Almeida : pr\u00e9sentation des 10 favoris de la Vuelta 2025, qui aura lieu du 23 ao\u00fbt au 14 septembre. Qui pour succ\u00e9der \u00e0 Primoz Roglic, quadruple vainqueur de l&rsquo;\u00e9preuve?<\/strong><\/p>\n<p><img decoding=\"async\" src=\"https:\/\/www.europesays.com\/fr\/wp-content\/uploads\/2025\/08\/adfbb0_963c5537801847a29a6223246ae86314~mv2.jpg\" alt=\"Les 10 favoris de La Vuelta 2025 \ud83c\uddea\ud83c\uddf8\" style=\"width:100%;height:100%;object-fit:cover;object-position:50% 50%;max-width:100%\" data-pin-url=\"https:\/\/www.velofute.com\/post\/les-10-favoris-de-la-vuelta-2025\" data-pin-media=\"https:\/\/static.wixstatic.com\/media\/adfbb0_963c5537801847a29a6223246ae86314~mv2.jpg\/v1\/fill\/w_1600,h_900,al_c,q_85\/adfbb0_963c5537801847a29a6223246ae86314~mv2.jpg\" draggable=\"false\"\/><\/p>\n<p class=\"pQuHl TfvTg z3yvg logrL\" dir=\"auto\" id=\"viewer-88s0j4755\">Le Tour d&rsquo;Espagne est le dernier GT de la saison. L&rsquo;occasion pour beaucoup de sauver leur saison, retrouver le sourire ou m\u00eame un contrat. C&rsquo;est donc tout naturellement que de nombreux leaders sont au d\u00e9part, offrant ainsi une liste de favoris tr\u00e8s dense en qualit\u00e9. Pr\u00e9sentation de nos 10 favoris de la Vuelta 2025.<\/p>\n<p><strong style=\"font-weight:700\">Les 10 favoris de La Vuelta 2025 \ud83c\uddea\ud83c\uddf8<\/strong><\/p>\n<p><img decoding=\"async\" src=\"https:\/\/www.europesays.com\/fr\/wp-content\/uploads\/2025\/08\/adfbb0_452638eeb838434b908d1e9ee8a08650~mv2.jpg\" alt=\"10 - David Gaudu \ud83c\uddeb\ud83c\uddf7 - Groupama FDJ\" style=\"width:100%;height:100%;object-fit:cover;object-position:50% 50%;max-width:100%\" data-pin-url=\"https:\/\/www.velofute.com\/post\/les-10-favoris-de-la-vuelta-2025\" data-pin-media=\"https:\/\/static.wixstatic.com\/media\/adfbb0_452638eeb838434b908d1e9ee8a08650~mv2.jpg\/v1\/fill\/w_1500,h_500,al_c,q_85\/adfbb0_452638eeb838434b908d1e9ee8a08650~mv2.jpg\" draggable=\"false\"\/><\/p>\n<p><strong style=\"font-weight:700\">10 &#8211; David Gaudu <\/strong>\ud83c\uddeb\ud83c\uddf7 &#8211;<strong style=\"font-weight:700\"> Groupama FDJ<\/strong><\/p>\n<p class=\"pQuHl TfvTg z3yvg logrL\" dir=\"auto\" id=\"viewer-98gr6278321\">Sa pr\u00e9sence dans les 10 favoris va faire parler mais il faut se rappeler o\u00f9 \u00e9tait David Gaudu en 2024. Nul part. Et pourtant, apr\u00e8s un d\u00e9but de Vuelta difficile, il est mont\u00e9 en puissance jusqu&rsquo;\u00e0 faire partie des meilleurs grimpeurs de la course les derniers jours. Cette fois, il a pu reprendre sur le Tour de l&rsquo;Ain. Il \u00e9tait certes loin d&rsquo;un niveau correct mais Gaudu peut avoir souvent des \u00e9carts de niveau tr\u00e8s importants en quelques semaines. Il lui reste 15 jours pour peaufiner sa forme d&rsquo;autan que la montagne n&rsquo;arrivera pas avant le 6e jour de course. De quoi monter en puissance. On sait qu&rsquo;il en est capable, puisqu&rsquo;il l&rsquo;a fait il y a \u00e0 peine un an. Et il avait termin\u00e9 6e du Tour d&rsquo;Espagne.<\/p>\n<p><img decoding=\"async\" src=\"https:\/\/www.europesays.com\/fr\/wp-content\/uploads\/2025\/08\/adfbb0_3511c39d3584494482f9e90e71bb1e7e~mv2.jpg\" alt=\"9 - Felix Gall \ud83c\udde6\ud83c\uddf9 - Decathlon AG2R\" style=\"width:100%;height:100%;object-fit:cover;object-position:50% 50%;max-width:100%\" data-pin-url=\"https:\/\/www.velofute.com\/post\/les-10-favoris-de-la-vuelta-2025\" data-pin-media=\"https:\/\/static.wixstatic.com\/media\/adfbb0_3511c39d3584494482f9e90e71bb1e7e~mv2.jpg\/v1\/fill\/w_1500,h_500,al_c,q_85\/adfbb0_3511c39d3584494482f9e90e71bb1e7e~mv2.jpg\" draggable=\"false\"\/><\/p>\n<p><strong style=\"font-weight:700\">9 &#8211; Felix Gall <\/strong>\ud83c\udde6\ud83c\uddf9 <strong style=\"font-weight:700\">&#8211; Decathlon AG2R<\/strong><\/p>\n<p class=\"pQuHl TfvTg z3yvg logrL\" dir=\"auto\" id=\"viewer-54ifo238074\">5e du Tour de France 2025, Felix Gall est dans la meilleure forme de sa carri\u00e8re. Le grimpeur autrichien a fait de gros progr\u00e8s dans sa gestion des \u00e9tapes de transition et a encore progress\u00e9 en montagne. La montagne justement, il y en aura sur le Tour d&rsquo;Espagne 2025, pas qu&rsquo;un peu et cette fois-ci, il n&rsquo;aura pas \u00e0 travailler pour Ben O&rsquo;Connor, parti vers d&rsquo;autres horizons. Son style de p\u00e9dalage, o\u00f9 il moulinne \u00e9norm\u00e9ment, est parfaitement adapt\u00e9 \u00e0 la Vuelta. Reste \u00e0 voir maintenant s\u2019il sera capable d&rsquo;enchainer au haut niveau deux GT d&rsquo;affil\u00e9e, ce qu&rsquo;il n&rsquo;a encore jamais fait. D&rsquo;autant plus qu&rsquo;il a d\u00e9j\u00e0 55 jours de courses, ce qui est beaucoup. Peut-\u00eatre trop.<\/p>\n<p><img decoding=\"async\" src=\"https:\/\/www.europesays.com\/fr\/wp-content\/uploads\/2025\/08\/adfbb0_4b9c7f8a0732481e99648cb38a3b1565~mv2.jpg\" alt=\"8 - Jai Hindley \ud83c\udde6\ud83c\uddfa - RedBull Bora hansgrohe\" style=\"width:100%;height:100%;object-fit:cover;object-position:50% 50%;max-width:100%\" data-pin-url=\"https:\/\/www.velofute.com\/post\/les-10-favoris-de-la-vuelta-2025\" data-pin-media=\"https:\/\/static.wixstatic.com\/media\/adfbb0_4b9c7f8a0732481e99648cb38a3b1565~mv2.jpg\/v1\/fill\/w_1500,h_500,al_c,q_85\/adfbb0_4b9c7f8a0732481e99648cb38a3b1565~mv2.jpg\" draggable=\"false\"\/><\/p>\n<p><strong style=\"font-weight:700\">8 &#8211; Jai Hindley <\/strong>\ud83c\udde6\ud83c\uddfa <strong style=\"font-weight:700\">&#8211; RedBull Bora hansgrohe<\/strong><\/p>\n<p class=\"pQuHl TfvTg z3yvg logrL\" dir=\"auto\" id=\"viewer-1vuui195370\">Certains croient beaucoup en lui, d&rsquo;autres beaucoup moins. C&rsquo;est un coureur qui divise mais de notre c\u00f4t\u00e9, on n\u2019oublie pas son potentiel et sa capacit\u00e9 \u00e0 bien cibler ses objectifs. Son abandon pr\u00e9coce sur le Giro ne nous a pas laiss\u00e9 entrevoir son vrai niveau en 2025, mais ses courses de pr\u00e9paration \u00e9taient solides sans \u00eatre incroyables, soit ce qui donne souvent un bon Hindley en GT. Enfin, solide jusqu&rsquo;\u00e0 ce Tour de Burgos compliqu\u00e9, o\u00f9 il finit loin de la t\u00eate. A l&rsquo;instar d&rsquo;un Gaudu l&rsquo;an dernier, l&rsquo;Australien sera sans doute un peu limite les premiers jours mais pourrait monter en puissance. Attention cependant, s\u2019il n&rsquo;est pas vite \u00e0 la hauteur, il se fera prendre son statut de leader par Guilio Pellizzari, qui semble lui pr\u00eat \u00e0 prendre le leadership. Sans \u00eatre exceptionnel, l&rsquo;Italien a fait un bon Tour de Burgos et a montr\u00e9 qu&rsquo;il sera pr\u00eat pour la Vuelta 2025.<\/p>\n<p><img decoding=\"async\" src=\"https:\/\/www.europesays.com\/fr\/wp-content\/uploads\/2025\/08\/adfbb0_be690e41286f43908f7e5392d9a2a290~mv2.jpg\" alt=\"7 - Mikel Landa \u00a0\ud83c\uddea\ud83c\uddf8 - Soudal Quick Step\" style=\"width:100%;height:100%;object-fit:cover;object-position:50% 50%;max-width:100%\" data-pin-url=\"https:\/\/www.velofute.com\/post\/les-10-favoris-de-la-vuelta-2025\" data-pin-media=\"https:\/\/static.wixstatic.com\/media\/adfbb0_be690e41286f43908f7e5392d9a2a290~mv2.jpg\/v1\/fill\/w_1500,h_500,al_c,q_85\/adfbb0_be690e41286f43908f7e5392d9a2a290~mv2.jpg\" draggable=\"false\"\/><\/p>\n<p><strong style=\"font-weight:700\">7 &#8211; Mikel Landa \u00a0\ud83c\uddea\ud83c\uddf8 &#8211; Soudal Quick Step<\/strong><\/p>\n<p class=\"pQuHl TfvTg z3yvg logrL\" dir=\"auto\" id=\"viewer-p4g05171047\">Certains trouveront qu&rsquo;il est plac\u00e9 trop bas dans la hi\u00e9rarchie mais ce choix s&rsquo;explique par sa lourde chute du Tour d&rsquo;Italie, qui lui a valu plusieurs semaines de convalescence. S\u2019il a repris sur le Tour de Burgos, il n&rsquo;\u00e9tait pas transcendant, ce qui est logique. S\u2019il devrait monter en puissance au cours des 3 semaines de course, on pense qu&rsquo;il aura quelques difficult\u00e9s au d\u00e9part qui pourraient annihiler ses chances pour le podium, mais pas pour un top 10. Son gros avantage, c&rsquo;est qu&rsquo;avec 21 jours de course, il sera frais. Au top, Landa serait 4e de notre liste. L\u00e0, il faudra \u00eatre un petit peu patient probablement.<\/p>\n<p><img decoding=\"async\" src=\"https:\/\/www.europesays.com\/fr\/wp-content\/uploads\/2025\/08\/adfbb0_24d239738811420a86a4b7cde4544cf7~mv2.jpg\" alt=\"6 - Antonio Tiberi \ud83c\uddee\ud83c\uddf9 - Bahrain Victorious\" style=\"width:100%;height:100%;object-fit:cover;object-position:50% 50%;max-width:100%\" data-pin-url=\"https:\/\/www.velofute.com\/post\/les-10-favoris-de-la-vuelta-2025\" data-pin-media=\"https:\/\/static.wixstatic.com\/media\/adfbb0_24d239738811420a86a4b7cde4544cf7~mv2.jpg\/v1\/fill\/w_1500,h_500,al_c,q_85\/adfbb0_24d239738811420a86a4b7cde4544cf7~mv2.jpg\" draggable=\"false\"\/><\/p>\n<p><strong style=\"font-weight:700\">6 &#8211; Antonio Tiberi <\/strong>\ud83c\uddee\ud83c\uddf9 <strong style=\"font-weight:700\">&#8211; Bahrain Victorious<\/strong><\/p>\n<p class=\"pQuHl TfvTg z3yvg logrL\" dir=\"auto\" id=\"viewer-7wy9i123052\">En lutte pour le podium sur le Giro 2025, Antonio Tiberi a chut\u00e9 plusieurs fois, sonnant le glas de ses espoirs au classement g\u00e9n\u00e9ral. Il finit \u00e0 une anonyme 17e place apr\u00e8s avoir termin\u00e9 4e la saison pass\u00e9e. Il compte donc se rattraper sur le Tour d&rsquo;Espagne, d&rsquo;autant qu&rsquo;il avait d\u00fb quitter la course l&rsquo;an dernier et reste donc sur un go\u00fbt d&rsquo;inachev\u00e9 sur la course espagnole. S\u2019il est l&rsquo;un des meilleurs rouleurs, le peu de chrono ne le favorise pas. Il n&#8217;emp\u00eache que m\u00eame si il manque d&rsquo;explosivit\u00e9, il reste un grimpeur solide, qui s&rsquo;accommode \u00e0 tout type de pentes. L&rsquo;an dernier, avant son abandon, il sortait d&rsquo;une belle 4e place au sommet dont les derniers kilom\u00e8tres \u00e9taient \u00e0 9,5% de moyenne. On s&rsquo;attend donc \u00e0 ce qu&rsquo;il soit dans le coup, surtout qu&rsquo;il sort d&rsquo;un bon Tour de Pologne.<\/p>\n<p><img decoding=\"async\" src=\"https:\/\/www.europesays.com\/fr\/wp-content\/uploads\/2025\/08\/adfbb0_e85ec52c52224323afd30f034833d148~mv2.jpg\" alt=\"5 - Egan Bernal \ud83c\udde8\ud83c\uddf4 - Ineos Grenadiers\" style=\"width:100%;height:100%;object-fit:cover;object-position:50% 50%;max-width:100%\" data-pin-url=\"https:\/\/www.velofute.com\/post\/les-10-favoris-de-la-vuelta-2025\" data-pin-media=\"https:\/\/static.wixstatic.com\/media\/adfbb0_e85ec52c52224323afd30f034833d148~mv2.jpg\/v1\/fill\/w_1500,h_500,al_c,q_85\/adfbb0_e85ec52c52224323afd30f034833d148~mv2.jpg\" draggable=\"false\"\/><\/p>\n<p><strong style=\"font-weight:700\">5 &#8211; Egan Bernal <\/strong>\ud83c\udde8\ud83c\uddf4 <strong style=\"font-weight:700\">&#8211; Ineos Grenadiers<\/strong><\/p>\n<p class=\"pQuHl TfvTg z3yvg logrL\" dir=\"auto\" id=\"viewer-whukh163896\">7e du Tour d&rsquo;Italie, Egan Bernal s&rsquo;attaque \u00e0 son ultime r\u00eave, le Tour d&rsquo;Espagne, seul Grand Tour qu&rsquo;il n&rsquo;a pas gagn\u00e9. Sa position au g\u00e9n\u00e9ral du Giro ne refl\u00e8te pas pour nous son niveau. C&rsquo;\u00e9tait le coureur le plus offensif et il a tent\u00e9, s\u00fbrement trop, et a fini par y laisser trop de forces. Mais ce sont surtout ses chutes qui ont eu raison de ses ambitions. Alors, on se dit qu&rsquo;avec plus de r\u00e9ussite, le Colombien a les moyens de r\u00e9aliser de belles choses. Il sera oblig\u00e9 d&rsquo;\u00eatre plus mesur\u00e9 puisque le parcours n&rsquo;offre pas vraiment d&rsquo;opportunit\u00e9s de loin, du moins en haute montagne. Sur les \u00e9tapes vallonn\u00e9es, il y a une ou deux possibilit\u00e9s. Enfin, son Tour de Burgos a \u00e9t\u00e9 correct. Pas au niveau des Del Toro et Ciccone mais en m\u00eame temps, rien ne presse, la Vuelta n&rsquo;est que 15 jours plus tard et les choses s\u00e9rieuses encore plus loin.<\/p>\n<p><img decoding=\"async\" src=\"https:\/\/www.europesays.com\/fr\/wp-content\/uploads\/2025\/08\/adfbb0_2e60ff5c74c04fe487f0169e2e5d961b~mv2.jpg\" alt=\"4 - Giulio Ciccone \ud83c\uddee\ud83c\uddf9 - Lidl Trek\" style=\"width:100%;height:100%;object-fit:cover;object-position:50% 50%;max-width:100%\" data-pin-url=\"https:\/\/www.velofute.com\/post\/les-10-favoris-de-la-vuelta-2025\" data-pin-media=\"https:\/\/static.wixstatic.com\/media\/adfbb0_2e60ff5c74c04fe487f0169e2e5d961b~mv2.jpg\/v1\/fill\/w_1500,h_500,al_c,q_85\/adfbb0_2e60ff5c74c04fe487f0169e2e5d961b~mv2.jpg\" draggable=\"false\"\/><\/p>\n<p><strong style=\"font-weight:700\">4 &#8211; Giulio Ciccone <\/strong>\ud83c\uddee\ud83c\uddf9<strong style=\"font-weight:700\"> &#8211; Lidl Trek<\/strong><\/p>\n<p class=\"pQuHl TfvTg z3yvg logrL\" dir=\"auto\" id=\"viewer-fmxv8136051\">La logique voudrait que le 4e soit Carapaz, c&rsquo;est d&rsquo;ailleurs le choix des Bookmakers mais pas le notre, on vous explique pourquoi en dessous. Nous, on a choisi Giulio Ciccone. C&rsquo;est tr\u00e8s os\u00e9 pour un coureur qui n&rsquo;a jamais fait de top 10 au CG. Mais l&rsquo;Italien n&rsquo;a pas eu de chance et on se dit que cette Vuelta a des allures de revanche. Avec son punch, sa r\u00e9sistance et son endurance qui lui ont permis r\u00e9cemment de finir 3e du Tour de Lombardie et de remporter la Clasica San Sebastian, on pense qu&rsquo;il peut enfin r\u00e9aliser un grand Tour d&rsquo;Espagne, avec en plus une victoire d&rsquo;\u00e9tape \u00e0 la cl\u00e9.<\/p>\n<p><img decoding=\"async\" src=\"https:\/\/www.europesays.com\/fr\/wp-content\/uploads\/2025\/08\/adfbb0_fa58836de852435a8b9146654a3e5a55~mv2.jpg\" alt=\"3 - Joao Almeida \ud83c\uddf5\ud83c\uddf9 - UAE Team Emirates\" style=\"width:100%;height:100%;object-fit:cover;object-position:50% 50%;max-width:100%\" data-pin-url=\"https:\/\/www.velofute.com\/post\/les-10-favoris-de-la-vuelta-2025\" data-pin-media=\"https:\/\/static.wixstatic.com\/media\/adfbb0_fa58836de852435a8b9146654a3e5a55~mv2.jpg\/v1\/fill\/w_1500,h_500,al_c,q_85\/adfbb0_fa58836de852435a8b9146654a3e5a55~mv2.jpg\" draggable=\"false\"\/><\/p>\n<p><strong style=\"font-weight:700\">3 &#8211; Joao Almeida <\/strong>\ud83c\uddf5\ud83c\uddf9 <strong style=\"font-weight:700\">&#8211; UAE Team Emirates<\/strong><\/p>\n<p class=\"pQuHl TfvTg z3yvg logrL\" dir=\"auto\" id=\"viewer-i2lpr72574\">Auteur d&rsquo;une saison excellente avec une victoire sur trois courses par \u00e9tape World Tour (Catalogne, Romandie. Suisse), Joao Almeida est l&rsquo;un des coureurs les plus fiables du peloton. Il sublime le mot \u00ab\u00a0gestion\u00a0\u00bb comme rarement dans les mont\u00e9es et fait partie des meilleurs grimpeurs du peloton. Cependant, les ascensions espagnoles ne lui conviennent pas parfaitement. Tr\u00e8s explosives, il faut parfois partir tr\u00e8s fort d\u00e8s le pied, surtout quand les mont\u00e9es sont courtes. Un retard \u00e0 l&rsquo;allumage peut lui jouer des tours. Par ailleurs, on n\u2019est pas sans savoir qu&rsquo;il a abandonn\u00e9 le Tour de France sur chute et qu&rsquo;on ne sait pas vraiment o\u00f9 il se situe. Un petit point d&rsquo;interrogation qui fait qu&rsquo;on lui pr\u00e9f\u00e8re son \u00e9quipier Ayuso pour la 2e place.<\/p>\n<p><img decoding=\"async\" src=\"https:\/\/www.europesays.com\/fr\/wp-content\/uploads\/2025\/08\/adfbb0_4ffbf4a3643c47feb2741697c3d54b6f~mv2.jpg\" alt=\"2 - Juan Ayuso \ud83c\uddea\ud83c\uddf8 - UAE Team Emirates\" style=\"width:100%;height:100%;object-fit:cover;object-position:50% 50%;max-width:100%\" data-pin-url=\"https:\/\/www.velofute.com\/post\/les-10-favoris-de-la-vuelta-2025\" data-pin-media=\"https:\/\/static.wixstatic.com\/media\/adfbb0_4ffbf4a3643c47feb2741697c3d54b6f~mv2.jpg\/v1\/fill\/w_1500,h_500,al_c,q_85\/adfbb0_4ffbf4a3643c47feb2741697c3d54b6f~mv2.jpg\" draggable=\"false\"\/><\/p>\n<p><strong style=\"font-weight:700\">2 &#8211; Juan Ayuso \ud83c\uddea\ud83c\uddf8 &#8211; UAE Team Emirates<\/strong><\/p>\n<p class=\"pQuHl TfvTg z3yvg logrL\" dir=\"auto\" id=\"viewer-pdnah72612\">Pourquoi choisir Juan Ayuso plut\u00f4t que Joao Almeida ? La question m\u00e9rite d&rsquo;\u00eatre pos\u00e9e car la saison du Portugais est excellente. Mais on croit tout simplement plus en l&rsquo;Espagnol, qui sera chez lui. Il n&rsquo;a jamais fait pire que 4e alors qu&rsquo;il n&rsquo;a que 22 ans. Il joue gros, <a target=\"_blank\" href=\"https:\/\/www.velofute.com\/post\/juan-ayuso-sur-le-d%C3%A9part-quelle-est-l-%C3%A9quipe-id%C3%A9ale-pour-l-espagnol-movistar\" rel=\"noopener noreferrer nofollow\" class=\"OHs8- IyRpB\" data-hook=\"web-link\">puisqu&rsquo;il aurait manifest\u00e9 des envies de d\u00e9part <\/a>et ne doit pas se rater. Il est un meilleur rouleur m\u00eame si il aura peu d&rsquo;occasions de le prouver et on pense qu&rsquo;il est plus adapt\u00e9 aux mont\u00e9es espagnoles. Il a tout de m\u00eame de l&rsquo;explosivit\u00e9 qui pourrait lui permettre de prendre des bonifications l\u00e0 o\u00f9 Almeida devra \u00eatre beaucoup plus fort pour les obtenir. On n\u2019est pas inqui\u00e9t\u00e9 par sa Clasica San Sebastian. Il reprenait toujours et devait relancer la machine. \u00c7a allait mieux d\u00e9j\u00e0 le lendemain m\u00eame si ce n&rsquo;\u00e9tait pas la m\u00eame adversit\u00e9.<\/p>\n<p><img decoding=\"async\" src=\"https:\/\/www.europesays.com\/fr\/wp-content\/uploads\/2025\/08\/adfbb0_1b52919878b1411d8e29659461ac8433~mv2.jpg\" alt=\"1 - Jonas Vingegaard \ud83c\udde9\ud83c\uddf0 - Visma Lease a Bike\" style=\"width:100%;height:100%;object-fit:cover;object-position:50% 50%;max-width:100%\" data-pin-url=\"https:\/\/www.velofute.com\/post\/les-10-favoris-de-la-vuelta-2025\" data-pin-media=\"https:\/\/static.wixstatic.com\/media\/adfbb0_1b52919878b1411d8e29659461ac8433~mv2.jpg\/v1\/fill\/w_1500,h_500,al_c,q_85\/adfbb0_1b52919878b1411d8e29659461ac8433~mv2.jpg\" draggable=\"false\"\/><\/p>\n<p><strong style=\"font-weight:700\">1 &#8211; Jonas Vingegaard <\/strong>\ud83c\udde9\ud83c\uddf0<strong style=\"font-weight:700\"> &#8211; Visma Lease a Bike<\/strong><\/p>\n<p class=\"pQuHl TfvTg z3yvg logrL\" dir=\"auto\" id=\"viewer-rz6x751357\">Deuxi\u00e8me du Tour de France 2025, Jonas Vingegaard reste sur le papier un cran au-dessus de ses adversaires. M\u00eame si il n&rsquo;est pas au m\u00eame niveau que sur la course fran\u00e7aise, il est sup\u00e9rieur aux autres et ne devrait pas avoir \u00e0 jouer la carte d&rsquo;un \u00e9quipier comme en 2023, sauf si Matteo Jorgenson fait une Sepp Kuss mais vu son Tour, on a beaucoup de mal \u00e0 y croire, surtout sur les routes pentues d&rsquo;Espagne. En gros, le Danois est l&rsquo;immense favori mais va devoir faire face \u00e0 un duo Emiratis qui aura les crocs.<\/p>\n<p><strong style=\"font-weight:700\">Bonus : Thomas Pidcock \ud83c\uddec\ud83c\udde7 &#8211; Q36.5 Pro Cycling<\/strong><\/p>\n<p class=\"pQuHl TfvTg z3yvg logrL\" dir=\"auto\" id=\"viewer-1ri9z2610\">On le place en bonus car il reste toujours des incertitudes concernant Tom Pidcock mais \u00e0 l&rsquo;inverse du Tour d&rsquo;Italie, dans lequel il arrivait en fin de cycle, il a pu se reposer et pr\u00e9parer correctement le Tour d&rsquo;Espagne 2025. Il a montr\u00e9 sur l&rsquo;Arctic Race of Norway qu\u2019il avait des jambes plut\u00f4t bonnes, m\u00eame si ce n&rsquo;\u00e9tait pas de la montagne. Coureur explosif parmi les meilleurs puncheurs du monde, le Britannique a les aptitudes sur le papier pour briller sur la Vuelta. La question sera davantage de savoir si il est capable d&rsquo;encaisser les 10 \u00e9tapes de montagne qui l&rsquo;attendent au cours des trois semaines de course. Mais on ne serait pas \u00e9tonn\u00e9 qu&rsquo;il soit bien plac\u00e9 au g\u00e9n\u00e9ral, surtout \u00e0 la fin de la premi\u00e8re semaine. Un top 10 voire mieux est envisageable. Au pire, il pourra jouer une victoire d&rsquo;\u00e9tape.<\/p>\n<p class=\"pQuHl TfvTg z3yvg logrL\" dir=\"auto\" id=\"viewer-53u2t2623\"><strong style=\"font-weight:700\">A suivre aussi pour un top 10<\/strong> : Comment ? Vous n&rsquo;avez pas mis <strong style=\"font-weight:700\">Richard Carapaz<\/strong> ? 2e du Giro, on comprend que cela puisse choquer mais dans sa carri\u00e8re, l&rsquo;Equatorien n&rsquo;a jamais disput\u00e9 le classement g\u00e9n\u00e9ral de deux GT durant la m\u00eame saison. On s&rsquo;attend donc \u00e0 le voir un peu en-dessous et courir pour les \u00e9tapes et le maillot \u00e0 pois. <strong style=\"font-weight:700\">Ben Tulett<\/strong>, qui a pr\u00e9par\u00e9 sp\u00e9cifiquement la Vuelta et qui a montr\u00e9 de gros progr\u00e8s en montagne sur le Dauphin\u00e9. Son petit gabarit convient par ailleurs tr\u00e8s bien aux ascensions espagnoles. On croit presque plus en lui qu\u2019en <strong style=\"font-weight:700\">Matteo Jorgenson<\/strong>, qui sort fatigu\u00e9 d&rsquo;un Tour de France dans lequel il a d\u00e9\u00e7u. <strong style=\"font-weight:700\">Matthew Riccitello<\/strong> avait laiss\u00e9 entendre de belles promesses sur le Tour de Suisse et la Vuelta 2024 mais avait \u00e9t\u00e9 contraint \u00e0 l&rsquo;abandon. Cependant, tout porte \u00e0 croire que le leadership dans son \u00e9quipe sera attribu\u00e9 \u00e0 <strong style=\"font-weight:700\">Derek Gee.<\/strong> Le Canadien n&rsquo;a pas roul\u00e9 depuis le Tour d&rsquo;Italie et on ignore sa condition. Il pourrait plut\u00f4t viser les \u00e9tapes que le classement g\u00e9n\u00e9ral. Comme dit plus haut, <strong style=\"font-weight:700\">Guilio Pellizzari<\/strong> a d\u00fb en plus prendre le d\u00e9part du Tour d&rsquo;Italie alors qu&rsquo;il n&rsquo;\u00e9tait pas pr\u00e9vu. Comment encaissera t-il un 2e GT \u00e0 seulement 21 ans? Quoiqu&rsquo;il en soit, on le pense capable si besoin de prendre le relais de Jai Hindley, et un top 10 est envisageable, si il parvient \u00e0 encaisser.  Enfin, un  petit Astana pourrait sortir le bout de son nez. <strong style=\"font-weight:700\">Lorenzo Fortunato<\/strong>, qui va jouer le maillot \u00e0 pois, pourrait tr\u00e8s bien se retrouver dans le top 10 par la force des choses. Un petit mot sur <strong style=\"font-weight:700\">Max Poole,<\/strong> qui cherche a faire un bon classement g\u00e9n\u00e9ral depuis plusieurs ann\u00e9es mais qui passe souvent \u00e0 c\u00f4t\u00e9, par fois faute de chance. L&rsquo;Anglais s&rsquo;est d\u00e9j\u00e0 montr\u00e9 \u00e0 son aise sur les pentes espagnoles et peut viser le top 10. Il n&rsquo;est simplement pas le premier nom qu&rsquo;on cocherait. Enfin, quel <strong style=\"font-weight:700\">Guillaume Martin<\/strong> auront nous ? Celui du Dauphin\u00e9 qui \u00e9tait plut\u00f4t dans le coup ou celui du Tour de France, compl\u00e8tement \u00e0 c\u00f4t\u00e9? On esp\u00e8re voir le meilleur visage du fran\u00e7ais, qui partagera le leadership avec David Gaudu.<\/p>\n<p class=\"pQuHl TfvTg z3yvg logrL\" dir=\"auto\" id=\"viewer-5qqvl21442\">\u2b50\u2b50\u2b50\u2b50\u2b50 Jonas Vingegaard<\/p>\n<p class=\"pQuHl TfvTg z3yvg logrL\" dir=\"auto\" id=\"viewer-fltvd21602\">\u2b50\u2b50\u2b50\u2b50 Juan Ayuso &#8211; Joao Almeida<\/p>\n<p class=\"pQuHl TfvTg z3yvg logrL\" dir=\"auto\" id=\"viewer-9bqtg21741\">\u2b50\u2b50\u2b50 Giulio Ciccone &#8211; Jai Hindley &#8211; Egan Bernal &#8211; Antonio Tiberi <\/p>\n<p class=\"pQuHl TfvTg z3yvg logrL\" dir=\"auto\" id=\"viewer-82vlu21857\">\u2b50\u2b50 Mikel Landa &#8211; David Gaudu &#8211; Thomas Pidcock &#8211; Richard Carapaz &#8211; Felix Gall &#8211; Guilio Pellizzari<\/p>\n<p class=\"pQuHl TfvTg z3yvg logrL\" dir=\"auto\" id=\"viewer-4sss027835\">\u2b50 \u00a0Derek Gee &#8211; Ben Tulett &#8211; Matthew Riccitello &#8211; Eddie Dunbar &#8211; Leo Bisiaux &#8211; Guillaume Martin &#8211; Lorenzo Fortunato &#8211; Matteo Jorgenson &#8211; Max Poole<\/p>\n","protected":false},"excerpt":{"rendered":"Jonas Vingegaard, Juan Ayuso ou Joao Almeida : pr\u00e9sentation des 10 favoris de la Vuelta 2025, qui aura&hellip;\n","protected":false},"author":2,"featured_media":311087,"comment_status":"","ping_status":"","sticky":false,"template":"","format":"standard","meta":{"footnotes":""},"categories":[1411],"tags":[1154,207,1011,27,60],"class_list":{"0":"post-311086","1":"post","2":"type-post","3":"status-publish","4":"format-standard","5":"has-post-thumbnail","7":"category-cyclisme","8":"tag-cycling","9":"tag-cyclisme","10":"tag-fr","11":"tag-france","12":"tag-sports"},"share_on_mastodon":{"url":"https:\/\/pubeurope.com\/@fr\/115008991985225909","error":""},"_links":{"self":[{"href":"https:\/\/www.europesays.com\/fr\/wp-json\/wp\/v2\/posts\/311086","targetHints":{"allow":["GET"]}}],"collection":[{"href":"https:\/\/www.europesays.com\/fr\/wp-json\/wp\/v2\/posts"}],"about":[{"href":"https:\/\/www.europesays.com\/fr\/wp-json\/wp\/v2\/types\/post"}],"author":[{"embeddable":true,"href":"https:\/\/www.europesays.com\/fr\/wp-json\/wp\/v2\/users\/2"}],"replies":[{"embeddable":true,"href":"https:\/\/www.europesays.com\/fr\/wp-json\/wp\/v2\/comments?post=311086"}],"version-history":[{"count":0,"href":"https:\/\/www.europesays.com\/fr\/wp-json\/wp\/v2\/posts\/311086\/revisions"}],"wp:featuredmedia":[{"embeddable":true,"href":"https:\/\/www.europesays.com\/fr\/wp-json\/wp\/v2\/media\/311087"}],"wp:attachment":[{"href":"https:\/\/www.europesays.com\/fr\/wp-json\/wp\/v2\/media?parent=311086"}],"wp:term":[{"taxonomy":"category","embeddable":true,"href":"https:\/\/www.europesays.com\/fr\/wp-json\/wp\/v2\/categories?post=311086"},{"taxonomy":"post_tag","embeddable":true,"href":"https:\/\/www.europesays.com\/fr\/wp-json\/wp\/v2\/tags?post=311086"}],"curies":[{"name":"wp","href":"https:\/\/api.w.org\/{rel}","templated":true}]}}