{"id":311090,"date":"2025-08-11T07:39:12","date_gmt":"2025-08-11T07:39:12","guid":{"rendered":"https:\/\/www.europesays.com\/fr\/311090\/"},"modified":"2025-08-11T07:39:12","modified_gmt":"2025-08-11T07:39:12","slug":"la-star-de-la-tele-realite-paga-sous-le-choc-apres-des-accusations-de-viol","status":"publish","type":"post","link":"https:\/\/www.europesays.com\/fr\/311090\/","title":{"rendered":"La star de la t\u00e9l\u00e9-r\u00e9alit\u00e9 Paga \u00ab sous le choc \u00bb apr\u00e8s des accusations de viol"},"content":{"rendered":"<p class=\"mb-4 text-lg md:leading-8 break-words\">Anthony Paggini, surnomm\u00e9 \u00ab Paga \u00bb, est \u00ab scandalis\u00e9 par ce qu&rsquo;il vient de se passer \u00bb, a d\u00e9clar\u00e9 Me Margaux Mathieu, avocate du candidat de t\u00e9l\u00e9-r\u00e9alit\u00e9, aupr\u00e8s de <a data-i13n=\"cpos:1;pos:1\" href=\"https:\/\/www.laprovence.com\/article\/faits-divers-justice\/4700957445593714\/paga-est-sous-le-choc-de-ces-accusations-de-viol-infondees-la-defense-de-son-avocate-apres-la-levee-de-garde-a-vue\" rel=\"nofollow noopener\" target=\"_blank\" data-ylk=\"slk:La Provence;cpos:1;pos:1;elm:context_link;itc:0;sec:content-canvas\" class=\"link \">La Provence<\/a>. Connu pour sa participation \u00e0 <a data-i13n=\"cpos:2;pos:1\" href=\"https:\/\/www.lepoint.fr\/economie\/de-loft-story-aux-marseillais-20-ans-qui-ont-bouleverse-la-tele-28-04-2021-2424150_28.php\" rel=\"nofollow noopener\" target=\"_blank\" data-ylk=\"slk:l&#039;\u00e9mission Les Marseillais;cpos:2;pos:1;elm:context_link;itc:0;sec:content-canvas\" class=\"link \">l&rsquo;\u00e9mission Les Marseillais<\/a>, l&rsquo;homme \u00e2g\u00e9 de 36 ans est accus\u00e9 de viol par une jeune femme.<\/p>\n<p class=\"mb-4 text-lg md:leading-8 break-words\">Samedi 9 ao\u00fbt au matin, l&rsquo;influenceur a \u00e9t\u00e9 interpell\u00e9 sur la plage Casa Amor \u00e0 Ramatuelle (Var) et plac\u00e9 en garde \u00e0 vue. Plus t\u00f4t, Anthony Paggini avait post\u00e9 sur Instagram une photo de lui sur le lieu de son arrestation. Une plainte a \u00e9t\u00e9 d\u00e9pos\u00e9e contre lui pour viol \u00e0 Saint-Tropez (Var). La plaignante serait une jeune femme, \u00e2g\u00e9e d&rsquo;une vingtaine d&rsquo;ann\u00e9es, d&rsquo;apr\u00e8s <a data-i13n=\"cpos:3;pos:1\" href=\"https:\/\/www.varmatin.com\/faits-divers\/la-star-de-telerealite-paga-visee-pour-des-soupcons-de-viol-997515\" rel=\"nofollow noopener\" target=\"_blank\" data-ylk=\"slk:les informations de Var Matin;cpos:3;pos:1;elm:context_link;itc:0;sec:content-canvas\" class=\"link \">les informations de Var Matin<\/a>.<\/p>\n<p>Une enqu\u00eate en cours<\/p>\n<p class=\"mb-4 text-lg md:leading-8 break-words\">Le candidat de t\u00e9l\u00e9-r\u00e9alit\u00e9, qui est suivi par plus de 2 millions de personnes sur Instagram, a \u00e9t\u00e9 entendu plusieurs heures par les enqu\u00eateurs. En fin de journ\u00e9e, sa garde \u00e0 vue a \u00e9t\u00e9 lev\u00e9e, sans poursuite. L&rsquo;avocate du mis en cause d\u00e9ment les faits aupr\u00e8s de La Provence, et indique qu&rsquo;Anthony Paggini \u00ab a fait l&rsquo;objet d&rsquo;une accusation grave et totalement infond\u00e9e \u00bb. Me Margaux Mathieu pr\u00e9cise que \u00ab rien au dossier ne permet de remettre en cause \u00bb la parole de son client. Selon <a data-i13n=\"cpos:4;pos:1\" href=\"https:\/\/www.lefigaro.fr\/faits-divers\/saint-tropez-la-star-de-la-tele-realite-paga-en-garde-a-vue-pour-viol-20250809\" rel=\"nofollow noopener\" target=\"_blank\" data-ylk=\"slk:Le Figaro;cpos:4;pos:1;elm:context_link;itc:0;sec:content-canvas\" class=\"link \">Le Figaro<\/a>, un t\u00e9moin aurait affirm\u00e9 qu&rsquo;aucun viol n&rsquo;a \u00e9t\u00e9 commis.<\/p>\n<p class=\"mb-4 text-lg md:leading-8 break-words\">\u00ab La gravit\u00e9 des accusations a profond\u00e9ment choqu\u00e9 mon client et sa famille. M. Paggini est scandalis\u00e9 par ce qu&rsquo;il vient de se passer, a d\u00e9clar\u00e9 Ma\u00eetre Mathieu aupr\u00e8s du quotidien proven\u00e7al, il se r\u00e9serve le droit d [&#8230;] <a data-i13n=\"cpos:5;pos:1\" href=\"https:\/\/www.lepoint.fr\/societe\/la-star-de-la-tele-realite-paga-sous-le-choc-apres-des-accusations-de-viol-10-08-2025-2596079_23.php\" rel=\"nofollow noopener\" target=\"_blank\" data-ylk=\"slk:Lire la suite;cpos:5;pos:1;elm:context_link;itc:0;sec:content-canvas\" class=\"link \">Lire la suite<\/a><\/p>\n","protected":false},"excerpt":{"rendered":"Anthony Paggini, surnomm\u00e9 \u00ab Paga \u00bb, est \u00ab scandalis\u00e9 par ce qu&rsquo;il vient de se passer \u00bb, a&hellip;\n","protected":false},"author":2,"featured_media":311091,"comment_status":"","ping_status":"","sticky":false,"template":"","format":"standard","meta":{"footnotes":""},"categories":[1359],"tags":[45114,58,59,1011,27,38040,45115,973,682],"class_list":{"0":"post-311090","1":"post","2":"type-post","3":"status-publish","4":"format-standard","5":"has-post-thumbnail","7":"category-people","8":"tag-anthony-paggini","9":"tag-divertissement","10":"tag-entertainment","11":"tag-fr","12":"tag-france","13":"tag-la-provence","14":"tag-margaux-mathieu","15":"tag-people","16":"tag-tele-realite"},"share_on_mastodon":{"url":"https:\/\/pubeurope.com\/@fr\/115008999513239896","error":""},"_links":{"self":[{"href":"https:\/\/www.europesays.com\/fr\/wp-json\/wp\/v2\/posts\/311090","targetHints":{"allow":["GET"]}}],"collection":[{"href":"https:\/\/www.europesays.com\/fr\/wp-json\/wp\/v2\/posts"}],"about":[{"href":"https:\/\/www.europesays.com\/fr\/wp-json\/wp\/v2\/types\/post"}],"author":[{"embeddable":true,"href":"https:\/\/www.europesays.com\/fr\/wp-json\/wp\/v2\/users\/2"}],"replies":[{"embeddable":true,"href":"https:\/\/www.europesays.com\/fr\/wp-json\/wp\/v2\/comments?post=311090"}],"version-history":[{"count":0,"href":"https:\/\/www.europesays.com\/fr\/wp-json\/wp\/v2\/posts\/311090\/revisions"}],"wp:featuredmedia":[{"embeddable":true,"href":"https:\/\/www.europesays.com\/fr\/wp-json\/wp\/v2\/media\/311091"}],"wp:attachment":[{"href":"https:\/\/www.europesays.com\/fr\/wp-json\/wp\/v2\/media?parent=311090"}],"wp:term":[{"taxonomy":"category","embeddable":true,"href":"https:\/\/www.europesays.com\/fr\/wp-json\/wp\/v2\/categories?post=311090"},{"taxonomy":"post_tag","embeddable":true,"href":"https:\/\/www.europesays.com\/fr\/wp-json\/wp\/v2\/tags?post=311090"}],"curies":[{"name":"wp","href":"https:\/\/api.w.org\/{rel}","templated":true}]}}