{"id":311094,"date":"2025-08-11T07:41:10","date_gmt":"2025-08-11T07:41:10","guid":{"rendered":"https:\/\/www.europesays.com\/fr\/311094\/"},"modified":"2025-08-11T07:41:10","modified_gmt":"2025-08-11T07:41:10","slug":"lile-o-peter-balko","status":"publish","type":"post","link":"https:\/\/www.europesays.com\/fr\/311094\/","title":{"rendered":"L\u2019\u00eele \u00d8 &#8211; Peter Balko"},"content":{"rendered":"<p><a href=\"https:\/\/www.librairie-gallimard.com\/livre\/9791094936429-l-ile-peter-balko\/\" target=\"_blank\" rel=\"noopener\"><img loading=\"lazy\" decoding=\"async\" class=\"alignleft size-medium wp-image-234416\" src=\"https:\/\/www.europesays.com\/fr\/wp-content\/uploads\/2025\/08\/Balto-214x300.jpeg\" alt=\"\" width=\"214\" height=\"300\"  \/><\/a>Titre : L\u2019\u00eele \u00d8<br \/>Auteur : Peter Balko<br \/>Litt\u00e9rature slovaque<br \/>Titre original : \u00d8strov<br \/>Traducteur : Barbora Faure<br \/>Editeur : Bleu et Jaune<br \/>Nombre de pages : 240<br \/>Date de parution : 22 mai 2025<\/p>\n<p>\u00a0<\/p>\n<p>De p\u00e8re en fils<\/p>\n<p>Tichomir Baza, trente-trois ans est journaliste \u00e0 Bratislava. Huit ans plus t\u00f4t, en 2011, paraissait son premier recueil de nouvelles. Mais aujourd\u2019hui, ses nuits sont peupl\u00e9es de cauchemars. Il se souvient de son p\u00e8re, Jakub Raza, un \u00e9crivain renomm\u00e9. Sa trilogie, La maison silencieuse, a connu un vif succ\u00e8s. Mais Jakub a myst\u00e9rieusement disparu en 2010.<br \/>Ticho a pass\u00e9 son enfance avec son p\u00e8re, dans la maison bleue sur le plateau de Cerov. C\u2019est un lieu isol\u00e9, \u00ab une vaste terre couverte de for\u00eats feuillues, de volcans \u00e9teints et de plaines. \u00bb<br \/>Homme des bois, les cheveux hirsutes, le grand \u00e9crivain y recevait \u00a0ses ma\u00eetresses et buvait beaucoup.<\/p>\n<blockquote>\n<p>Toute ma vie, je me suis efforc\u00e9 de combler mon propre vide \u2013 par les femmes, l\u2019arrogance, l\u2019amertume, la boisson ou les objets que j\u2019ai tra\u00een\u00e9s dans la maison. Je pensais r\u00e9duire le trou noir en moi en remplissant l\u2019espace d\u2019objets.<br \/>Puis Roth est arriv\u00e9.<\/p>\n<\/blockquote>\n<p>Sur une table de travail install\u00e9e dehors, il \u00e9crivait inlassablement sur sa machine \u00e0 \u00e9crire Torpedo.<br \/>Et Ticho a h\u00e9rit\u00e9 du virus de la lecture et de l\u2019\u00e9criture. A l\u2019\u00e9cole, sa premi\u00e8re composition est remarqu\u00e9e. Mais lorsque son p\u00e8re la d\u00e9couvre, il devient furieux. Ticho, inspir\u00e9 par ses lectures, a \u00e9crit un texte fantastique.<\/p>\n<blockquote>\n<p>\u2013 L\u2019invention te tuera. Tiens-toi le plus loin possible de cette chienne, dit Papa entre ses dents serr\u00e9es, et il ajouta : Promets-le-moi.<\/p>\n<\/blockquote>\n<p>Les d\u00e9lires de l\u2019\u00e9crivain<\/p>\n<p>Alors, le p\u00e8re contraint le fils \u00e0 l\u2019observation du r\u00e9el. Mais lui-m\u00eame plonge dans la parano\u00efa. Souvent il se met \u00e0 parler avec Roth, le personnage de son roman. Puis, il se sent menac\u00e9 par un nain voleur de manuscrits et de machines \u00e0 \u00e9crire. Amput\u00e9 d\u2019une main apr\u00e8s un accident, le p\u00e8re est hant\u00e9 par l\u2019\u00eele \u00d8, un lieu o\u00f9 les feux follets emprisonnent des personnages de romans. Un lieu o\u00f9 le gouvernement produit ainsi de mauvais romans pour faire du chiffre d\u2019affaires.<br \/>Aussi devant les d\u00e9lires grandissants de son p\u00e8re, Ticho s\u2019\u00e9loigne.<\/p>\n<blockquote>\n<p>L\u2019ar\u00e8ne id\u00e9ale o\u00f9 il t\u2019\u00e9tait possible de provoquer ton p\u00e8re en duel \u00e9tait le papier vierge.<\/p>\n<\/blockquote>\n<p>Un r\u00e9cit multiple<\/p>\n<p>Mais l\u2019\u00e9crivain n\u2019est-il pas l\u00e0 pour voir ce que les autres ne per\u00e7oivent pas. Et comme un acteur investissant son personnage, ne confond-t-il pas ais\u00e9ment fiction et r\u00e9alit\u00e9. Avec une imagination d\u00e9bordante, <b>Peter Balko<\/b> brouille les fronti\u00e8res.<br \/>Ce qui commence comme un drame relationnel entre un p\u00e8re et son fils se poursuit ensuite en une course poursuite entre membres de l\u2019\u00eele \u00d8 et \u00e9crivains. Puis, suivant la qu\u00eate de Ticho, nous entrons dans la science-fiction.<br \/>Je ne suis pas une adepte de la fantasy. Mais l\u2019auteur cr\u00e9e un sc\u00e9nario original et le m\u00e8ne jusqu\u2019au d\u00e9nouement avec beaucoup de talent.<br \/>Et puis, les amateurs de litt\u00e9rature que nous sommes sont ici combl\u00e9s. Jakub partage sa passion de l\u2019\u00e9criture, d\u00e9crit le processus cr\u00e9ateur. Sous la plume d\u2019un bon \u00e9crivain tant de personnages prennent vie.<\/p>\n<p>Une plong\u00e9e addictive dans un univers entre r\u00e9alit\u00e9 et fiction. Une incroyable aventure dans le monde de la litt\u00e9rature. Un auteur passionn\u00e9 qui transmet avec une intensit\u00e9 virtuose son imaginaire.<\/p>\n<p>J\u2019aime \u00e7a\u00a0:<\/p>\n<p>J\u2019aime chargement\u2026<\/p>\n<p><a class=\"sd-link-color\"\/><\/p>\n<p>\n\tArticles similaires<\/p>\n","protected":false},"excerpt":{"rendered":"Titre : L\u2019\u00eele \u00d8Auteur : Peter BalkoLitt\u00e9rature slovaqueTitre original : \u00d8strovTraducteur : Barbora FaureEditeur : Bleu et JauneNombre&hellip;\n","protected":false},"author":2,"featured_media":311095,"comment_status":"","ping_status":"","sticky":false,"template":"","format":"standard","meta":{"footnotes":""},"categories":[1357],"tags":[8343,1379,58,9476,59,19321,1011,27,45116,1380,45117],"class_list":{"0":"post-311094","1":"post","2":"type-post","3":"status-publish","4":"format-standard","5":"has-post-thumbnail","7":"category-livres","8":"tag-bleu-et-jaune","9":"tag-books","10":"tag-divertissement","11":"tag-ecriture","12":"tag-entertainment","13":"tag-fantasy","14":"tag-fr","15":"tag-france","16":"tag-litterature-slovaque","17":"tag-livres","18":"tag-relation-pere-fils"},"share_on_mastodon":{"url":"https:\/\/pubeurope.com\/@fr\/115009007445500604","error":""},"_links":{"self":[{"href":"https:\/\/www.europesays.com\/fr\/wp-json\/wp\/v2\/posts\/311094","targetHints":{"allow":["GET"]}}],"collection":[{"href":"https:\/\/www.europesays.com\/fr\/wp-json\/wp\/v2\/posts"}],"about":[{"href":"https:\/\/www.europesays.com\/fr\/wp-json\/wp\/v2\/types\/post"}],"author":[{"embeddable":true,"href":"https:\/\/www.europesays.com\/fr\/wp-json\/wp\/v2\/users\/2"}],"replies":[{"embeddable":true,"href":"https:\/\/www.europesays.com\/fr\/wp-json\/wp\/v2\/comments?post=311094"}],"version-history":[{"count":0,"href":"https:\/\/www.europesays.com\/fr\/wp-json\/wp\/v2\/posts\/311094\/revisions"}],"wp:featuredmedia":[{"embeddable":true,"href":"https:\/\/www.europesays.com\/fr\/wp-json\/wp\/v2\/media\/311095"}],"wp:attachment":[{"href":"https:\/\/www.europesays.com\/fr\/wp-json\/wp\/v2\/media?parent=311094"}],"wp:term":[{"taxonomy":"category","embeddable":true,"href":"https:\/\/www.europesays.com\/fr\/wp-json\/wp\/v2\/categories?post=311094"},{"taxonomy":"post_tag","embeddable":true,"href":"https:\/\/www.europesays.com\/fr\/wp-json\/wp\/v2\/tags?post=311094"}],"curies":[{"name":"wp","href":"https:\/\/api.w.org\/{rel}","templated":true}]}}