{"id":311096,"date":"2025-08-11T07:42:13","date_gmt":"2025-08-11T07:42:13","guid":{"rendered":"https:\/\/www.europesays.com\/fr\/311096\/"},"modified":"2025-08-11T07:42:13","modified_gmt":"2025-08-11T07:42:13","slug":"gad-elmaleh-sa-soeur-judith-seclate-avec-la-star-de-lamour-est-dans-le-pre","status":"publish","type":"post","link":"https:\/\/www.europesays.com\/fr\/311096\/","title":{"rendered":"Gad Elmaleh : sa s\u0153ur Judith s\u2019\u00e9clate avec LA star de \u00ab\u00a0L\u2019amour est dans le pr\u00e9\u00a0\u00bb"},"content":{"rendered":"<p>      R\u00e9sum\u00e9<\/p>\n<p>Judith Elmaleh profite de l&rsquo;\u00e9t\u00e9 dans le Var en compagnie de Karine Le Marchand et d&rsquo;amis, entre d\u00e9jeuners en mer et moments de bonne humeur partag\u00e9s.<\/p>\n<p>        Sommaire<\/p>\n<p>L&rsquo;\u00e9t\u00e9 est d\u00e9j\u00e0 bien avanc\u00e9 et <strong>les stars profitent \u00e0 fond de la saison <\/strong>pour partager leurs plus beaux clich\u00e9s de vacances sur les r\u00e9seaux sociaux.<\/p>\n<p>Nabilla savoure le soleil de l&rsquo;\u00eele Maurice, Marine Lorphelin profite de l&rsquo;air marin de l&rsquo;\u00eele de R\u00e9, et Lou Pernaut se pr\u00e9pare \u00e0 mettre le cap sur la Normandie. De son c\u00f4t\u00e9, <a href=\"https:\/\/www.public.fr\/tag\/gad-elmaleh\" target=\"_blank\" rel=\"noopener\">Gad Elmaleh<\/a> garde le myst\u00e8re sur sa destination, mais sa s\u0153ur <strong>Judith, elle, a choisi de rejoindre des amis dans le Var<\/strong>. Et quels amis ! On retrouve \u00e0 ses c\u00f4t\u00e9s <strong><a href=\"https:\/\/www.public.fr\/tag\/karine-le-marchand\" target=\"_blank\" rel=\"noopener\">Karine Le Marchand<\/a>, Jeanfi Janssens et Laurent Petitguillaume. <\/strong><\/p>\n<p>Gad Elmaleh : sa s\u0153ur Judith en bonne compagnie<\/p>\n<p>Ce dimanche 10 ao\u00fbt, l&rsquo;animatrice vedette de L&rsquo;amour est dans le pr\u00e9 a d&rsquo;ailleurs partag\u00e9 une photo <a href=\"https:\/\/www.instagram.com\/karine.le.marchand\/?hl=fr\" target=\"_blank\" rel=\"noreferrer noopener\">Instagram<\/a> du groupe <strong>en plein d\u00e9jeuner sur un bateau<\/strong>, avec un ciel bleu \u00e0 couper le souffle. En l\u00e9gende, trois mots simples, mais efficaces : \u00ab\u00a0Et de 4\u00a0\u00bb. Soleil, mer et bonne humeur : la recette parfaite pour des vacances r\u00e9ussies !<\/p>\n<p>Peu avant de partager la photo du d\u00e9jeuner en mer, Karine Le Marchand avait d\u00e9j\u00e0 offert \u00e0 ses abonn\u00e9s un petit condens\u00e9 de ce s\u00e9jour entre amis. Et autant dire qu&rsquo;entre fous rires et situations improbables, <strong>la bande ne s&rsquo;ennuie pas une seconde.<\/strong><\/p>\n<p>Des vacances compl\u00e8tement folles<\/p>\n<p>Tout a commenc\u00e9 dans une chambre, o\u00f9 Laurent Petitguillaume \u00e9tait visiblement tr\u00e8s concentr\u00e9. Curieuse, Karine lui a lanc\u00e9 la question fatidique : que faisait-il ? Avec un s\u00e9rieux presque th\u00e9\u00e2tral, l&rsquo;animateur a r\u00e9pondu qu&rsquo;il \u00e9tait en pleine r\u00e9p\u00e9tition\u2026 d&rsquo;une chor\u00e9graphie. Une entr\u00e9e en mati\u00e8re qui semblait d\u00e9j\u00e0 prometteuse, mais qui n&rsquo;a en r\u00e9alit\u00e9 \u00e9t\u00e9 qu&rsquo;un simple \u00e9chauffement avant le moment fort.<\/p>\n<p>Quelques pas plus loin, dans le couloir, <strong>Karine est en effet tomb\u00e9e sur <a href=\"https:\/\/www.public.fr\/karine-le-marchand-un-humoriste-completement-nu-a-son-domicile-vacances-pimentees-pour-lanimatrice-de-lamour-est-dans-le-pre\" target=\"_blank\" rel=\"noopener\">Jeanfi\u2026 dans le plus simple appareil<\/a>. Oui, compl\u00e8tement nu.<\/strong> L&rsquo;animatrice a donc aussit\u00f4t d\u00e9gain\u00e9 son t\u00e9l\u00e9phone pour immortaliser la sc\u00e8ne (et accessoirement le post\u00e9rieur de l&rsquo;humoriste). <\/p>\n<p>Une performance aussi inattendue qu&rsquo;entra\u00eenante, jusqu&rsquo;\u00e0 ce qu&rsquo;il pr\u00e9cise, hilare, qu&rsquo;il allait tout de m\u00eame aller se rhabiller. Il y a de l&rsquo;ambiance \u00ab\u00a0chez Le Marchand\u00a0\u00bb. <\/p>\n<p><img loading=\"lazy\" decoding=\"async\" width=\"571\" height=\"1024\" src=\"data:image\/svg+xml,%3Csvg%20xmlns=\" http:=\"\" alt=\"Gad Elmaleh : sa s\u0153ur Judith s\u2019\u00e9clate avec LA star de &quot;L\u2019amour est dans le pr\u00e9&quot;\" data-lazy- data-lazy- data-lazy-src=\"https:\/\/www.europesays.com\/fr\/wp-content\/uploads\/2025\/08\/Capture-decran-2025-08-11-a-07.47.27-571x1024.png\"\/><\/p>\n<p>      Mentionn\u00e9s dans cet article<\/p>\n<p>      Sur le m\u00eame sujet<\/p>\n<p>  <script async src=\"\/\/www.instagram.com\/embed.js\"><\/script><\/p>\n","protected":false},"excerpt":{"rendered":"R\u00e9sum\u00e9 Judith Elmaleh profite de l&rsquo;\u00e9t\u00e9 dans le Var en compagnie de Karine Le Marchand et d&rsquo;amis, entre&hellip;\n","protected":false},"author":2,"featured_media":311097,"comment_status":"","ping_status":"","sticky":false,"template":"","format":"standard","meta":{"footnotes":""},"categories":[1356],"tags":[58,59,1011,27,4545,5413,9307,252,1364],"class_list":{"0":"post-311096","1":"post","2":"type-post","3":"status-publish","4":"format-standard","5":"has-post-thumbnail","7":"category-television","8":"tag-divertissement","9":"tag-entertainment","10":"tag-fr","11":"tag-france","12":"tag-gad-elmaleh","13":"tag-karine-le-marchand","14":"tag-lamour-est-dans-le-pre","15":"tag-television","16":"tag-tv"},"share_on_mastodon":{"url":"https:\/\/pubeurope.com\/@fr\/115009011355376592","error":""},"_links":{"self":[{"href":"https:\/\/www.europesays.com\/fr\/wp-json\/wp\/v2\/posts\/311096","targetHints":{"allow":["GET"]}}],"collection":[{"href":"https:\/\/www.europesays.com\/fr\/wp-json\/wp\/v2\/posts"}],"about":[{"href":"https:\/\/www.europesays.com\/fr\/wp-json\/wp\/v2\/types\/post"}],"author":[{"embeddable":true,"href":"https:\/\/www.europesays.com\/fr\/wp-json\/wp\/v2\/users\/2"}],"replies":[{"embeddable":true,"href":"https:\/\/www.europesays.com\/fr\/wp-json\/wp\/v2\/comments?post=311096"}],"version-history":[{"count":0,"href":"https:\/\/www.europesays.com\/fr\/wp-json\/wp\/v2\/posts\/311096\/revisions"}],"wp:featuredmedia":[{"embeddable":true,"href":"https:\/\/www.europesays.com\/fr\/wp-json\/wp\/v2\/media\/311097"}],"wp:attachment":[{"href":"https:\/\/www.europesays.com\/fr\/wp-json\/wp\/v2\/media?parent=311096"}],"wp:term":[{"taxonomy":"category","embeddable":true,"href":"https:\/\/www.europesays.com\/fr\/wp-json\/wp\/v2\/categories?post=311096"},{"taxonomy":"post_tag","embeddable":true,"href":"https:\/\/www.europesays.com\/fr\/wp-json\/wp\/v2\/tags?post=311096"}],"curies":[{"name":"wp","href":"https:\/\/api.w.org\/{rel}","templated":true}]}}