{"id":311098,"date":"2025-08-11T07:43:10","date_gmt":"2025-08-11T07:43:10","guid":{"rendered":"https:\/\/www.europesays.com\/fr\/311098\/"},"modified":"2025-08-11T07:43:10","modified_gmt":"2025-08-11T07:43:10","slug":"pascal-obispo-tire-sa-reverence-a-60-ans-il-faut-savoir-passer-a-autre-chose","status":"publish","type":"post","link":"https:\/\/www.europesays.com\/fr\/311098\/","title":{"rendered":"Pascal Obispo tire sa r\u00e9v\u00e9rence \u00e0 60 ans ? \u201cIl faut savoir passer \u00e0 autre chose\u201d"},"content":{"rendered":"<p>C\u00a0\u00bbest un des chanteurs les plus embl\u00e9matiques de la sc\u00e8ne<br \/>\nfran\u00e7aise. Depuis plusieurs d\u00e9cennies, Pascal Obispo accompagne les<br \/>\nFran\u00e7ais et les artistes en leur \u00e9crivant des petits chefs-d&rsquo;\u0153uvre.<br \/>\nMais voil\u00e0 que le chanteur serait peut-\u00eatre pr\u00eat \u00e0 passer \u00e0 autre<br \/>\nchose. \u00c0 60 ans, <a href=\"https:\/\/www.melty.fr\/people\/comme-un-pere-pascal-obispo-cash-comme-jamais-sur-sa-relation-avec-johnny-hallyday-2242637.html\" rel=\"nofollow noopener\" target=\"_blank\"><br \/>\nPascal Obispo<\/a> semble pr\u00eat \u00e0 tourner une page majeure de sa<br \/>\ncarri\u00e8re. Sur la sc\u00e8ne de Colmar, le 29 juillet 2025,<br \/>\nl\u2019auteur-compositeur a souffl\u00e9 quelques mots qui ont r\u00e9sonn\u00e9 comme<br \/>\nune annonce : \u00ab\u00a0C\u2019est ma derni\u00e8re date, et <strong>on part \u00e0 la<br \/>\nretraite.<\/strong> Il faut savoir passer \u00e0 autre chose\u00a0\u00bb,<br \/>\na-t-il confi\u00e9 au R\u00e9publicain Lorrain.<\/p>\n<p>Pascal Obispo fait une \u00e9tonnante confidence sur sa<br \/>\ncarri\u00e8re<\/p>\n<p>Plus qu\u2019une confidence sur le vif, c\u2019est une d\u00e9cision longuement<br \/>\nm\u00fbrie que l\u2019artiste semble avoir prise. Ce concert donn\u00e9 devant<br \/>\nplus de 10.000 personnes aurait \u00e9t\u00e9, selon ses propres termes, son<br \/>\nultime rendez-vous avec le public en tourn\u00e9e. Une fin de chapitre<br \/>\npartag\u00e9e avec son fid\u00e8le r\u00e9gisseur, Pascal Autissier, compagnon de<br \/>\nroute depuis 33 ans. Ensemble, ils ont sillonn\u00e9 la France, port\u00e9<br \/>\ndes tourn\u00e9es devenues cultes, marqu\u00e9 le paysage musical<br \/>\nfran\u00e7ais.<\/p>\n<p>En pr\u00e8s de 35 ans de carri\u00e8re, Pascal Obispo a offert au public<br \/>\nune avalanche de <a href=\"https:\/\/www.melty.fr\/people\/michael-youn-en-couple-avec-lex-de-pascal-obispo-il-avoue-ca-a-ete-complique-2251932.html\" rel=\"nofollow noopener\" target=\"_blank\"><br \/>\ntubes inoubliables.<\/a> Lucie, Mill\u00e9sime, L\u2019important c\u2019est<br \/>\nd\u2019aimer&#8230; Des refrains qui traversent les g\u00e9n\u00e9rations.<br \/>\nPourtant, l\u2019artiste ressent aujourd\u2019hui le besoin de faire une<br \/>\npause dans cette r\u00e9p\u00e9tition du succ\u00e8s. \u00ab\u00a0Les nouvelles chansons<br \/>\npassent, puis les anciens titres reviennent. Je ne me vois pas<br \/>\nrefaire toujours la m\u00eame tourn\u00e9e avec les m\u00eames chansons.<br \/>\n<strong>\u00c7a ne m\u2019emb\u00eate pas,<\/strong> mais je ne me vois pas<br \/>\nrepartir dans deux ans et refaire pareil\u00a0\u00bb, explique-t-il dans<br \/>\nles colonnes du R\u00e9publicain Lorrain.<\/p>\n<p>\u00ab\u00a0Je ne me vois pas refaire toujours la m\u00eame tourn\u00e9e\u00a0\u00bb.<\/p>\n<p>Loin des modes, proche de l\u2019essentiel Interrog\u00e9 sur sa<br \/>\npopularit\u00e9 actuelle, le chanteur ne cache pas une certaine lucidit\u00e9<br \/>\nteint\u00e9e <strong>d\u2019ironie<\/strong> : \u00ab\u00a0Je ne suis plus \u00e0 la mode.<br \/>\nEn m\u00eame temps, je souhaite \u00e0 tout le monde de ne plus \u00eatre \u00e0 la<br \/>\nmode comme moi !\u00a0\u00bb, glisse-t-il avec malice.<\/p>\n<p>Sur Instagram, il a laiss\u00e9 un message plein de gratitude :<br \/>\n\u00ab\u00a0Merci \u00e0 vous public merveilleux pour cette tourn\u00e9e magistrale.<br \/>\n[&#8230;] On va se manquer sans doute un peu, beaucoup, passionn\u00e9ment,<br \/>\n\u00e0 la folie&#8230; Mais tout s&rsquo;arr\u00eate un jour, rien ne dure\u00a0\u00bb. Mais<br \/>\nqu\u2019on se rassure : s\u2019il d\u00e9serte les sc\u00e8nes, Pascal Obispo ne<br \/>\nraccroche pas pour autant. La musique reste son terrain<br \/>\nd\u2019expression.<\/p>\n<p>Les autres projets du chanteur<\/p>\n<p>Il planche d&rsquo;ailleurs sur un nouveau projet intitul\u00e9 H\u00e9ritage,<br \/>\nun album hommage \u00e0 ceux qui l\u2019ont inspir\u00e9. <strong>Un duo avec<br \/>\nB\u00e9nabar<\/strong> serait \u00e9galement en pr\u00e9paration, selon Le<br \/>\nR\u00e9publicain Lorrain. Et ses abonn\u00e9s \u00e0 son application Obispo<br \/>\nAll Access continuent de d\u00e9couvrir des titres in\u00e9dits, loin des<br \/>\ncircuits classiques de diffusion.<\/p>\n<p>Une vie d\u2019artiste, autrement Depuis quelque temps d\u00e9j\u00e0,<br \/>\nle <a href=\"https:\/\/www.melty.fr\/people\/pascal-obispo-tacle-violemment-les-victoires-de-la-musique-une-connerie-tout-ca-2214217.html\" rel=\"nofollow noopener\" target=\"_blank\"><br \/>\nchanteur Pascal Obispo<\/a> explore d\u2019autres formes de cr\u00e9ation. En<br \/>\n2023, il avait pr\u00e9sent\u00e9 ses \u0153uvres au Mus\u00e9e Mer Marine de Bordeaux.<br \/>\nUne nouvelle exposition est d\u2019ailleurs annonc\u00e9e pour l\u2019automne. Une<br \/>\nreconversion artistique ? Plut\u00f4t une \u00e9volution naturelle d\u2019un homme<br \/>\nqui a toujours suivi ses \u00e9lans. \u00ab\u00a0Cr\u00e9er, c\u2019est ma fa\u00e7on de<br \/>\nrespirer\u00a0\u00bb, avait-il confi\u00e9 il y a quelques ann\u00e9es. Pascal<br \/>\nObispo ne tire pas un trait, il trace une nouvelle ligne. Loin des<br \/>\nprojecteurs, mais toujours au c\u0153ur de l\u2019\u00e9motion.<\/p>\n","protected":false},"excerpt":{"rendered":"C\u00a0\u00bbest un des chanteurs les plus embl\u00e9matiques de la sc\u00e8ne fran\u00e7aise. Depuis plusieurs d\u00e9cennies, Pascal Obispo accompagne les&hellip;\n","protected":false},"author":2,"featured_media":311099,"comment_status":"","ping_status":"","sticky":false,"template":"","format":"standard","meta":{"footnotes":""},"categories":[1355],"tags":[58,59,1011,27,1361,873,17603],"class_list":{"0":"post-311098","1":"post","2":"type-post","3":"status-publish","4":"format-standard","5":"has-post-thumbnail","7":"category-musique","8":"tag-divertissement","9":"tag-entertainment","10":"tag-fr","11":"tag-france","12":"tag-music","13":"tag-musique","14":"tag-pascal-obispo"},"share_on_mastodon":{"url":"https:\/\/pubeurope.com\/@fr\/115009015259699291","error":""},"_links":{"self":[{"href":"https:\/\/www.europesays.com\/fr\/wp-json\/wp\/v2\/posts\/311098","targetHints":{"allow":["GET"]}}],"collection":[{"href":"https:\/\/www.europesays.com\/fr\/wp-json\/wp\/v2\/posts"}],"about":[{"href":"https:\/\/www.europesays.com\/fr\/wp-json\/wp\/v2\/types\/post"}],"author":[{"embeddable":true,"href":"https:\/\/www.europesays.com\/fr\/wp-json\/wp\/v2\/users\/2"}],"replies":[{"embeddable":true,"href":"https:\/\/www.europesays.com\/fr\/wp-json\/wp\/v2\/comments?post=311098"}],"version-history":[{"count":0,"href":"https:\/\/www.europesays.com\/fr\/wp-json\/wp\/v2\/posts\/311098\/revisions"}],"wp:featuredmedia":[{"embeddable":true,"href":"https:\/\/www.europesays.com\/fr\/wp-json\/wp\/v2\/media\/311099"}],"wp:attachment":[{"href":"https:\/\/www.europesays.com\/fr\/wp-json\/wp\/v2\/media?parent=311098"}],"wp:term":[{"taxonomy":"category","embeddable":true,"href":"https:\/\/www.europesays.com\/fr\/wp-json\/wp\/v2\/categories?post=311098"},{"taxonomy":"post_tag","embeddable":true,"href":"https:\/\/www.europesays.com\/fr\/wp-json\/wp\/v2\/tags?post=311098"}],"curies":[{"name":"wp","href":"https:\/\/api.w.org\/{rel}","templated":true}]}}