{"id":311102,"date":"2025-08-11T07:45:10","date_gmt":"2025-08-11T07:45:10","guid":{"rendered":"https:\/\/www.europesays.com\/fr\/311102\/"},"modified":"2025-08-11T07:45:10","modified_gmt":"2025-08-11T07:45:10","slug":"traitements-vaccins-les-espoirs-fous-de-la-recherche-contre-le-cancer-de-la-peau","status":"publish","type":"post","link":"https:\/\/www.europesays.com\/fr\/311102\/","title":{"rendered":"Traitements, vaccins\u2026 Les espoirs fous de la recherche contre le cancer de la peau"},"content":{"rendered":"<p class=\"paragraph text_align_left lp-f-body-02\">Julien a la voix bris\u00e9e. \u00ab On avait voulu marquer le coup, apr\u00e8s treize ans de vie commune \u00bb, t\u00e9moigne le quadrag\u00e9naire. En juillet 2024, il se marie avec Marion. Trois jours plus tard, cette derni\u00e8re d\u00e9c\u00e8de d\u2019un m\u00e9lanome mal diagnostiqu\u00e9 cinq ans plus t\u00f4t et qui a fini par g\u00e9n\u00e9rer des m\u00e9tastases au poumon. L\u2019<a href=\"https:\/\/www.leparisien.fr\/societe\/sante\/le-sacre-de-limmunotherapie-contre-le-cancer-des-progres-comme-on-nen-avait-pas-vu-depuis-vingt-ans-01-06-2025-5NJ4J3J36ZFWHENDBICY33RHVU.php\" target=\"_blank\" rel=\"noreferrer noopener\">immunoth\u00e9rapie<\/a> et les traitements cibl\u00e9s ne suffiront pas \u00e0 la sauver. \u00ab Ma femme a subi une perte de chance \u00e9norme \u00bb, s\u2019alarme le quadrag\u00e9naire.<\/p>\n<p class=\"paragraph text_align_left lp-f-body-02\">En ce d\u00e9but du mois d\u2019ao\u00fbt, il faut redoubler de vigilance. Pour se prot\u00e9ger des temp\u00e9ratures caniculaires qui s\u2019abattent sur les deux tiers Sud du pays d\u2019abord. Et aussi pour pr\u00e9munir des risques \u00e0 long terme pour leur peau : ce lundi 11 ao\u00fbt, M\u00e9t\u00e9o France, pr\u00e9voit un indice UV de 8 voire 9 (sur un \u00e9chelle qui va jusqu\u2019\u00e0 12) sur la m\u00eame partie du territoire m\u00e9tropolitain et de 7 partout ailleurs. Or la surexposition aux UV est responsable d\u2019environ 80% des cancers de la peau. Des tumeurs meurtri\u00e8res quand elles n\u2019ont pas pu \u00eatre prises en charge \u00e0 temps. <\/p>\n","protected":false},"excerpt":{"rendered":"Julien a la voix bris\u00e9e. \u00ab On avait voulu marquer le coup, apr\u00e8s treize ans de vie commune&hellip;\n","protected":false},"author":2,"featured_media":311103,"comment_status":"","ping_status":"","sticky":false,"template":"","format":"standard","meta":{"footnotes":""},"categories":[10],"tags":[1011,27,3746,72,71,104],"class_list":{"0":"post-311102","1":"post","2":"type-post","3":"status-publish","4":"format-standard","5":"has-post-thumbnail","7":"category-sante","8":"tag-fr","9":"tag-france","10":"tag-futurs","11":"tag-health","12":"tag-sante","13":"tag-societe"},"share_on_mastodon":{"url":"https:\/\/pubeurope.com\/@fr\/115009023150357593","error":""},"_links":{"self":[{"href":"https:\/\/www.europesays.com\/fr\/wp-json\/wp\/v2\/posts\/311102","targetHints":{"allow":["GET"]}}],"collection":[{"href":"https:\/\/www.europesays.com\/fr\/wp-json\/wp\/v2\/posts"}],"about":[{"href":"https:\/\/www.europesays.com\/fr\/wp-json\/wp\/v2\/types\/post"}],"author":[{"embeddable":true,"href":"https:\/\/www.europesays.com\/fr\/wp-json\/wp\/v2\/users\/2"}],"replies":[{"embeddable":true,"href":"https:\/\/www.europesays.com\/fr\/wp-json\/wp\/v2\/comments?post=311102"}],"version-history":[{"count":0,"href":"https:\/\/www.europesays.com\/fr\/wp-json\/wp\/v2\/posts\/311102\/revisions"}],"wp:featuredmedia":[{"embeddable":true,"href":"https:\/\/www.europesays.com\/fr\/wp-json\/wp\/v2\/media\/311103"}],"wp:attachment":[{"href":"https:\/\/www.europesays.com\/fr\/wp-json\/wp\/v2\/media?parent=311102"}],"wp:term":[{"taxonomy":"category","embeddable":true,"href":"https:\/\/www.europesays.com\/fr\/wp-json\/wp\/v2\/categories?post=311102"},{"taxonomy":"post_tag","embeddable":true,"href":"https:\/\/www.europesays.com\/fr\/wp-json\/wp\/v2\/tags?post=311102"}],"curies":[{"name":"wp","href":"https:\/\/api.w.org\/{rel}","templated":true}]}}