{"id":311112,"date":"2025-08-11T07:50:11","date_gmt":"2025-08-11T07:50:11","guid":{"rendered":"https:\/\/www.europesays.com\/fr\/311112\/"},"modified":"2025-08-11T07:50:11","modified_gmt":"2025-08-11T07:50:11","slug":"execution-sommaire-dans-un-hopital-syrien-ce-que-lon-sait-de-la-video-montrant-un-soldat-abattant-un-soignant","status":"publish","type":"post","link":"https:\/\/www.europesays.com\/fr\/311112\/","title":{"rendered":"\u00ab\u00a0Ex\u00e9cution sommaire\u00a0\u00bb dans un h\u00f4pital syrien\u00a0: ce que l\u2019on sait de la vid\u00e9o montrant un soldat abattant un soignant"},"content":{"rendered":"<p>\n                                                                Des ONG syriennes de d\u00e9fense des droits humains r\u00e9clament une enqu\u00eate internationale sur les violences de juillet \u00e0 Soueida, apr\u00e8s la diffusion ce dimanche 10\u00a0ao\u00fbt d\u2019images semblant montrer l\u2019ex\u00e9cution d\u2019un secouriste volontaire dans l\u2019h\u00f4pital principal de la ville par des membres des forces gouvernementales.\n                            <\/p>\n<p>    Ce qu\u2019il faut retenir<\/p>\n<ul>\n<li>\n<p>Des militants syriens demandent une enqu\u00eate internationale sur les violences de juillet \u00e0 Soueida, apr\u00e8s la diffusion d\u2019images montrant des forces pro-gouvernementales abattant un secouriste dans l\u2019h\u00f4pital principal.<\/p>\n<\/li>\n<li>\n<p>Les affrontements, d\u00e9clench\u00e9s le 13\u00a0juillet entre Druzes et tribus b\u00e9douines, ont fait environ 1\u00a0400 morts, majoritairement druzes, malgr\u00e9 l\u2019envoi de troupes par Damas cens\u00e9es \u00ab\u00a0r\u00e9tablir l\u2019ordre\u00a0\u00bb.<\/p>\n<\/li>\n<li>\n<p>T\u00e9moins et ONG accusent l\u2019arm\u00e9e syrienne de soutenir les b\u00e9douins et de commettre des ex\u00e9cutions sommaires\u00a0; l\u2019ONU est appel\u00e9e \u00e0 enqu\u00eater, la commission mise en place par Damas \u00e9tant jug\u00e9e non cr\u00e9dible.<\/p>\n<\/li>\n<\/ul>\n<p>Des militants syriens des droits de l\u2019homme ont r\u00e9it\u00e9r\u00e9 leurs appels en faveur d\u2019une enqu\u00eate ind\u00e9pendante sur les violences survenues en juillet dans la province de Soueida, majoritairement druze, apr\u00e8s la diffusion dimanche d\u2019images montrent semblant des forces gouvernementales abattant un secouriste volontaire dans un h\u00f4pital.<\/p>\n<p><a href=\"https:\/\/www.midilibre.fr\/2025\/07\/15\/tensions-en-syrie-druzes-alaouites-kurdes-qui-sont-les-minorites-victimes-de-violences-12826302.php\" target=\"_blank\" rel=\"nofollow noopener\">Les violences ont d\u00e9but\u00e9 le 13\u00a0juillet entre des druzes et des tribus b\u00e9douines<\/a> et elles se sont intensifi\u00e9es les jours suivants avec l\u2019intervention de forces ext\u00e9rieures \u2013 dont des soldats envoy\u00e9s par Damas \u2013, faisant finalement quelque 1\u00a0400 morts, dont de nombreux civils druzes.<\/p>\n<p>Les autorit\u00e9s syriennes ont expliqu\u00e9 qu\u2019elles avaient envoy\u00e9 des troupes pour r\u00e9tablir l\u2019ordre mais des t\u00e9moins, des factions druzes et l\u2019Observatoire syrien des droits de l\u2019homme (OSDH) ont accus\u00e9 celles-ci de soutenir les b\u00e9douins et d\u2019avoir commis des exactions contre les druzes, y compris des ex\u00e9cutions sommaires.<\/p>\n<p>Des hommes habill\u00e9s en tenu m\u00e9dical<\/p>\n<p>Des vid\u00e9os circulant sur les r\u00e9seaux sociaux semblent montrer des civils tu\u00e9s par des hommes arm\u00e9s en uniforme des forces militaires ou de s\u00e9curit\u00e9 int\u00e9rieure.\u00a0Le m\u00e9dia local Suwayda 24 a en particulier diffus\u00e9 dimanche ce qu\u2019il a d\u00e9crit comme des images de surveillance prises au principal h\u00f4pital de la ville de Soueida le 16\u00a0juillet.<\/p>\n<p>On y voit un groupe de personnes, apparemment des membres du personnel, accroupies sur le sol dans un couloir. Plusieurs hommes arm\u00e9s sont debout devant elles, la plupart en tenue militaire et l\u2019un d\u2019entre eux en uniforme du minist\u00e8re de l\u2019Int\u00e9rieur. Une br\u00e8ve altercation \u00e9clate avec un homme que Suwayda 24 a identifi\u00e9 comme \u00e9tant \u00ab\u00a0l\u2019un des b\u00e9n\u00e9voles de l\u2019\u00e9quipe m\u00e9dicale\u00a0\u00bb.<\/p>\n<p>Les forces tirent ensuite sur cet homme, dont le corps est ensuite tra\u00een\u00e9, laissant une trace de sang.\u00a0Les autorit\u00e9s syriennes n\u2019ont pas imm\u00e9diatement r\u00e9pondu \u00e0 une demande de commentaires.<\/p>\n<p>\u00ab\u00a0Ex\u00e9cution sommaire choquante\u00a0\u00bb<\/p>\n<p>Un homme \u00e2g\u00e9 de 30 ans qui appara\u00eet dans la vid\u00e9o a expliqu\u00e9 au t\u00e9l\u00e9phone \u00e0 l\u2019AFP qu\u2019il avait r\u00e9pondu \u00e0 l\u2019appel de l\u2019h\u00f4pital qui cherchait des b\u00e9n\u00e9voles et a confirm\u00e9 que \u00ab\u00a0l\u2019incident\u00a0\u00bb s\u2019\u00e9tait \u00ab\u00a0produit le 16\u00a0juillet\u00a0\u00bb.\u00a0Un m\u00e9decin de cet \u00e9tablissement, s\u2019exprimant sous le couvert de l\u2019anonymat, a confirm\u00e9 \u00e0 l\u2019AFP que la vid\u00e9o avait \u00e9t\u00e9 prise \u00e0 l\u2019int\u00e9rieur de l\u2019h\u00f4pital.<\/p>\n<p>L\u2019Observatoire syrien des droits de l\u2019homme a \u00e9galement diffus\u00e9 ces images, les qualificatifs d'\u00a0\u00bbex\u00e9cution sommaire choquante\u00a0\u00bb perp\u00e9tr\u00e9e par \u00ab\u00a0des membres des minist\u00e8res de la D\u00e9fense et de l\u2019Int\u00e9rieur\u00a0\u00bb.\u00a0Il a r\u00e9clam\u00e9 des comptes et \u00ab\u00a0une commission internationale d\u2019enqu\u00eate ind\u00e9pendante et impartiale\u00a0\u00bb sur les violences \u00e0 Soue\u00efda.<\/p>\n<p><a href=\"https:\/\/www.midilibre.fr\/2025\/03\/09\/un-appel-a-la-paix-du-president-par-interim-une-centaine-de-personnes-mortes-que-se-passe-t-il-en-syrie-12559591.php\" target=\"_blank\" rel=\"nofollow noopener\">Fadel Abdul Ghany, le responsable du R\u00e9seau syrien pour les droits de l\u2019homme<\/a>, a exhort\u00e9 les autorit\u00e9s \u00e0 agir imm\u00e9diatement et a appel\u00e9 la Commission d\u2019enqu\u00eate internationale et ind\u00e9pendante de l\u2019ONU \u00e0 venir \u00ab\u00a0enqu\u00eater sur les violations commises par toutes les parties impliqu\u00e9es \u00e0 Soueida\u00a0\u00bb.<\/p>\n<p>Dans des d\u00e9clarations sur X, il estime que la commission d\u00e9sign\u00e9e par les autorit\u00e9s de Damas le mois dernier pour enqu\u00eater sur les violences \u00e0 Soueida \u00ab\u00a0manque de cr\u00e9dibilit\u00e9\u00a0\u00bb.<\/p>\n","protected":false},"excerpt":{"rendered":"Des ONG syriennes de d\u00e9fense des droits humains r\u00e9clament une enqu\u00eate internationale sur les violences de juillet \u00e0&hellip;\n","protected":false},"author":2,"featured_media":311113,"comment_status":"","ping_status":"","sticky":false,"template":"","format":"standard","meta":{"footnotes":""},"categories":[5],"tags":[11,1011,27,14,12,28],"class_list":{"0":"post-311112","1":"post","2":"type-post","3":"status-publish","4":"format-standard","5":"has-post-thumbnail","7":"category-international","8":"tag-actualites","9":"tag-fr","10":"tag-france","11":"tag-international","12":"tag-news","13":"tag-world"},"share_on_mastodon":{"url":"https:\/\/pubeurope.com\/@fr\/115009042902580262","error":""},"_links":{"self":[{"href":"https:\/\/www.europesays.com\/fr\/wp-json\/wp\/v2\/posts\/311112","targetHints":{"allow":["GET"]}}],"collection":[{"href":"https:\/\/www.europesays.com\/fr\/wp-json\/wp\/v2\/posts"}],"about":[{"href":"https:\/\/www.europesays.com\/fr\/wp-json\/wp\/v2\/types\/post"}],"author":[{"embeddable":true,"href":"https:\/\/www.europesays.com\/fr\/wp-json\/wp\/v2\/users\/2"}],"replies":[{"embeddable":true,"href":"https:\/\/www.europesays.com\/fr\/wp-json\/wp\/v2\/comments?post=311112"}],"version-history":[{"count":0,"href":"https:\/\/www.europesays.com\/fr\/wp-json\/wp\/v2\/posts\/311112\/revisions"}],"wp:featuredmedia":[{"embeddable":true,"href":"https:\/\/www.europesays.com\/fr\/wp-json\/wp\/v2\/media\/311113"}],"wp:attachment":[{"href":"https:\/\/www.europesays.com\/fr\/wp-json\/wp\/v2\/media?parent=311112"}],"wp:term":[{"taxonomy":"category","embeddable":true,"href":"https:\/\/www.europesays.com\/fr\/wp-json\/wp\/v2\/categories?post=311112"},{"taxonomy":"post_tag","embeddable":true,"href":"https:\/\/www.europesays.com\/fr\/wp-json\/wp\/v2\/tags?post=311112"}],"curies":[{"name":"wp","href":"https:\/\/api.w.org\/{rel}","templated":true}]}}