{"id":311114,"date":"2025-08-11T07:51:16","date_gmt":"2025-08-11T07:51:16","guid":{"rendered":"https:\/\/www.europesays.com\/fr\/311114\/"},"modified":"2025-08-11T07:51:16","modified_gmt":"2025-08-11T07:51:16","slug":"incendie-dans-laude-elle-peint-le-portrait-dun-pompier-en-hommage-et-souhaite-lui-offrir","status":"publish","type":"post","link":"https:\/\/www.europesays.com\/fr\/311114\/","title":{"rendered":"Incendie dans l&rsquo;Aude. Elle peint le portrait d&rsquo;un pompier en hommage et souhaite lui offrir"},"content":{"rendered":"<p>            Par<br \/>\n        <strong><br \/>\n            <a href=\"https:\/\/actu.fr\/auteur\/margot-fournie\" title=\"Consulter tous les articles de Margot Fournie\" target=\"_blank\" rel=\"noopener\">Margot Fournie<\/a><br \/>\n        <\/strong><\/p>\n<p>        Publi\u00e9 le<\/p>\n<p>            10 ao\u00fbt 2025 \u00e0 18h02        <\/p>\n<p>Depuis le 5\u00a0ao\u00fbt, un <a href=\"https:\/\/actu.fr\/faits-divers\/incendie-dans-l-aude-routes-coupees-foyers-prives-d-electricite-le-point-sur-la-situation_63013127.html\" target=\"_blank\" rel=\"noopener\">incendie ravage l\u2019Aude<\/a>. Le bilan est alarmant\u2009: <strong>17\u2009000 hectares de v\u00e9g\u00e9tation<\/strong> ont \u00e9t\u00e9 parcourus, <a href=\"https:\/\/actu.fr\/occitanie\/saint-laurent-de-la-cabrerisse_11351\/feu-geant-de-l-aude-la-fille-de-la-femme-retrouvee-morte-dans-sa-maison-donne-sa-version-des-faits_63012276.html\" target=\"_blank\" rel=\"noopener\">une dame est d\u00e9c\u00e9d\u00e9e<\/a>, des <a href=\"https:\/\/actu.fr\/societe\/il-a-marche-dans-le-feu-il-n-est-pas-tire-d-affaire-dans-l-aude-l-incendie-touche-aussi-les-animaux_63009732.html\" target=\"_blank\" rel=\"noopener\">animaux ont \u00e9t\u00e9 touch\u00e9s<\/a>, <strong>16 pompiers ont \u00e9t\u00e9 bless\u00e9s<\/strong>. L\u2019un d\u2019entre eux est dans un \u00e9tat grave.<\/p>\n<p class=\" wall-content\">C\u2019est par solidarit\u00e9 et pour le rendre hommage que Nathalie, une habitante de <strong>Li\u00e8ge<\/strong> en Belgique, a pris <strong>son pinceau<\/strong>.<\/p>\n<p>\u00ab\u2009Les incendies en France m\u2019ont effray\u00e9e\u2009\u00bb<\/p>\n<p class=\" wall-content\">\u00ab\u2009Comme tout le monde, les incendies en France m\u2019ont effray\u00e9s et j\u2019ai suivi plusieurs pages Facebook en <strong>croisant les doigts<\/strong> qu\u2019ils <strong>soient vite \u00e9teints<\/strong>\u2009\u00bb, raconte Nathalie.<\/p>\n<p class=\" wall-content\">En regardant les pages, elle a rep\u00e9r\u00e9 la photo d\u2019un pompier. Assis au milieu d\u2019une nature d\u00e9sol\u00e9e, il semble abattu.<\/p>\n<p class=\" wall-content\">Et \u00ab\u2009\u00e0 chaque fois <strong>je voyais<\/strong> dans ce pompier<strong> l\u2019image que je me faisais de tous les pompiers<\/strong> et j\u2019\u00e9tais tr\u00e8s touch\u00e9e. J\u2019ai commenc\u00e9 par faire <strong>deux ou trois galets hommage<\/strong>, avec pour but de les d\u00e9poser dans des casernes.\u2009\u00bb<\/p>\n<p>Vid\u00e9os : en ce moment sur Actu\u00c0 la recherche du pompier mod\u00e8le<\/p>\n<p class=\" wall-content\">Finalement, elle s\u2019est d\u00e9cid\u00e9e \u00e0 peindre le portrait hier. Une pi\u00e8ce qui lui a pris <strong>6\u00a0heures<\/strong>.<\/p>\n<p>    <img   decoding=\"async\" loading=\"lazy\" src=\"https:\/\/www.europesays.com\/fr\/wp-content\/uploads\/2025\/08\/fotojet-2-1-960x640.jpg\" alt=\"Nathalie a peint plusieurs galets et a m\u00eame organis\u00e9 un d\u00e9fit avec plusieurs membres de son groupe Facebook, les fous du galet.\" width=\"960\" height=\"640\"\/><br \/>\n    Nathalie a peint plusieurs galets et a m\u00eame organis\u00e9 un d\u00e9fi avec plusieurs membres de son groupe Facebook, les fous du galet. (\u00a9Document remis \/ Nathalie)<\/p>\n<p class=\" wall-content\">Apr\u00e8s l\u2019avoir r\u00e9alis\u00e9, elle a eu envie de retrouver le sapeur-pompier mod\u00e8le et lui offrir son \u0153uvre. Pour l\u2019aider dans sa qu\u00eate, elle a demand\u00e9 de l\u2019aide aux <strong>membres des <\/strong><a href=\"https:\/\/www.facebook.com\/groups\/foudugalet\" target=\"_blank\" rel=\"noopener\">fous du galet<\/a>, son groupe <a href=\"https:\/\/actu.fr\/tag\/facebook\" target=\"_blank\" rel=\"noopener\">Facebook<\/a>. Elle a aussi publi\u00e9 son appel dans d\u2019autres groupes et par mail aux pompiers de France.<\/p>\n<p>Une qu\u00eate qui touche \u00e0 sa fin<\/p>\n<p class=\" wall-content\">Au stade des recherches, Nathalie ne pense pas retrouver le soldat du feu. \u00ab\u2009Il semblerait que la photo<strong> date de plusieurs ann\u00e9es<\/strong>, qu\u2019elle ait \u00e9t\u00e9 <strong>prise dans le Var<\/strong>. On m\u2019a m\u00eame dit qu\u2019elle a pu \u00eatre faite avec un montage par IA\u2009\u00bb, souffle-t-elle.<\/p>\n<blockquote class=\"ac-article-quote wall-content\">\n<p>Il faut bien que tous ces h\u00e9ros sachent a quel point on les soutien, m\u00eame si on est Belges.<\/p>\n<p>    <strong>Nathalie <\/strong>\n            <\/p><\/blockquote>\n<p class=\" wall-content\">Pour autant, son galet, elle a d\u00e9cid\u00e9 de l\u2019envoyer aux pompiers de l\u2019Aude, possiblement \u00e0 <strong>la caserne de Carcassonne<\/strong>.\u00a0Elle glisse encore\u2009: \u00ab\u2009il faut bien que tous ces h\u00e9ros sachent \u00e0 quel point on les soutient, m\u00eame si on est belges.\u2009\u00bb<\/p>\n<p class=\" wall-content\">Suivez toute l\u2019actualit\u00e9 de vos villes et m\u00e9dias favoris en vous inscrivant \u00e0 <a href=\"https:\/\/moncompte.actu.fr\" title=\"D\u00e9couvez Mon Actu\" rel=\"nofollow noopener\" data-trk=\"{&quot;cta&quot;:{&quot;action&quot;:&quot;https:\\\/\\\/moncompte.actu.fr&quot;,&quot;category&quot;:&quot;mon compte&quot;,&quot;from&quot;:&quot;article footer&quot;,&quot;name&quot;:&quot;Mon actu&quot;,&quot;type&quot;:&quot;cta&quot;}}\" target=\"_blank\">Mon Actu<\/a>.<\/p>\n","protected":false},"excerpt":{"rendered":"Par Margot Fournie Publi\u00e9 le 10 ao\u00fbt 2025 \u00e0 18h02 Depuis le 5\u00a0ao\u00fbt, un incendie ravage l\u2019Aude. Le&hellip;\n","protected":false},"author":2,"featured_media":311115,"comment_status":"","ping_status":"","sticky":false,"template":"","format":"standard","meta":{"footnotes":""},"categories":[4],"tags":[11,1011,27,9922,1310,12,1311,25,104],"class_list":{"0":"post-311114","1":"post","2":"type-post","3":"status-publish","4":"format-standard","5":"has-post-thumbnail","7":"category-france","8":"tag-actualites","9":"tag-fr","10":"tag-france","11":"tag-hommage-aux-heros","12":"tag-incendie","13":"tag-news","14":"tag-pompiers","15":"tag-republique-francaise","16":"tag-societe"},"share_on_mastodon":{"url":"https:\/\/pubeurope.com\/@fr\/115009046747571542","error":""},"_links":{"self":[{"href":"https:\/\/www.europesays.com\/fr\/wp-json\/wp\/v2\/posts\/311114","targetHints":{"allow":["GET"]}}],"collection":[{"href":"https:\/\/www.europesays.com\/fr\/wp-json\/wp\/v2\/posts"}],"about":[{"href":"https:\/\/www.europesays.com\/fr\/wp-json\/wp\/v2\/types\/post"}],"author":[{"embeddable":true,"href":"https:\/\/www.europesays.com\/fr\/wp-json\/wp\/v2\/users\/2"}],"replies":[{"embeddable":true,"href":"https:\/\/www.europesays.com\/fr\/wp-json\/wp\/v2\/comments?post=311114"}],"version-history":[{"count":0,"href":"https:\/\/www.europesays.com\/fr\/wp-json\/wp\/v2\/posts\/311114\/revisions"}],"wp:featuredmedia":[{"embeddable":true,"href":"https:\/\/www.europesays.com\/fr\/wp-json\/wp\/v2\/media\/311115"}],"wp:attachment":[{"href":"https:\/\/www.europesays.com\/fr\/wp-json\/wp\/v2\/media?parent=311114"}],"wp:term":[{"taxonomy":"category","embeddable":true,"href":"https:\/\/www.europesays.com\/fr\/wp-json\/wp\/v2\/categories?post=311114"},{"taxonomy":"post_tag","embeddable":true,"href":"https:\/\/www.europesays.com\/fr\/wp-json\/wp\/v2\/tags?post=311114"}],"curies":[{"name":"wp","href":"https:\/\/api.w.org\/{rel}","templated":true}]}}