{"id":311122,"date":"2025-08-11T07:56:51","date_gmt":"2025-08-11T07:56:51","guid":{"rendered":"https:\/\/www.europesays.com\/fr\/311122\/"},"modified":"2025-08-11T07:56:51","modified_gmt":"2025-08-11T07:56:51","slug":"necrologie-deces-du-professeur-claude-burlet","status":"publish","type":"post","link":"https:\/\/www.europesays.com\/fr\/311122\/","title":{"rendered":"N\u00e9crologie. D\u00e9c\u00e8s du professeur Claude Burlet"},"content":{"rendered":"<p>C\u2019est aux premiers jours d\u2019ao\u00fbt, en ce mercredi\u00a06, que le professeur Claude Burlet, 83 ans s\u2019en est all\u00e9.<\/p>\n<p>N\u00e9 le 4\u00a0juin 1942 \u00e0 Laxou au sein d\u2019une famille ouvri\u00e8re, c\u2019est avec l\u2019ambition de devenir plus tard instituteur que celui-ci grandit, et se passionne pour les \u00e9tudes. Une ambition assum\u00e9e, port\u00e9e en leitmotiv par un homme avant tout travailleur, qui, une fois sortie de lyc\u00e9e Poincar\u00e9 int\u00e8gre l\u2019\u00e9cole normale d\u2019instituteurs \u00e0 Nancy. C\u2019est \u00e0 cette p\u00e9riode, en 1958, que ce dernier rencontre Arlette, qui comme lui se pr\u00e9pare \u00e0 une formation dans l\u2019enseignement. Une rencontre \u00e0 l\u2019occasion des \u00ab\u00a0patronages du jeudi\u00a0\u00bb, qui verra nos deux passionn\u00e9s se lier l\u2019un \u00e0 l\u2019autre 5 ans plus tard. Une union de laquelle na\u00eetront par la suite deux fils, Gilles et Fabien. Un r\u00f4le nouveau pour M. Burlet, qui n\u2019en oublie n\u00e9anmoins pas son r\u00eave d\u2019enseignement.<\/p>\n<p>Sur tous les fronts, c\u2019est de concours en opportunit\u00e9s, et avec cette envie d\u2019aller toujours plus loin, que ce dernier a vu les portes de l\u2019Universit\u00e9 de Nancy s\u2019ouvrir \u00e0 lui. Pr\u00e9sentant sa th\u00e8se en 1972 sur l\u2019hibernation du l\u00e9rot, c\u2019est en qualit\u00e9 de docteur en sciences qu\u2019en 1974 Claude Burlet devient assistant, puis ma\u00eetre assistant, \u00e0 la facult\u00e9 des sciences et de m\u00e9decine de Nancy. Un lieu d\u2019\u00e9tudes, de d\u00e9couvertes, d\u2019enseignements, qui le verra obtenir trois\u00a0ans plus tard, en 1977, le titre de Docteur en m\u00e9decine.<\/p>\n<p>Nomm\u00e9 professeur la m\u00eame ann\u00e9e, c\u2019est \u00e0 Liverdun que ce dernier choisit de b\u00e2tir son domicile, l\u00e0, en surplomb de la Moselle entour\u00e9 des siens. Une carri\u00e8re riche, qui le voit devenir vice-pr\u00e9sident, puis pr\u00e9sident de l\u2019Universit\u00e9 de Nancy Poincar\u00e9 le 2\u00a0juillet 1999, \u00e0 l\u2019aube de l\u2019an 2000. Un poste qu\u2019il occupera durant 5 ann\u00e9es avec brio, participant notamment aux rapprochements des universit\u00e9s de Metz et Nancy.<\/p>\n<p>D\u00e9cor\u00e9 de l\u2019Ordre National du m\u00e9rite, des palmes acad\u00e9miques, Claude Burlet avait fait partie du Conseil national de l\u2019\u00e9thique. Un engagement au service de la science, pour un homme d\u00e9crit comme souriant, disponible et affable. Un homme curieux, qui, en 2006, une fois retir\u00e9, a poursuivi sa passion quelque temps durant sur les antennes de France Bleu, au service des nouvelles sciences. Un destin \u00e0 part pour ce fils d\u2019ouvrier, qui plus jeune, ne r\u00eavait que tr\u00e8s modestement \u00e0 post\u00e9riori, que de devenir instituteur. Un dernier hommage lui sera rendu le mardi 12\u00a0ao\u00fbt au cr\u00e9matorium de Nancy \u00e0 13\u00a0h.<\/p>\n<p>Nos condol\u00e9ances.<\/p>\n","protected":false},"excerpt":{"rendered":"C\u2019est aux premiers jours d\u2019ao\u00fbt, en ce mercredi\u00a06, que le professeur Claude Burlet, 83 ans s\u2019en est all\u00e9.&hellip;\n","protected":false},"author":2,"featured_media":311123,"comment_status":"","ping_status":"","sticky":false,"template":"","format":"standard","meta":{"footnotes":""},"categories":[9635],"tags":[1111,11,9223,9661,1704,1777,674,1011,27,775,13318,1702,1391,12,25,104],"class_list":{"0":"post-311122","1":"post","2":"type-post","3":"status-publish","4":"format-standard","5":"has-post-thumbnail","7":"category-nancy","8":"tag-actu","9":"tag-actualites","10":"tag-carnet-du-jour","11":"tag-cc-du-bassin-de-pompey-54b1","12":"tag-edition-nancy-et-agglomeration","13":"tag-eu","14":"tag-europe","15":"tag-fr","16":"tag-france","17":"tag-grand-est","18":"tag-liverdun","19":"tag-nancy","20":"tag-necrologie","21":"tag-news","22":"tag-republique-francaise","23":"tag-societe"},"share_on_mastodon":{"url":"https:\/\/pubeurope.com\/@fr\/115009070223753523","error":""},"_links":{"self":[{"href":"https:\/\/www.europesays.com\/fr\/wp-json\/wp\/v2\/posts\/311122","targetHints":{"allow":["GET"]}}],"collection":[{"href":"https:\/\/www.europesays.com\/fr\/wp-json\/wp\/v2\/posts"}],"about":[{"href":"https:\/\/www.europesays.com\/fr\/wp-json\/wp\/v2\/types\/post"}],"author":[{"embeddable":true,"href":"https:\/\/www.europesays.com\/fr\/wp-json\/wp\/v2\/users\/2"}],"replies":[{"embeddable":true,"href":"https:\/\/www.europesays.com\/fr\/wp-json\/wp\/v2\/comments?post=311122"}],"version-history":[{"count":0,"href":"https:\/\/www.europesays.com\/fr\/wp-json\/wp\/v2\/posts\/311122\/revisions"}],"wp:featuredmedia":[{"embeddable":true,"href":"https:\/\/www.europesays.com\/fr\/wp-json\/wp\/v2\/media\/311123"}],"wp:attachment":[{"href":"https:\/\/www.europesays.com\/fr\/wp-json\/wp\/v2\/media?parent=311122"}],"wp:term":[{"taxonomy":"category","embeddable":true,"href":"https:\/\/www.europesays.com\/fr\/wp-json\/wp\/v2\/categories?post=311122"},{"taxonomy":"post_tag","embeddable":true,"href":"https:\/\/www.europesays.com\/fr\/wp-json\/wp\/v2\/tags?post=311122"}],"curies":[{"name":"wp","href":"https:\/\/api.w.org\/{rel}","templated":true}]}}