{"id":311124,"date":"2025-08-11T07:59:17","date_gmt":"2025-08-11T07:59:17","guid":{"rendered":"https:\/\/www.europesays.com\/fr\/311124\/"},"modified":"2025-08-11T07:59:17","modified_gmt":"2025-08-11T07:59:17","slug":"un-cador-de-top-14-veut-doubler-toulon-pour-tommaso-menoncello","status":"publish","type":"post","link":"https:\/\/www.europesays.com\/fr\/311124\/","title":{"rendered":"Un cador de Top 14 veut doubler Toulon pour Tommaso Menoncello"},"content":{"rendered":"<p style=\"text-align: justify;\"><strong>TRANSFERTS \u2013 Selon le <a href=\"https:\/\/www.rugbyrama.fr\/2025\/08\/10\/transfertstop-14-jauneau-gailleton-albornoz-menoncello-et-duguivalu-les-dossiers-chauds-de-la-rentree-12868987.php\" target=\"_blank\" rel=\"noopener\">Midi Olympique<\/a>, le Stade Toulousain tente de doubler le RC Toulon pour signer le trois-quarts centre italien, Tommaso Menoncello.<\/strong><\/p>\n<p style=\"text-align: justify;\"><strong>Tommaso<\/strong> <strong>Menoncello<\/strong> est la nouvelle p\u00e9pite du rugby italien et devrait poser ses valises en France l\u2019\u00e9t\u00e9 prochain. D\u00e9j\u00e0 courtis\u00e9 pour venir d\u00e8s cet \u00e9t\u00e9 2025, le jeune centre transalpin a \u00e9t\u00e9 retenu par son club, le <strong>Benetton<\/strong> <strong>Tr\u00e9vise<\/strong>, qui voulait le conserver jusqu\u2019au terme de son engagement, quitte \u00e0 tirer un trait sur un joli ch\u00e8que.<\/p>\n<p>Le Stade Toulousain en pince pour Tommaso Menoncello<\/p>\n<p style=\"text-align: justify;\">Depuis plusieurs semaines, le <a href=\"https:\/\/dicodusport.fr\/blog\/rc-toulon-quel-xv-type-et-quelle-rotation-pour-la-saison-2025-2026\/\" target=\"_blank\" rel=\"noopener\"><strong>RC Toulon<\/strong><\/a> fait les yeux doux \u00e0 <strong>Tommaso<\/strong> <strong>Menoncello<\/strong>. Le club varois est le favori sur ce dossier et a une carte secr\u00e8te pour arriver \u00e0 ses fins. L\u2019ouvreur argentin <strong>Tom\u00e1s<\/strong> <strong>Albornoz<\/strong>, qui est un proche du centre italien, est tout proche du <strong>RCT<\/strong>. Les dirigeants toulonnais esp\u00e8rent donc que ce dernier pourra convaincre son ami de le suivre dans une nouvelle aventure.<\/p>\n<p style=\"text-align: justify;\">Mais le <strong>RC<\/strong> <strong>Toulon<\/strong> va faire face \u00e0 la concurrence du <a href=\"https:\/\/dicodusport.fr\/blog\/transferts-stade-toulousain-une-vague-de-prolongations-en-preparation-des-joueurs-dans-lincertitude\/\" target=\"_blank\" rel=\"noopener\"><strong>Stade<\/strong> <strong>Toulousain<\/strong><\/a>, \u00e9galement tr\u00e8s int\u00e9ress\u00e9 par <strong>Tommaso<\/strong> <strong>Menoncello<\/strong>. Les champions de France devraient perdre <strong>Pita<\/strong> <strong>Akhi<\/strong> et sont donc en qu\u00eate d\u2019un renfort au centre du terrain. Si <strong>\u00c9milien<\/strong> <strong>Gailleton<\/strong> (Section Paloise) est aussi suivi, les Toulousains avancent leurs pions pour le jeune centre international. Affaire \u00e0 suivre ces prochaines semaines.<\/p>\n<p>\u00c0 ce sujet<br \/>\n<a href=\"https:\/\/dicodusport.fr\/blog\/transferts-stade-toulousain-2025-arrivees-departs-et-prolongations\/\" class=\"vlp-link\" title=\"Transferts Stade Toulousain 2025 : Recrues, d\u00e9parts et prolongations\" target=\"_blank\" rel=\"noopener\"><img loading=\"lazy\" decoding=\"async\" style=\"max-width: 792px;\" width=\"792\" height=\"445\" class=\"attachment-800x445 size-800x445 perfmatters-lazy\" alt=\"\" src=\"https:\/\/www.europesays.com\/fr\/wp-content\/uploads\/2025\/06\/Transferts-La-Rochelle-Teddy-Thomas-signe-finalement-avec-un-cador-du-Top-14.png\"  data-\/><\/p>\n<p>Transferts Stade Toulousain 2025 : Recrues, d\u00e9parts et prolongations<\/p>\n<p>Arriv\u00e9es, d\u00e9parts et prolongations au Stade Toulousain<\/p>\n<p>Lire l&rsquo;article<\/p>\n<p>dicodusport.fr<\/p>\n","protected":false},"excerpt":{"rendered":"TRANSFERTS \u2013 Selon le Midi Olympique, le Stade Toulousain tente de doubler le RC Toulon pour signer le&hellip;\n","protected":false},"author":2,"featured_media":311125,"comment_status":"","ping_status":"","sticky":false,"template":"","format":"standard","meta":{"footnotes":""},"categories":[9619],"tags":[1111,11,2113,1777,674,1011,27,12,882,25,45107,2310,477],"class_list":{"0":"post-311124","1":"post","2":"type-post","3":"status-publish","4":"format-standard","5":"has-post-thumbnail","7":"category-toulon","8":"tag-actu","9":"tag-actualites","10":"tag-breve","11":"tag-eu","12":"tag-europe","13":"tag-fr","14":"tag-france","15":"tag-news","16":"tag-provence-alpes-cote-dazur","17":"tag-republique-francaise","18":"tag-tommaso-menoncello","19":"tag-toulon","20":"tag-transferts-rugby"},"share_on_mastodon":{"url":"https:\/\/pubeurope.com\/@fr\/115009078230243317","error":""},"_links":{"self":[{"href":"https:\/\/www.europesays.com\/fr\/wp-json\/wp\/v2\/posts\/311124","targetHints":{"allow":["GET"]}}],"collection":[{"href":"https:\/\/www.europesays.com\/fr\/wp-json\/wp\/v2\/posts"}],"about":[{"href":"https:\/\/www.europesays.com\/fr\/wp-json\/wp\/v2\/types\/post"}],"author":[{"embeddable":true,"href":"https:\/\/www.europesays.com\/fr\/wp-json\/wp\/v2\/users\/2"}],"replies":[{"embeddable":true,"href":"https:\/\/www.europesays.com\/fr\/wp-json\/wp\/v2\/comments?post=311124"}],"version-history":[{"count":0,"href":"https:\/\/www.europesays.com\/fr\/wp-json\/wp\/v2\/posts\/311124\/revisions"}],"wp:featuredmedia":[{"embeddable":true,"href":"https:\/\/www.europesays.com\/fr\/wp-json\/wp\/v2\/media\/311125"}],"wp:attachment":[{"href":"https:\/\/www.europesays.com\/fr\/wp-json\/wp\/v2\/media?parent=311124"}],"wp:term":[{"taxonomy":"category","embeddable":true,"href":"https:\/\/www.europesays.com\/fr\/wp-json\/wp\/v2\/categories?post=311124"},{"taxonomy":"post_tag","embeddable":true,"href":"https:\/\/www.europesays.com\/fr\/wp-json\/wp\/v2\/tags?post=311124"}],"curies":[{"name":"wp","href":"https:\/\/api.w.org\/{rel}","templated":true}]}}