{"id":311128,"date":"2025-08-11T08:01:12","date_gmt":"2025-08-11T08:01:12","guid":{"rendered":"https:\/\/www.europesays.com\/fr\/311128\/"},"modified":"2025-08-11T08:01:12","modified_gmt":"2025-08-11T08:01:12","slug":"trois-feux-de-vegetation-volontairement-allumes-a-vailhauques-et-montarnaud","status":"publish","type":"post","link":"https:\/\/www.europesays.com\/fr\/311128\/","title":{"rendered":"trois feux de v\u00e9g\u00e9tation volontairement allum\u00e9s \u00e0 Vailhauqu\u00e8s et Montarnaud"},"content":{"rendered":"<p>            Par<br \/>\n        <strong><br \/>\n            <a href=\"https:\/\/actu.fr\/auteur\/jm-aubert\" title=\"Consulter tous les articles de Jean-Marc Aubert\" rel=\"nofollow noopener\" target=\"_blank\">Jean-Marc Aubert<\/a><br \/>\n        <\/strong><\/p>\n<p>        Publi\u00e9 le<\/p>\n<p>            11 ao\u00fbt 2025 \u00e0 9h32        <\/p>\n<p>Trois <strong>feux de v\u00e9g\u00e9tation<\/strong> rapidement \u00e9teints ont \u00e9t\u00e9 volontairement allum\u00e9s, ce dimanche, dans les communes de <strong>Vailhauqu\u00e8s<\/strong> et de <strong>Montarnaud, <\/strong>\u00e0 une douzaine de\u00a0kilom\u00e8tres \u00e0 l\u2019ouest de Montpellier. Fort heureusement, les superficies calcin\u00e9es sont faibles et aucune habitation n\u2019a \u00e9t\u00e9 menac\u00e9e par les flammes. La gendarmerie enqu\u00eate.<\/p>\n<p>    <a href=\"https:\/\/www.google.com\/maps\/embed?pb=!1m18!1m12!1m3!1d35009.29598488023!2d3.7081624745150528!3d43.64422342224987!2m3!1f0!2f0!3f0!3m2!1i1024!2i768!4f13.1!3m3!1m2!1s0x12b1535c57d6b5bd%3A0xb98b7f18b0295f4e!2sLa%20Fenouill%C3%A8de%2C%2034570%20Vailhauqu%C3%A8s!5e0!3m2!1sfr!2sfr!4v1754894874507!5m2!1sfr!2sfr\" title=\"Ouvrie le lien\" rel=\"nofollow noopener\" target=\"_blank\">Cliquez ici pour visualiser le contenu<\/a><\/p>\n<p class=\" wall-content\">Ce dimanche 10 ao\u00fbt 2025, vers 16h, un premier incendie de broussailles hautes et d\u2019arbustes s\u2019est d\u00e9clar\u00e9 \u00e0 Vailhauqu\u00e8s, au lieu-dit La Fenouill\u00e8de, o\u00f9 une surface de 1,5 hectare a br\u00fbl\u00e9. Mais alors que les sapeurs-pompiers du <strong>Sdis 34<\/strong> et les b\u00e9n\u00e9voles de la\u00a0<strong>R\u00e9serve \u00a0communale de la S\u00e9curit\u00e9 civile<\/strong> de Vailhauqu\u00e8s et de celle de Montarnaud s\u2019interrogeraient sur l\u2019origine suspecte de ce feu, tout comme les <strong>gendarmes<\/strong> de la compagnie de Castelnau-le-Lez, sur place pour lancer leurs investigations, un deuxi\u00e8me incendie \u00e9clatait dans la garrigue, non loin de l\u00e0 \u00e0 vol d\u2019oiseau, au niveau du Mas Dieu, cette fois \u00e0 Montarnaud.\u00a0<\/p>\n<p class=\" wall-content\">\u00c0 peine arriv\u00e9s sur les lieux, les pompiers et les gendarmes \u00e9taient alert\u00e9s pour un troisi\u00e8me d\u00e9part de feu dans la nature, toujours dans la m\u00eame zone, dans le quartier Les Pradelles. Ces deux foyers ont \u00e9galement \u00e9t\u00e9 vite ma\u00eetris\u00e9s.<\/p>\n<p class=\" wall-content\">Un ou deux pyromanes ?<\/p>\n<p>Vid\u00e9os : en ce moment sur Actu<\/p>\n<p class=\" wall-content\">Les gestes criminels ne font aucun doute et des investigations sont en cours dans les services de gendarmerie, mais avec une interrogation : y a t-il un ou deux pyromanes qui ont op\u00e9r\u00e9, sans doute \u00e0 motocyclette ou en VTT, pour incendier ces trois parcelles de terrain ?<\/p>\n<p>    <a href=\"https:\/\/www.facebook.com\/plugins\/post.php?href=https%3A%2F%2Fwww.facebook.com%2Fpermalink.php%3Fstory_fbid%3Dpfbid0314zgZQuRCD622uVTh7HpuGAuUufKk5CuTuGm8sW6QNpuFf41AudM8fcAkYeuJMT9l%26id%3D100083168929118&amp;show_text=true&amp;width=350\" title=\"Ouvrie le lien\" rel=\"nofollow noopener\" target=\"_blank\">Cliquez ici pour visualiser le contenu<\/a><\/p>\n<p class=\" wall-content\">Selon un t\u00e9moin qui r\u00e9side \u00e0 Vailhauqu\u00e8s, route de Montarnaud qui s\u2019est confi\u00e9 \u00e0 <strong>M\u00e9tropolitain<\/strong>, la distance s\u00e9parant ces trois feux de v\u00e9g\u00e9tation et les mises \u00e0 feu rapproch\u00e9es laissent penser \u00e0 l\u2019hypoth\u00e8se de deux incendiaires se d\u00e9pla\u00e7ant sur des deux-roues et ayant agi de concert. Dans les zones bois\u00e9es touch\u00e9s par ces incendies, les habitants redoublent de vigilance et les b\u00e9n\u00e9voles de la R\u00e9serve communale de la S\u00e9curit\u00e9 civile de Vailhauqu\u00e8s multiplient les patrouilles. Ce sont les gendarmes des compagnies de Castelnau-le-Lez et de Lod\u00e8ve qui sont charg\u00e9es de l'(enqu\u00eate.<\/p>\n<p>Vailhauqu\u00e8s : le chemin de la discorde<\/p>\n<p class=\" wall-content\">Une r\u00e9sidante de Vailhauqu\u00e8s, Brigitte Serane ne cache pas son inqui\u00e9tude apr\u00e8s ces incendies volontaires, dont le premier allum\u00e9 \u00e0 la Fenouill\u00e8de, \u00e0 proximit\u00e9 du chemin dit de la Coste, o\u00f9 des propri\u00e9taires et la mairie ne r\u00e9alisent pas le d\u00e9broussaillement de parcelles.\u00a0\u00ab\u00a0Notre village s\u2019agrandit, mais il devient de plus en plus difficile d\u2019y bouger : d\u2019un c\u00f4t\u00e9, des propri\u00e9taires terriens priv\u00e9s ferment les acc\u00e8s, de l\u2019autre, des chemins ruraux sont impraticables volontairement ou par manque d\u2019entretien, alors que la mairie poss\u00e8de tout le mat\u00e9riel n\u00e9cessaire et le personnel\u00a0\u00bb, constate, d\u00e9sabus\u00e9e, Brigitte Serane.<\/p>\n<p>Constructions dans une zone agricole<\/p>\n<p class=\" wall-content\">Carte g\u00e9ographique \u00e0 l\u2019appui, elle se demande \u00ab\u00a0pourquoi l\u2019ancien chemin dit de La Coste a \u00e9t\u00e9 ferm\u00e9 ces derni\u00e8res ann\u00e9es par un portail et qu\u2019apr\u00e8s son ouverture, il a \u00e9t\u00e9 impossible de progresser sur les 2,8 km. Une voie condamn\u00e9e, alors que ce chemin rural traverse la propri\u00e9t\u00e9 de la famille du maire, Hussam Almallak. Des constructions y ont \u00e9t\u00e9 faites au Mas Bastian, dans une zone naturelle partiellement agricole\u00a0\u00bb.<\/p>\n<p>    <img   decoding=\"async\" loading=\"lazy\" src=\"https:\/\/www.europesays.com\/fr\/wp-content\/uploads\/2025\/08\/0-77-960x640-1-960x640.jpeg\" alt=\"\u00c0 Vailhauqu\u00e8s, le chemin de la discorde \" width=\"960\" height=\"640\"\/><br \/>\n    \u00c0 Vailhauqu\u00e8s, le chemin de la discorde (\u00a9M\u00e9tropolitain)Depuis d\u00e9but 2023<\/p>\n<p class=\" wall-content\">La situation a perdur\u00e9 depuis d\u00e9but 2023, en d\u00e9pit de courriels adress\u00e9s en d\u00e9cembre 2022 au maire de Vailhauq\u00e8s, au service de l\u2019urbanisme et au policier rural par le propri\u00e9taire terrien, qui demandait la remise en \u00e9tat dans les plus brefs d\u00e9lais de ce chemin communal, avant qu\u2019ils ne trouvent un terrain d\u2019entente.\u00a0En effet, la famille du maire a r\u00e9pondu favorablement aux courriels et a ouvert le portail, \u00ab\u00a0mais l\u2019\u00e9tat du chemin rural communal non entretenu emp\u00eache de faire des promenades, et les broussailles et sous-bois tr\u00e8s secs s\u2019embrasent facilement\u00a0\u00bb, rel\u00e8ve Brigitte Serane, qui fait part de son inqui\u00e9tude apr\u00e8s le premier feu de v\u00e9g\u00e9tation allum\u00e9 par un incendiaire, ce dimanche, pas tr\u00e8s loin du chemin dit de la Coste.<\/p>\n<p>La position de la mairie\u00a0<\/p>\n<p class=\" wall-content\">Sollicit\u00e9e par <strong>M\u00e9tropolitain<\/strong>, la mairie de Vailhauqu\u00e8s s\u2019exprime par la voix de Mme Dominique Cheylan : \u00ab\u00a0Les chemins ruraux de la commune ont \u00e9t\u00e9 r\u00e9pertori\u00e9s en 2017, lors du classement des voies communales et chemins ruraux. L\u2019\u00e9quipe municipale en place depuis 2020 a souhait\u00e9 proc\u00e9der \u00e0 la remise en \u00e9tat des chemins ruraux et \u00e0 la cr\u00e9ation de boucles pi\u00e9tonnes, afin de permettre \u00e0 la population de d\u00e9couvrir de nouveaux sentiers et de se promener en toute s\u00e9curit\u00e9\u00a0\u00bb.\u00a0Elle assure que, \u00ab\u00a0la remise en \u00e9tat et la r\u00e9ouverture de certains chemins ruraux n\u00e9cessitent la mise en \u0153uvre de proc\u00e9dures parfois complexes et co\u00fbteuses, car certains passages sont en mauvais \u00e9tat et inutilis\u00e9s depuis de nombreuses ann\u00e9es ou ont \u00e9t\u00e9 ferm\u00e9s par les propri\u00e9taires riverains.\u00a0Des n\u00e9gociations ou solutions alternatives sont engag\u00e9es, afin de permettre au plus grand nombre de profiter de ces espaces naturels de la commune\u00a0\u00bb.\u00a0Bref, ce chemin rural de la discorde reste toujours sans issue pour l\u2019heure \u00e0 Vailhauqu\u00e8s.<\/p>\n<p class=\" wall-content\">Suivez toute l\u2019actualit\u00e9 de vos villes et m\u00e9dias favoris en vous inscrivant \u00e0 <a href=\"https:\/\/moncompte.actu.fr\" title=\"D\u00e9couvez Mon Actu\" rel=\"nofollow noopener\" data-trk=\"{&quot;cta&quot;:{&quot;action&quot;:&quot;https:\\\/\\\/moncompte.actu.fr&quot;,&quot;category&quot;:&quot;mon compte&quot;,&quot;from&quot;:&quot;article footer&quot;,&quot;name&quot;:&quot;Mon actu&quot;,&quot;type&quot;:&quot;cta&quot;}}\" target=\"_blank\">Mon Actu<\/a>.<\/p>\n","protected":false},"excerpt":{"rendered":"Par Jean-Marc Aubert Publi\u00e9 le 11 ao\u00fbt 2025 \u00e0 9h32 Trois feux de v\u00e9g\u00e9tation rapidement \u00e9teints ont \u00e9t\u00e9&hellip;\n","protected":false},"author":2,"featured_media":311129,"comment_status":"","ping_status":"","sticky":false,"template":"","format":"standard","meta":{"footnotes":""},"categories":[9599],"tags":[1111,11,1777,674,118,1011,27,3381,1310,2208,12,2680,1311,25],"class_list":{"0":"post-311128","1":"post","2":"type-post","3":"status-publish","4":"format-standard","5":"has-post-thumbnail","7":"category-montpellier","8":"tag-actu","9":"tag-actualites","10":"tag-eu","11":"tag-europe","12":"tag-faits-divers","13":"tag-fr","14":"tag-france","15":"tag-gendarmerie","16":"tag-incendie","17":"tag-montpellier","18":"tag-news","19":"tag-occitanie","20":"tag-pompiers","21":"tag-republique-francaise"},"share_on_mastodon":{"url":"https:\/\/pubeurope.com\/@fr\/115009085945552266","error":""},"_links":{"self":[{"href":"https:\/\/www.europesays.com\/fr\/wp-json\/wp\/v2\/posts\/311128","targetHints":{"allow":["GET"]}}],"collection":[{"href":"https:\/\/www.europesays.com\/fr\/wp-json\/wp\/v2\/posts"}],"about":[{"href":"https:\/\/www.europesays.com\/fr\/wp-json\/wp\/v2\/types\/post"}],"author":[{"embeddable":true,"href":"https:\/\/www.europesays.com\/fr\/wp-json\/wp\/v2\/users\/2"}],"replies":[{"embeddable":true,"href":"https:\/\/www.europesays.com\/fr\/wp-json\/wp\/v2\/comments?post=311128"}],"version-history":[{"count":0,"href":"https:\/\/www.europesays.com\/fr\/wp-json\/wp\/v2\/posts\/311128\/revisions"}],"wp:featuredmedia":[{"embeddable":true,"href":"https:\/\/www.europesays.com\/fr\/wp-json\/wp\/v2\/media\/311129"}],"wp:attachment":[{"href":"https:\/\/www.europesays.com\/fr\/wp-json\/wp\/v2\/media?parent=311128"}],"wp:term":[{"taxonomy":"category","embeddable":true,"href":"https:\/\/www.europesays.com\/fr\/wp-json\/wp\/v2\/categories?post=311128"},{"taxonomy":"post_tag","embeddable":true,"href":"https:\/\/www.europesays.com\/fr\/wp-json\/wp\/v2\/tags?post=311128"}],"curies":[{"name":"wp","href":"https:\/\/api.w.org\/{rel}","templated":true}]}}