{"id":311132,"date":"2025-08-11T08:07:10","date_gmt":"2025-08-11T08:07:10","guid":{"rendered":"https:\/\/www.europesays.com\/fr\/311132\/"},"modified":"2025-08-11T08:07:10","modified_gmt":"2025-08-11T08:07:10","slug":"meteo-france-declenche-la-vigilance-canicule","status":"publish","type":"post","link":"https:\/\/www.europesays.com\/fr\/311132\/","title":{"rendered":"M\u00e9t\u00e9o France d\u00e9clenche la vigilance canicule"},"content":{"rendered":"<p>            Par<br \/>\n        <strong><br \/>\n            <a href=\"https:\/\/actu.fr\/auteur\/clemence-pays02-actu-fr\" title=\"Consulter tous les articles de Cl\u00e9mence Pays\" rel=\"nofollow noopener\" target=\"_blank\">Cl\u00e9mence Pays<\/a><br \/>\n        <\/strong><\/p>\n<p>        Publi\u00e9 le<\/p>\n<p>            11 ao\u00fbt 2025 \u00e0 9h54        <\/p>\n<p>Alors qu\u2019une masse d\u2019air chaud progresse sur le grand ouest, <a href=\"https:\/\/actu.fr\/meteo\/canicule-meteo-france-degaine-la-vigilance-rouge-12-departements-concernes_63019937.html\" rel=\"nofollow noopener\" target=\"_blank\">la chaleur va s\u2019installer sur une partie de la France<\/a>. En revanche, \u00ab\u2009sur l\u2019Ille-et-Vilaine et l\u2019ouest des Pays de la Loire, on assiste \u00e0 <strong>un pic de chaleur limit\u00e9<\/strong> \u00e0 la journ\u00e9e de lundi [11\u00a0ao\u00fbt 2025]\u2009\u00bb, indique M\u00e9t\u00e9o France.<\/p>\n<p class=\" wall-content\">Pour cette raison, le d\u00e9partement d\u2019<a href=\"https:\/\/actu.fr\/bretagne\/ille-et-vilaine_35\" rel=\"nofollow noopener\" target=\"_blank\">Ille-et-Vilaine<\/a> est plac\u00e9 en <strong>vigilance jaune canicule,<\/strong> ce lundi 11\u00a0ao\u00fbt, <strong>de 12h \u00e0 minuit. <\/strong>Selon le bulletin de M\u00e9t\u00e9o France de 6h, la situation devrait persister jusqu\u2019\u00e0 mardi matin.<\/p>\n<p class=\" wall-content\">\n<p class=\" wall-content\">De leur c\u00f4t\u00e9, <a href=\"https:\/\/actu.fr\/bretagne\/lorient_56121\/meteo-vigilance-pour-orages-ou-sont-attendues-les-intemperies-dans-le-morbihan_63020570.html\" rel=\"nofollow noopener\" target=\"_blank\">le Morbihan<\/a>, <a href=\"https:\/\/actu.fr\/bretagne\/quimper_29232\/orages-le-finistere-en-vigilance-jaune-selon-meteo-france_63020480.html\" rel=\"nofollow noopener\" target=\"_blank\">le Finist\u00e8re<\/a> et les C\u00f4tes-d\u2019Armor sont plac\u00e9s en <strong>vigilance jaune orages.<\/strong><\/p>\n<p>De la chaleur dans les terres et sur la c\u00f4te<\/p>\n<p class=\" wall-content\">Ainsi, les pr\u00e9visions indiquent 29 \u00b0C \u00e0 <a href=\"https:\/\/actu.fr\/rennes\/\" rel=\"nofollow noopener\" target=\"_blank\">Rennes<\/a> d\u00e8s le matin et jusqu\u2019\u00e0 <strong>34\u00a0\u00b0C l\u2019apr\u00e8s-midi.<\/strong> En soir\u00e9e, la baisse du mercure sera faible avec 29\u00a0\u00b0C. Il faudra attendre la nuit pour retrouver des temp\u00e9ratures douces avec 20\u00a0\u00b0C.<\/p>\n<p class=\" wall-content\">\u00c0 <a href=\"https:\/\/actu.fr\/le-journal-de-vitre\/\" rel=\"nofollow noopener\" target=\"_blank\">Vitr\u00e9<\/a> et <a href=\"https:\/\/actu.fr\/la-chronique-republicaine\/\" rel=\"nofollow noopener\" target=\"_blank\">Foug\u00e8res<\/a>, la situation sera semblable avec 28\u00a0\u00b0C le matin et <strong>33\u00a0\u00b0C l\u2019apr\u00e8s-midi.<\/strong> En soir\u00e9e, il fera 28\u00a0\u00b0C et la nuit 21\u00a0\u00b0C.<\/p>\n<p class=\" wall-content\">Il ne fera pas beaucoup plus frais en bord de mer. Malgr\u00e9 une pluie faible le matin \u00e0 <a href=\"https:\/\/actu.fr\/le-pays-malouin\/\" rel=\"nofollow noopener\" target=\"_blank\">Saint-Malo<\/a>, le mercure va progressivement grimper jusqu\u2019\u00e0 28\u00a0\u00b0C en matin\u00e9e, pour atteindre <strong>30\u00a0\u00b0C l\u2019apr\u00e8s-midi.<\/strong> La douceur sera de retour en soir\u00e9e, avec 24\u00a0\u00b0C et 21\u00a0\u00b0C la nuit. \u00c0 noter \u00e9galement, des<strong> rafales de 40 \u00e0 50\u00a0km\/h<\/strong> tout au long de la journ\u00e9e.<\/p>\n<p>Rappel des consignes<\/p>\n<p class=\" wall-content\">En p\u00e9riode de fortes chaleurs, la pr\u00e9fecture d\u2019Ille-et-Vilaine rappelle de<\/p>\n<ul class=\" wall-content\">\n<li><strong>boire r\u00e9guli\u00e8rement de l\u2019eau\u2009;<\/strong><\/li>\n<li>mouiller son corps plusieurs fois par jour\u2009;<\/li>\n<li>fermer volets et fen\u00eatres pendant la journ\u00e9e et a\u00e9rer pendant la nuit\u2009;<\/li>\n<li><strong>faire attention aux personnes fragiles et\/ou isol\u00e9es.<\/strong><\/li>\n<\/ul>\n<p class=\" wall-content\">Suivez toute l\u2019actualit\u00e9 de vos villes et m\u00e9dias favoris en vous inscrivant \u00e0 <a href=\"https:\/\/moncompte.actu.fr\" title=\"D\u00e9couvez Mon Actu\" rel=\"nofollow noopener\" data-trk=\"{&quot;cta&quot;:{&quot;action&quot;:&quot;https:\\\/\\\/moncompte.actu.fr&quot;,&quot;category&quot;:&quot;mon compte&quot;,&quot;from&quot;:&quot;article footer&quot;,&quot;name&quot;:&quot;Mon actu&quot;,&quot;type&quot;:&quot;cta&quot;}}\" target=\"_blank\">Mon Actu<\/a>.<\/p>\n","protected":false},"excerpt":{"rendered":"Par Cl\u00e9mence Pays Publi\u00e9 le 11 ao\u00fbt 2025 \u00e0 9h54 Alors qu\u2019une masse d\u2019air chaud progresse sur le&hellip;\n","protected":false},"author":2,"featured_media":189484,"comment_status":"","ping_status":"","sticky":false,"template":"","format":"standard","meta":{"footnotes":""},"categories":[2821],"tags":[1111,11,829,1777,674,1011,27,12,584,25,104],"class_list":{"0":"post-311132","1":"post","2":"type-post","3":"status-publish","4":"format-standard","5":"has-post-thumbnail","7":"category-rennes","8":"tag-actu","9":"tag-actualites","10":"tag-bretagne","11":"tag-eu","12":"tag-europe","13":"tag-fr","14":"tag-france","15":"tag-news","16":"tag-rennes","17":"tag-republique-francaise","18":"tag-societe"},"share_on_mastodon":{"url":"https:\/\/pubeurope.com\/@fr\/115009109542857245","error":""},"_links":{"self":[{"href":"https:\/\/www.europesays.com\/fr\/wp-json\/wp\/v2\/posts\/311132","targetHints":{"allow":["GET"]}}],"collection":[{"href":"https:\/\/www.europesays.com\/fr\/wp-json\/wp\/v2\/posts"}],"about":[{"href":"https:\/\/www.europesays.com\/fr\/wp-json\/wp\/v2\/types\/post"}],"author":[{"embeddable":true,"href":"https:\/\/www.europesays.com\/fr\/wp-json\/wp\/v2\/users\/2"}],"replies":[{"embeddable":true,"href":"https:\/\/www.europesays.com\/fr\/wp-json\/wp\/v2\/comments?post=311132"}],"version-history":[{"count":0,"href":"https:\/\/www.europesays.com\/fr\/wp-json\/wp\/v2\/posts\/311132\/revisions"}],"wp:featuredmedia":[{"embeddable":true,"href":"https:\/\/www.europesays.com\/fr\/wp-json\/wp\/v2\/media\/189484"}],"wp:attachment":[{"href":"https:\/\/www.europesays.com\/fr\/wp-json\/wp\/v2\/media?parent=311132"}],"wp:term":[{"taxonomy":"category","embeddable":true,"href":"https:\/\/www.europesays.com\/fr\/wp-json\/wp\/v2\/categories?post=311132"},{"taxonomy":"post_tag","embeddable":true,"href":"https:\/\/www.europesays.com\/fr\/wp-json\/wp\/v2\/tags?post=311132"}],"curies":[{"name":"wp","href":"https:\/\/api.w.org\/{rel}","templated":true}]}}