{"id":311133,"date":"2025-08-11T08:09:04","date_gmt":"2025-08-11T08:09:04","guid":{"rendered":"https:\/\/www.europesays.com\/fr\/311133\/"},"modified":"2025-08-11T08:09:04","modified_gmt":"2025-08-11T08:09:04","slug":"un-premier-depart-officiel-chez-arkea-bb-hotels","status":"publish","type":"post","link":"https:\/\/www.europesays.com\/fr\/311133\/","title":{"rendered":"Un premier d\u00e9part officiel chez Ark\u00e9a-B&#038;B Hotels"},"content":{"rendered":"<p>Sur ses r\u00e9seaux, l\u2019\u00e9quipe cycliste Uno-X Mobility Cycling annonce, ce dimanche l\u2019arriv\u00e9e du Norv\u00e9gien Martin Tjotta, qui a sign\u00e9 un contrat de trois ans jusqu\u2019en 2028.<\/p>\n<p>Martin Tjotta avait rejoint Ark\u00e9a B &amp; B Hotels en 2024 dans l\u2019\u00e9quipe r\u00e9serve avant de monter avec l\u2019\u00e9quipe WorldTour en 2025.<\/p>\n<blockquote class=\"instagram-media\" data-instgrm-captioned=\"\" data-instgrm-permalink=\"https:\/\/www.instagram.com\/p\/DNLBbvYtc_d\/?utm_source=ig_embed&amp;utm_campaign=loading\" data-instgrm-version=\"14\" style=\" background:#FFF; border:0; border-radius:3px; box-shadow:0 0 1px 0 rgba(0,0,0,0.5),0 1px 10px 0 rgba(0,0,0,0.15); margin: 1px; max-width:540px; min-width:326px; padding:0; width:99.375%; width:-webkit-calc(100% - 2px); width:calc(100% - 2px);\"\/><p>\u00ab Il peut devenir un excellent grimpeur \u00bb<\/p>\n<p>Emmanuel Hubert n\u2019ayant toujours pas annonc\u00e9 s\u2019il avait trouv\u00e9 un budget pour repartir sur la saison prochaine, les coureurs commencent \u00e0 regarder et Martin Tjotta est le premier \u00e0 signer dans une autre \u00e9quipe.<\/p>\n<p>Le directeur g\u00e9n\u00e9ral de l\u2019\u00e9quipe norv\u00e9gienne, Thor Hushovd estime \u00ab que Tj\u00f8tta est pr\u00eat \u00e0 franchir une nouvelle \u00e9tape dans sa carri\u00e8re. C\u2019est est un coureur qui m\u00e9rite qu\u2019on investisse sur lui. Je pense qu\u2019il peut devenir un excellent grimpeur chez nous .<\/p>\n<p>En deux saisons avec Ark\u00e9a-B &amp; B Hotels, Martin Tjotta a particip\u00e9 au Giro et au Tour de Suisse en 2025. Sur l\u2019Arctic Race of Norway, il a termin\u00e9 deux fois dans le top 10, prenant une excellente septi\u00e8me place au classement g\u00e9n\u00e9ral.<\/p>\n<p><script async src=\"\/\/www.instagram.com\/embed.js\"><\/script><\/p>\n","protected":false},"excerpt":{"rendered":"Sur ses r\u00e9seaux, l\u2019\u00e9quipe cycliste Uno-X Mobility Cycling annonce, ce dimanche l\u2019arriv\u00e9e du Norv\u00e9gien Martin Tjotta, qui a&hellip;\n","protected":false},"author":2,"featured_media":311134,"comment_status":"","ping_status":"","sticky":false,"template":"","format":"standard","meta":{"footnotes":""},"categories":[2821],"tags":[1111,11,34378,829,207,765,3166,1777,674,1011,27,12,45120,2427,584,25,60],"class_list":{"0":"post-311133","1":"post","2":"type-post","3":"status-publish","4":"format-standard","5":"has-post-thumbnail","7":"category-rennes","8":"tag-actu","9":"tag-actualites","10":"tag-arkea-bb-hotels","11":"tag-bretagne","12":"tag-cyclisme","13":"tag-en-continu","14":"tag-en-continu-sports","15":"tag-eu","16":"tag-europe","17":"tag-fr","18":"tag-france","19":"tag-news","20":"tag-newsletter-cyclisme","21":"tag-professionnels","22":"tag-rennes","23":"tag-republique-francaise","24":"tag-sports"},"share_on_mastodon":{"url":"https:\/\/pubeurope.com\/@fr\/115009117429619099","error":""},"_links":{"self":[{"href":"https:\/\/www.europesays.com\/fr\/wp-json\/wp\/v2\/posts\/311133","targetHints":{"allow":["GET"]}}],"collection":[{"href":"https:\/\/www.europesays.com\/fr\/wp-json\/wp\/v2\/posts"}],"about":[{"href":"https:\/\/www.europesays.com\/fr\/wp-json\/wp\/v2\/types\/post"}],"author":[{"embeddable":true,"href":"https:\/\/www.europesays.com\/fr\/wp-json\/wp\/v2\/users\/2"}],"replies":[{"embeddable":true,"href":"https:\/\/www.europesays.com\/fr\/wp-json\/wp\/v2\/comments?post=311133"}],"version-history":[{"count":0,"href":"https:\/\/www.europesays.com\/fr\/wp-json\/wp\/v2\/posts\/311133\/revisions"}],"wp:featuredmedia":[{"embeddable":true,"href":"https:\/\/www.europesays.com\/fr\/wp-json\/wp\/v2\/media\/311134"}],"wp:attachment":[{"href":"https:\/\/www.europesays.com\/fr\/wp-json\/wp\/v2\/media?parent=311133"}],"wp:term":[{"taxonomy":"category","embeddable":true,"href":"https:\/\/www.europesays.com\/fr\/wp-json\/wp\/v2\/categories?post=311133"},{"taxonomy":"post_tag","embeddable":true,"href":"https:\/\/www.europesays.com\/fr\/wp-json\/wp\/v2\/tags?post=311133"}],"curies":[{"name":"wp","href":"https:\/\/api.w.org\/{rel}","templated":true}]}}