{"id":311141,"date":"2025-08-11T08:15:14","date_gmt":"2025-08-11T08:15:14","guid":{"rendered":"https:\/\/www.europesays.com\/fr\/311141\/"},"modified":"2025-08-11T08:15:14","modified_gmt":"2025-08-11T08:15:14","slug":"meteo-en-bretagne-fortes-chaleurs-et-ciel-bleu-ce-lundi-le-telegramme","status":"publish","type":"post","link":"https:\/\/www.europesays.com\/fr\/311141\/","title":{"rendered":"M\u00e9t\u00e9o en Bretagne : fortes chaleurs et ciel bleu ce lundi &#8211; Le T\u00e9l\u00e9gramme"},"content":{"rendered":"<ol>\n<li><a href=\"https:\/\/news.google.com\/rss\/articles\/CBMipwFBVV95cUxNNUxIYU9sVjdJdHpsaFk5ZkRLTzVhSUZLYXhWLXY2QnVaSDhpSUN5MG1EMGtCRmtkRURZc01xVkFLYzByelVCWGI0U0RqaGNuR0tmaUpzVFpNaVFtSFV5a0ppRG9iZ2lvZ0JHamZFaHZPTk5vSURjWG4xMVNSLVZHeXh2SzBYUUFxZ2MyZlFSc2NWMGZOUTFtTXZfRHVzVF9aRDUzdUJIdw?oc=5\" target=\"_blank\" rel=\"noopener\">M\u00e9t\u00e9o en Bretagne : fortes chaleurs et ciel bleu ce lundi<\/a>&nbsp;&nbsp;Le T\u00e9l\u00e9gramme<\/li>\n<li><a href=\"https:\/\/news.google.com\/rss\/articles\/CBMi8AFBVV95cUxObjlrcDd1c1U0N2xudXUzS0h4NXRMRjBYSjV0NVcydmY2SzN4RDBEdzJRSGZ2V1o5TFNQMjVkZFlrMDNGNUc2VDNualpoWVkwSG1DdnJOdTM5UWdqNFdzUy1CNXZTWmc3UVVpbVhaQmVPZk5rNkdQYlg3ZnRFNXVkT2xBT0V2M1pucy1ZTFlFTE5uUlBLdUhEOW9hZFBYYzJ5OEpfcnZsTEMtUlN0NHY4NEJKYWd2UHBsS2gwT0dNM0lGVU5DSDFHT0VDc2pmVURPZzg3RV9RaFVIN0RyblNGN1VTdkNGdUttTkU1cTN0TnQ?oc=5\" target=\"_blank\" rel=\"noopener\">La journ\u00e9e de ce lundi sera tr\u00e8s chaude, le Maine-et-Loire en vigilance canicule<\/a>&nbsp;&nbsp;Ouest-France<\/li>\n<li><a href=\"https:\/\/news.google.com\/rss\/articles\/CBMilgFBVV95cUxOVWhsamdKN2k5dW5qQmtiaHpNMWFVTjYyV01TTG5Yd2RrNWZZSjZXSlU3ckRSRFJFVzZDQUNMR2JLYjZmM1Q3MWlIOHJBb3lNMWJIWlk2QXF0SVd0dGdoYVhLMVladkhlSWk2TXZySGd4TzE2R2x0TS1tMUN1SktlOE4yTjhXZ2NaSW5wc0NEZU5UdFAtMEE?oc=5\" target=\"_blank\" rel=\"noopener\">Pr\u00e9visions m\u00e9t\u00e9o du lundi 11 ao\u00fbt 2025 \u00e0 Rennes<\/a>&nbsp;&nbsp;20 Minutes<\/li>\n<li><a href=\"https:\/\/news.google.com\/rss\/articles\/CBMi3AFBVV95cUxQMllUUkpJSWM1aWZwTGFMVEk4MUo0Ykg4N2VDMk1BUmdtbDZReE9BNDJhY2t2eHNKZjNOeTczcmktSlNKM1ZXZk1CVVcxMjhuX1pFeW0zUnVSWk5uOHdNTlNfclNNWVZUNlNDZzN3azRxWExMYlpZY3k5NnBkNGtVTFBvSFdzbVNEVnlRODF6Ym5kOUNLSFhBVGVmYmg0UWUzeG1kZXpyVmY3ejBFbzhoSHMzQTEwWTZaT3A3dEdZRUpVOVpqdXA5Y09NSmhGakJRa2tuYkRuMm93YlJ5?oc=5\" target=\"_blank\" rel=\"noopener\">Jusqu&rsquo;\u00e0 38\u00b0C : un pic de chaleur attendu en Bretagne, voici les villes o\u00f9 il fera le plus chaud<\/a>&nbsp;&nbsp;Actu.fr<\/li>\n<\/ol>\n","protected":false},"excerpt":{"rendered":"M\u00e9t\u00e9o en Bretagne : fortes chaleurs et ciel bleu ce lundi&nbsp;&nbsp;Le T\u00e9l\u00e9gramme La journ\u00e9e de ce lundi sera&hellip;\n","protected":false},"author":2,"featured_media":311142,"comment_status":"","ping_status":"","sticky":false,"template":"","format":"standard","meta":{"footnotes":""},"categories":[2818],"tags":[1111,11,829,2171,765,1777,674,3321,1011,27,848,21570,3729,766,12,2636,25],"class_list":{"0":"post-311141","1":"post","2":"type-post","3":"status-publish","4":"format-standard","5":"has-post-thumbnail","7":"category-nantes","8":"tag-actu","9":"tag-actualites","10":"tag-bretagne","11":"tag-cotes-darmor","12":"tag-en-continu","13":"tag-eu","14":"tag-europe","15":"tag-finistere","16":"tag-fr","17":"tag-france","18":"tag-ille-et-vilaine","19":"tag-meteo-en-bretagne","20":"tag-morbihan","21":"tag-nantes","22":"tag-news","23":"tag-pays-de-la-loire","24":"tag-republique-francaise"},"share_on_mastodon":{"url":"https:\/\/pubeurope.com\/@fr\/115009141107229143","error":""},"_links":{"self":[{"href":"https:\/\/www.europesays.com\/fr\/wp-json\/wp\/v2\/posts\/311141","targetHints":{"allow":["GET"]}}],"collection":[{"href":"https:\/\/www.europesays.com\/fr\/wp-json\/wp\/v2\/posts"}],"about":[{"href":"https:\/\/www.europesays.com\/fr\/wp-json\/wp\/v2\/types\/post"}],"author":[{"embeddable":true,"href":"https:\/\/www.europesays.com\/fr\/wp-json\/wp\/v2\/users\/2"}],"replies":[{"embeddable":true,"href":"https:\/\/www.europesays.com\/fr\/wp-json\/wp\/v2\/comments?post=311141"}],"version-history":[{"count":0,"href":"https:\/\/www.europesays.com\/fr\/wp-json\/wp\/v2\/posts\/311141\/revisions"}],"wp:featuredmedia":[{"embeddable":true,"href":"https:\/\/www.europesays.com\/fr\/wp-json\/wp\/v2\/media\/311142"}],"wp:attachment":[{"href":"https:\/\/www.europesays.com\/fr\/wp-json\/wp\/v2\/media?parent=311141"}],"wp:term":[{"taxonomy":"category","embeddable":true,"href":"https:\/\/www.europesays.com\/fr\/wp-json\/wp\/v2\/categories?post=311141"},{"taxonomy":"post_tag","embeddable":true,"href":"https:\/\/www.europesays.com\/fr\/wp-json\/wp\/v2\/tags?post=311141"}],"curies":[{"name":"wp","href":"https:\/\/api.w.org\/{rel}","templated":true}]}}