{"id":311143,"date":"2025-08-11T08:16:13","date_gmt":"2025-08-11T08:16:13","guid":{"rendered":"https:\/\/www.europesays.com\/fr\/311143\/"},"modified":"2025-08-11T08:16:13","modified_gmt":"2025-08-11T08:16:13","slug":"la-loire-atlantique-en-vigilance-jaune-canicule-jusqua-mardi-matin","status":"publish","type":"post","link":"https:\/\/www.europesays.com\/fr\/311143\/","title":{"rendered":"la Loire-Atlantique en vigilance jaune canicule jusqu&rsquo;\u00e0 mardi matin"},"content":{"rendered":"<p>            Par<br \/>\n        <strong><br \/>\n            <a href=\"https:\/\/actu.fr\/auteur\/emma-derome\" title=\"Consulter tous les articles de Emma Derome\" target=\"_blank\" rel=\"noopener\">Emma Derome<\/a><br \/>\n        <\/strong><\/p>\n<p>        Publi\u00e9 le<\/p>\n<p>            11 ao\u00fbt 2025 \u00e0 9h22        <\/p>\n<p><a href=\"https:\/\/vigilance.meteofrance.fr\/fr\" target=\"_blank\" rel=\"noopener\">M\u00e9t\u00e9o France<\/a> alerte\u2009: la moiti\u00e9 de la France va souffrir des <strong>fortes chaleurs<\/strong>, cette semaine. La Loire-Atlantique n\u2019est pas exclue\u2009: la <strong>vigilance jaune canicule<\/strong> a \u00e9t\u00e9 d\u00e9clar\u00e9e pour ce lundi 11\u00a0ao\u00fbt \u00e0 partir de midi et jusqu\u2019au mardi 12\u00a0ao\u00fbt \u00e0 6\u00a0heures.<\/p>\n<p>Des temp\u00e9ratures extr\u00eames<\/p>\n<p class=\" wall-content\">Il faudra donc \u00eatre <strong>vigilant<\/strong> face au <a href=\"https:\/\/actu.fr\/meteo\/canicule-le-record-de-chaleur-de-france-peut-il-etre-battu-ce-lundi-voici-les-temperatures-attendues_63020553.html\" target=\"_blank\" rel=\"noopener\">mercure qui va grimper<\/a> ce lundi en journ\u00e9e et <strong>rester assez \u00e9lev\u00e9 pendant la nuit<\/strong>. L\u2019agence m\u00e9t\u00e9orologique attend <strong>jusqu\u2019\u00e0 37\u00a0\u00b0C \u00e0 Nantes<\/strong>, 38\u00a0\u00b0C \u00e0 Ancenis et dans le vignoble, 39\u00a0\u00b0C \u00e0 Saint-Philibert-de-Grand-Lieu et <strong>40\u00a0\u00b0C \u00e0 la fronti\u00e8re vend\u00e9enne<\/strong>.<\/p>\n<p class=\" wall-content\">Dans la nuit, les temp\u00e9ratures ne baisseront pas en dessous des 18\u00a0\u00b0C \u00e0 20\u00a0\u00b0C. Heureusement, la chaleur sera <strong>plus mod\u00e9r\u00e9e mardi<\/strong>, avec un maximum de <strong>27\u00a0\u00b0C \u00e0 Nantes<\/strong>, 29\u00a0\u00b0C \u00e0 Ch\u00e2teaubriant et 30\u00a0\u00b0C \u00e0 Ancenis. Sur la c\u00f4te, il fera <strong>beaucoup plus doux<\/strong>, avec 23\u00a0\u00b0C \u00e0 Saint-Nazaire.<\/p>\n<p class=\" wall-content\">\n<p>Retour de la canicule ce week-end\u2009?<\/p>\n<p class=\" wall-content\">Si les Lig\u00e9riens et les touristes de passage devraient avoir un peu de r\u00e9pit cette semaine, <strong>la canicule pourrait \u00eatre de retour d\u00e8s le week-end prochain<\/strong>, avec des temp\u00e9ratures allant jusqu\u2019\u00e0 36\u00a0\u00b0C \u00e0 Nantes ou 34\u00a0\u00b0C \u00e0 Saint-Nazaire (indice de confiance 3\/5) et, surtout, des temp\u00e9ratures de <strong>plus de 20\u00a0\u00b0C dans les nuits<\/strong> du vendredi\u00a015 au samedi 16\u00a0ao\u00fbt et du samedi\u00a016 au dimanche 17\u00a0ao\u00fbt.<\/p>\n<p class=\" wall-content\">Suivez toute l\u2019actualit\u00e9 de vos villes et m\u00e9dias favoris en vous inscrivant \u00e0 <a href=\"https:\/\/moncompte.actu.fr\" title=\"D\u00e9couvez Mon Actu\" rel=\"nofollow noopener\" data-trk=\"{&quot;cta&quot;:{&quot;action&quot;:&quot;https:\\\/\\\/moncompte.actu.fr&quot;,&quot;category&quot;:&quot;mon compte&quot;,&quot;from&quot;:&quot;article footer&quot;,&quot;name&quot;:&quot;Mon actu&quot;,&quot;type&quot;:&quot;cta&quot;}}\" target=\"_blank\">Mon Actu<\/a>.<\/p>\n<ul class=\"ac-article-tag wall-content\">\n<li><a href=\"https:\/\/actu.fr\/tag\/canicule\" data-trk=\"{&quot;cta&quot;:{&quot;action&quot;:&quot;Canicule&quot;,&quot;category&quot;:&quot;tag&quot;,&quot;from&quot;:&quot;article footer&quot;,&quot;name&quot;:&quot;Canicule&quot;,&quot;type&quot;:&quot;cta&quot;}}\" target=\"_blank\" rel=\"noopener\">#Canicule<\/a><\/li>\n<li><a href=\"https:\/\/actu.fr\/tag\/vague-de-chaleur\" data-trk=\"{&quot;cta&quot;:{&quot;action&quot;:&quot;Vague de chaleur&quot;,&quot;category&quot;:&quot;tag&quot;,&quot;from&quot;:&quot;article footer&quot;,&quot;name&quot;:&quot;Vague de chaleur&quot;,&quot;type&quot;:&quot;cta&quot;}}\" target=\"_blank\" rel=\"noopener\">#Vague de chaleur<\/a><\/li>\n<\/ul>\n","protected":false},"excerpt":{"rendered":"Par Emma Derome Publi\u00e9 le 11 ao\u00fbt 2025 \u00e0 9h22 M\u00e9t\u00e9o France alerte\u2009: la moiti\u00e9 de la France&hellip;\n","protected":false},"author":2,"featured_media":303749,"comment_status":"","ping_status":"","sticky":false,"template":"","format":"standard","meta":{"footnotes":""},"categories":[2818],"tags":[1111,11,6698,1777,674,1011,27,2487,766,12,2636,25,15637],"class_list":{"0":"post-311143","1":"post","2":"type-post","3":"status-publish","4":"format-standard","5":"has-post-thumbnail","7":"category-nantes","8":"tag-actu","9":"tag-actualites","10":"tag-canicule","11":"tag-eu","12":"tag-europe","13":"tag-fr","14":"tag-france","15":"tag-meteo","16":"tag-nantes","17":"tag-news","18":"tag-pays-de-la-loire","19":"tag-republique-francaise","20":"tag-vague-de-chaleur"},"share_on_mastodon":{"url":"https:\/\/pubeurope.com\/@fr\/115009145204187634","error":""},"_links":{"self":[{"href":"https:\/\/www.europesays.com\/fr\/wp-json\/wp\/v2\/posts\/311143","targetHints":{"allow":["GET"]}}],"collection":[{"href":"https:\/\/www.europesays.com\/fr\/wp-json\/wp\/v2\/posts"}],"about":[{"href":"https:\/\/www.europesays.com\/fr\/wp-json\/wp\/v2\/types\/post"}],"author":[{"embeddable":true,"href":"https:\/\/www.europesays.com\/fr\/wp-json\/wp\/v2\/users\/2"}],"replies":[{"embeddable":true,"href":"https:\/\/www.europesays.com\/fr\/wp-json\/wp\/v2\/comments?post=311143"}],"version-history":[{"count":0,"href":"https:\/\/www.europesays.com\/fr\/wp-json\/wp\/v2\/posts\/311143\/revisions"}],"wp:featuredmedia":[{"embeddable":true,"href":"https:\/\/www.europesays.com\/fr\/wp-json\/wp\/v2\/media\/303749"}],"wp:attachment":[{"href":"https:\/\/www.europesays.com\/fr\/wp-json\/wp\/v2\/media?parent=311143"}],"wp:term":[{"taxonomy":"category","embeddable":true,"href":"https:\/\/www.europesays.com\/fr\/wp-json\/wp\/v2\/categories?post=311143"},{"taxonomy":"post_tag","embeddable":true,"href":"https:\/\/www.europesays.com\/fr\/wp-json\/wp\/v2\/tags?post=311143"}],"curies":[{"name":"wp","href":"https:\/\/api.w.org\/{rel}","templated":true}]}}