{"id":311144,"date":"2025-08-11T08:17:10","date_gmt":"2025-08-11T08:17:10","guid":{"rendered":"https:\/\/www.europesays.com\/fr\/311144\/"},"modified":"2025-08-11T08:17:10","modified_gmt":"2025-08-11T08:17:10","slug":"une-etude-prefere-les-cars-des-citoyens-montent-au-creneau","status":"publish","type":"post","link":"https:\/\/www.europesays.com\/fr\/311144\/","title":{"rendered":"une \u00e9tude pr\u00e9f\u00e8re les cars, des citoyens montent au cr\u00e9neau"},"content":{"rendered":"<p>            Par<br \/>\n        <strong><br \/>\n            <a href=\"https:\/\/actu.fr\/auteur\/charlotte-lesprit\" title=\"Consulter tous les articles de Charlotte Lesprit\" target=\"_blank\" rel=\"noopener\">Charlotte Lesprit<\/a><br \/>\n        <\/strong><\/p>\n<p>        Publi\u00e9 le<\/p>\n<p>            11 ao\u00fbt 2025 \u00e0 6h32        <\/p>\n<p>Port\u00e9 par plusieurs \u00e9lus m\u00e9docains, <strong>tous bords politiques confondus<\/strong>, et soutenu par le <a href=\"https:\/\/tramtrain-bx-lacanau.org\/details-du-projet-tram-train\/\" target=\"_blank\" rel=\"noopener\">collectif citoyen Tram\/Train Bordeaux-Lacanau<\/a>, l\u2019ambitieux projet ferroviaire pourrait bien \u00eatre quelque peu frein\u00e9 par les conclusions de l\u2019\u00e9tude command\u00e9e par <a href=\"https:\/\/actu.fr\/tag\/bordeaux-metropole\" target=\"_blank\" rel=\"noopener\">Bordeaux M\u00e9tropole<\/a> \u00e0 l\u2019Agence d\u2019urbanisme Bordeaux Aquitaine (A\u2019urba). Selon cette derni\u00e8re, il serait pr\u00e9f\u00e9rable de<strong> renforcer le r\u00e9seau de cars<\/strong> qui permet de relier le littoral \u00e0 la m\u00e9tropole. \u00ab\u2009Une solution \u00e0 court terme\u2009\u00bb, estime Christian Feytout, pr\u00e9sident de <strong>l\u2019association rassemblant 200 usagers<\/strong> confront\u00e9s quotidiennement \u00e0 la congestion des routes et vivant dans des zones enclav\u00e9es dans lesquelles il faut parfois deux heures pour r\u00e9aliser 40\u00a0km jusqu\u2019\u00e0 Bordeaux.<\/p>\n<p>Un investissement de 400 \u00e0 600 millions d\u2019euros<\/p>\n<p class=\" wall-content\">Quel serait le co\u00fbt d\u2019une liaison ferroviaire entre Bordeaux et Lacanau\u2009? L\u2019agence d\u2019urbanisme avance un ordre de grandeur, estimant l\u2019investissement<strong> entre 400 et 600\u00a0millions d\u2019euros<\/strong>. Ce montant comprend le mat\u00e9riel roulant ainsi que les infrastructures, dont le kilom\u00e9trage \u2014 et donc le co\u00fbt \u2014 peut varier selon les diff\u00e9rentes options de trajet envisag\u00e9es. Les villes impliqu\u00e9es\u2009: Brach, Salaunes, Le Temple, <a href=\"https:\/\/actu.fr\/nouvelle-aquitaine\/lacanau_33214\" target=\"_blank\" rel=\"noopener\">Lacanau<\/a>, Sainte-H\u00e9l\u00e8ne et Saumos.<\/p>\n<p>Un v\u00e9ritable bassin de vie<\/p>\n<p>Si Lacanau est une station baln\u00e9aire qui vit toute l\u2019ann\u00e9e, Salaunes accueille Airbus et Sainte-H\u00e9l\u00e8ne, Adam Pack, leader fran\u00e7ais des caisses en bois, sans compter toute l&rsquo;activit\u00e9 sylvicole autour du pin. De v\u00e9ritables bassins d&#8217;emplois, et donc d&rsquo;habitations, pris en compte dans cette \u00e9tude qui s&rsquo;est appuy\u00e9e sur des donn\u00e9es de t\u00e9l\u00e9phonie mobile. <\/p>\n<p>Ces derni\u00e8res ont permis d\u2019observer que ce sont 13\u2009400 d\u00e9placements quotidiens qui ont lieu entre la m\u00e9tropole et le corridor allant de Salaunes \u00e0 Lacanau. Ils passent \u00e0 10\u2009000 en basse-saison et jusqu\u2019\u00e0 25\u2009000 lors des week-ends de juin et septembre. Une part importante de ces flux (4\u2009000 \u00e0 5\u2009000 d\u00e9placements quotidiens) est jug\u00e9e \u00ab\u00a0stable toute l\u2019ann\u00e9e\u00a0\u00bb et \u00ab\u00a0concentr\u00e9e entre l\u2019ouest de la m\u00e9tropole et les communes de Salaunes et Sainte-H\u00e9l\u00e8ne\u00a0\u00bb.<\/p>\n<p>Un ratio issu du benchmark<\/p>\n<p class=\" wall-content\">Dans son projet de faisabilit\u00e9 d\u2019une ligne ferroviaire, A\u2019urba s\u2019appuie sur <strong>un ratio en zone urbaine de 17\u00a0millions d\u2019euros<\/strong> par kilom\u00e8tre (8 \u00e0 20\u00a0km selon les sc\u00e9narios) et un co\u00fbt moyen de 8\u00a0millions d\u2019euros le kilom\u00e8tre en zone non urbaine (28 \u00e0 38\u00a0km selon les diff\u00e9rents trac\u00e9s).\u00a0Pour Christian Feytout, pr\u00e9sident du collectif citoyen Tram\/Train Bordeaux-Lacanau, c\u2019est bien l\u00e0 que sont les limites de l\u2019\u00e9tude qu\u2019il qualifie \u00ab\u2009d\u2019exploration\u2009\u00bb. \u00ab\u2009C\u2019est du benchmark car A\u2019urba a compar\u00e9 des solutions qui pourraient \u00eatre \u00e9quivalentes\u2009\u00bb, d\u00e9plore-t-il.<\/p>\n<p class=\" wall-content\">Un point que l\u2019agence ne conteste pas, puisqu\u2019elle s\u2019est notamment appuy\u00e9e sur<strong> le co\u00fbt de l\u2019extension du tramway<\/strong> vers Blanquefort (2018), ainsi que sur d\u2019autres projets r\u00e9cents men\u00e9s en zone urbaine, comme celui du tramway de Valenciennes.<\/p>\n<blockquote class=\"ac-article-quote wall-content\">\n<p>\u00ab\u2009On lanc\u00e9 ce projet de tram-train il y a dix ans d\u00e9j\u00e0. Depuis, le dossier a \u00e9t\u00e9 un peu enterr\u00e9. Le bus ne sera pas la r\u00e9ponse car il passe par la route et il n&rsquo;est pas une option d\u00e9carbonn\u00e9e. De plus, en augmentant les fr\u00e9quences s&rsquo;ajoute la contrainte de cr\u00e9er des voies d\u00e9di\u00e9es. Ce qui repr\u00e9sente un co\u00fbt.\u2009\u00bb<\/p>\n<p>    <strong>Christian Feytout<\/strong><br \/>\n        pr\u00e9sident d&rsquo;un collectif citoyen qui milite pour le tram-train    <\/p><\/blockquote>\n<p class=\" wall-content\">Selon Christian Feytout, \u00ab\u2009les sommes pr\u00e9vues pour \u00e9largir les routes afin d\u2019y faire passer des bus pourraient tout aussi bien financer une infrastructure ferroviaire en parall\u00e8le de\u00a0la d\u00e9partementale 6\u2009\u00bb. Pour ce militant, m\u00eame \u00e9lectrique, le bus \u00ab\u2009reste une solution partielle\u2009\u00bb et \u00ab\u2009peu ambitieuse\u2009\u00bb, qui \u00ab\u2009n\u2019est pas \u00e0 la hauteur des besoins du M\u00e9doc\u2009\u00bb.<\/p>\n<p>    <a href=\"https:\/\/www.facebook.com\/plugins\/post.php?href=https%3A%2F%2Fwww.facebook.com%2Fpermalink.php%3Fstory_fbid%3Dpfbid0Ffp1Tdzu7diTmAr7NxjqoZqDnfKXJ3XtFWhV5g6zoNv6yWZVk4qUSp72rjaQQ6WJl%26id%3D61559651926941&amp;show_text=true&amp;width=350\" title=\"Ouvrie le lien\" target=\"_blank\" rel=\"noopener\">Cliquez ici pour visualiser le contenu<\/a><\/p>\n<p>Des d\u00e9placements jug\u00e9s insuffisants par A\u2019urba<\/p>\n<p class=\" wall-content\">De son c\u00f4t\u00e9, A\u2019urba souligne que \u00ab\u2009les volumes de voyages captables sont tr\u00e8s inf\u00e9rieurs \u00e0 ceux observ\u00e9s sur d\u2019autres corridors fran\u00e7ais ou europ\u00e9ens\u2009\u00bb. \u00c0 titre de comparaison, des villes comme Nantes, Mulhouse ou encore Cadix (en Andalousie) comptabilisent entre 4\u2009000\u00a0et 8\u2009000 voyages par jour.<\/p>\n<p class=\" wall-content\">Dans le M\u00e9doc, l\u2019\u00e9tude \u00e9value ce chiffre \u00e0 une moyenne de 940 voyages quotidiens en 2023, avec des pics \u00e0 1\u2009750 durant l\u2019\u00e9t\u00e9 et les week-ends. En se projetant <strong>\u00e0 l\u2019horizon 2035<\/strong> \u2014 avec une croissance d\u00e9mographique estim\u00e9e \u00e0 30\u2009%, une hausse des d\u00e9placements de 15\u2009% et une part modale de 7\u2009% \u2014 le train l\u00e9ger atteindrait <strong>environ<\/strong> <strong>1\u2009080 trajets par jour<\/strong>, avec des pointes \u00e0 2\u2009015, mais des creux \u00e9valu\u00e9s \u00e0 805 d\u00e9placements quotidiens entre novembre et mars.<\/p>\n<p class=\" wall-content\">M\u00eame si A\u2019urba reconna\u00eet \u00ab\u2009l\u2019avantage d\u2019image\u2009\u00bb et \u00ab\u2009le gain de temps\u2009\u00bb qu\u2019offrirait une ligne ferroviaire (105\u00a0minutes pour un Lacanau-Gare Saint-Jean en direct par exemple), elle affirme toutefois qu\u2019environ<strong> 1\u2009000 voyages quotidiens pourraient \u00eatre capt\u00e9s<\/strong> par une offre de transports collectifs r\u00e9\u00e9valu\u00e9e, notamment sur <strong>la ligne 421<\/strong>, qui, avec plus de 150\u2009000 voyageurs annuels, reste l\u2019une des plus fr\u00e9quent\u00e9es de Gironde.<\/p>\n<p class=\" wall-content\">Suivez toute l\u2019actualit\u00e9 de vos villes et m\u00e9dias favoris en vous inscrivant \u00e0 <a href=\"https:\/\/moncompte.actu.fr\" title=\"D\u00e9couvez Mon Actu\" rel=\"nofollow noopener\" data-trk=\"{&quot;cta&quot;:{&quot;action&quot;:&quot;https:\\\/\\\/moncompte.actu.fr&quot;,&quot;category&quot;:&quot;mon compte&quot;,&quot;from&quot;:&quot;article footer&quot;,&quot;name&quot;:&quot;Mon actu&quot;,&quot;type&quot;:&quot;cta&quot;}}\" target=\"_blank\">Mon Actu<\/a>.<\/p>\n<ul class=\"ac-article-tag wall-content\">\n<li><a href=\"https:\/\/actu.fr\/tag\/bordeaux-metropole\" data-trk=\"{&quot;cta&quot;:{&quot;action&quot;:&quot;Bordeaux M\\u00e9tropole&quot;,&quot;category&quot;:&quot;tag&quot;,&quot;from&quot;:&quot;article footer&quot;,&quot;name&quot;:&quot;Bordeaux M\\u00e9tropole&quot;,&quot;type&quot;:&quot;cta&quot;}}\" target=\"_blank\" rel=\"noopener\">#Bordeaux M\u00e9tropole<\/a><\/li>\n<li><a href=\"https:\/\/actu.fr\/tag\/transport\" data-trk=\"{&quot;cta&quot;:{&quot;action&quot;:&quot;Transport&quot;,&quot;category&quot;:&quot;tag&quot;,&quot;from&quot;:&quot;article footer&quot;,&quot;name&quot;:&quot;Transport&quot;,&quot;type&quot;:&quot;cta&quot;}}\" target=\"_blank\" rel=\"noopener\">#Transport<\/a><\/li>\n<\/ul>\n","protected":false},"excerpt":{"rendered":"Par Charlotte Lesprit Publi\u00e9 le 11 ao\u00fbt 2025 \u00e0 6h32 Port\u00e9 par plusieurs \u00e9lus m\u00e9docains, tous bords politiques&hellip;\n","protected":false},"author":2,"featured_media":311145,"comment_status":"","ping_status":"","sticky":false,"template":"","format":"standard","meta":{"footnotes":""},"categories":[2817],"tags":[1111,11,1997,2904,1777,674,1011,27,12,2219,25,104,2803],"class_list":{"0":"post-311144","1":"post","2":"type-post","3":"status-publish","4":"format-standard","5":"has-post-thumbnail","7":"category-bordeaux","8":"tag-actu","9":"tag-actualites","10":"tag-bordeaux","11":"tag-bordeaux-metropole","12":"tag-eu","13":"tag-europe","14":"tag-fr","15":"tag-france","16":"tag-news","17":"tag-nouvelle-aquitaine","18":"tag-republique-francaise","19":"tag-societe","20":"tag-transport"},"share_on_mastodon":{"url":"https:\/\/pubeurope.com\/@fr\/115009148985622782","error":""},"_links":{"self":[{"href":"https:\/\/www.europesays.com\/fr\/wp-json\/wp\/v2\/posts\/311144","targetHints":{"allow":["GET"]}}],"collection":[{"href":"https:\/\/www.europesays.com\/fr\/wp-json\/wp\/v2\/posts"}],"about":[{"href":"https:\/\/www.europesays.com\/fr\/wp-json\/wp\/v2\/types\/post"}],"author":[{"embeddable":true,"href":"https:\/\/www.europesays.com\/fr\/wp-json\/wp\/v2\/users\/2"}],"replies":[{"embeddable":true,"href":"https:\/\/www.europesays.com\/fr\/wp-json\/wp\/v2\/comments?post=311144"}],"version-history":[{"count":0,"href":"https:\/\/www.europesays.com\/fr\/wp-json\/wp\/v2\/posts\/311144\/revisions"}],"wp:featuredmedia":[{"embeddable":true,"href":"https:\/\/www.europesays.com\/fr\/wp-json\/wp\/v2\/media\/311145"}],"wp:attachment":[{"href":"https:\/\/www.europesays.com\/fr\/wp-json\/wp\/v2\/media?parent=311144"}],"wp:term":[{"taxonomy":"category","embeddable":true,"href":"https:\/\/www.europesays.com\/fr\/wp-json\/wp\/v2\/categories?post=311144"},{"taxonomy":"post_tag","embeddable":true,"href":"https:\/\/www.europesays.com\/fr\/wp-json\/wp\/v2\/tags?post=311144"}],"curies":[{"name":"wp","href":"https:\/\/api.w.org\/{rel}","templated":true}]}}