{"id":311152,"date":"2025-08-11T08:21:11","date_gmt":"2025-08-11T08:21:11","guid":{"rendered":"https:\/\/www.europesays.com\/fr\/311152\/"},"modified":"2025-08-11T08:21:11","modified_gmt":"2025-08-11T08:21:11","slug":"que-faire-le-15-aout-a-lille-et-dans-le-nord-voici-10-idees-de-sorties","status":"publish","type":"post","link":"https:\/\/www.europesays.com\/fr\/311152\/","title":{"rendered":"Que faire le 15 ao\u00fbt \u00e0 Lille et dans le Nord ? Voici 10 id\u00e9es de sorties"},"content":{"rendered":"<p>            Par<br \/>\n        <strong><br \/>\n            <a href=\"https:\/\/actu.fr\/auteur\/annesophie-2\" title=\"Consulter tous les articles de Anne-Sophie Hourdeaux\" rel=\"nofollow noopener\" target=\"_blank\">Anne-Sophie Hourdeaux<\/a><br \/>\n        <\/strong><\/p>\n<p>        Publi\u00e9 le<\/p>\n<p>            11 ao\u00fbt 2025 \u00e0 10h01        <\/p>\n<p><b>D\u00e9fil\u00e9, feu d\u2019artifice, braderie, humour, festival<\/b> : vous aurez l\u2019embarras du choix si vous voulez <b>sortir ce vendredi 15 ao\u00fbt 2025 \u00e0 Lille et dans le Nord <\/b>!<\/p>\n<p>Bergues<\/p>\n<p class=\" wall-content\">En raison de travaux de r\u00e9novation de la berge du canal de la Basse-Colme,<b> le feu d\u2019artifice du vendredi 15\u00a0ao\u00fbt 2025 <\/b>sera exceptionnellement tir\u00e9 au Jardin Public, entre les deux tours, vers 22\u2009h\u200930.<\/p>\n<p>Cambrai<\/p>\n<p class=\" wall-content\"><b>Vendredi 15\u00a0ao\u00fbt\u2009: d\u00e9fil\u00e9 carnavalesque<\/b> \u00ab\u2009La conqu\u00eate de l\u2019Ouest\u2009\u00bb avec d\u00e9part \u00e0 14\u2009h\u200930 de la salle Pasteur avec chars d\u00e9cor\u00e9s, fanfares, g\u00e9ants, danses et confettis dans les rues du centre. \u00c0 18\u2009h\u2009: concert gratuit d\u2019accord\u00e9on avec Alexis Labarri\u00e8re au kiosque \u00e0 musique (musette, tango, polka\u2026). Dans le cadre de la F\u00eate foraine de Cambrai du 13 au 25 ao\u00fbt, avec 150 attractions en centre-ville, de la Place F\u00e9nelon jusqu\u2019\u00e0 la place du Mar\u00e9chal Leclerc\u2009!<\/p>\n<p>Dunkerque<\/p>\n<p class=\" wall-content\">Vendredi 15\u00a0ao\u00fbt aura lieu la traditionnelle<b> braderie commerciale<\/b> du centre-ville, organis\u00e9e par la Ville de Dunkerque, avec 350\u00a0exposants de 8\u2009h \u00e0 17\u2009h.<\/p>\n<p>    <a href=\"https:\/\/www.facebook.com\/plugins\/post.php?href=https%3A%2F%2Fwww.facebook.com%2FVilledeDunkerque.officiel%2Fposts%2Fpfbid012NnJzb9mznifdeuq3ExQBVQu1e6F7ZGdu7henXCLzyFuGh26hY8mcF1s32NnjpHl&amp;show_text=true&amp;width=350\" title=\"Ouvrie le lien\" rel=\"nofollow noopener\" target=\"_blank\">Cliquez ici pour visualiser le contenu<\/a><\/p>\n<p class=\" wall-content\">\u00c0 16\u2009h\u2009: messe \u00e0 la Petite Chapelle puis cort\u00e8ge jusqu\u2019au Port.<\/p>\n<p>Haverskerque<\/p>\n<p class=\" wall-content\">Vendredi 15 ao\u00fbt 2025, <b>la f\u00eate du port <\/b>est de retour \u00e0 la base nautique d\u2019Haverskerque. Avec animations, concerts, spectacles : d\u00e9monstration des chiens sauveteurs aquatiques \u00e0 10h et 15 h 30, \u00a0le cabaret Music-Hall de la troupe Mystic Shine \u00e0 11 h et 16 h 30, concert de Redline \u00e0 12 h et 19 h. \u00c0 15 h, b\u00e9n\u00e9diction des bateaux.<\/p>\n<p class=\" wall-content\">Gratuit.<\/p>\n<p>Houplin-Ancoisine<\/p>\n<p class=\" wall-content\"><a href=\"https:\/\/www.wattrelos-decouvertes.com\/agenda\/contes-1-2-3-nous-irons-au-bois\/evenement-agenda?oa_ID=36614410&amp;oa_Cat=fete-festival\" rel=\"nofollow noopener\" target=\"_blank\">Vendredi 15 ao\u00fbt, c\u2019est \u00ab\u00a0<b>l\u2019heure du conte\u00a0\u00bb <\/b>au Parc Mosa\u00efc. <\/a><\/p>\n<p class=\" wall-content\">Entr\u00e9e au jardin payante : 6 \u20ac \/ 4 \u20ac \/ 17 \u20ac tribu \/ gratuit pour les moins de 4 ans. Spectacles compris dans le tarif d\u2019entr\u00e9e.<\/p>\n<p class=\" wall-content\">Inscription par email : <a href=\"https:\/\/actu.fr\/cdn-cgi\/l\/email-protection\" class=\"__cf_email__\" data-cfemail=\"1d70726e7c747e5d71747171787078696f726d727178337b6f\" rel=\"nofollow noopener\" target=\"_blank\">[email\u00a0protected]<\/a><\/p>\n<p>Lille<\/p>\n<p class=\" wall-content\">Vendredi 15\u00a0ao\u00fbt 2025, venez d\u00e9couvrir le stand-up \u00e0 la sauce ch\u2019ti, le <b>Ch\u2019ti Com\u00e9dy Club <\/b>d\u00e8s 20\u2009h, au 136 rue Solferino, 59000 Lille.<\/p>\n<p>Roubaix et le festival des habitants<\/p>\n<p class=\" wall-content\"><b>Le Festival des habitants <\/b>2025 revient du 13 au 17\u00a0ao\u00fbt, avec ateliers, spectacles, et activit\u00e9s gratuites dans les quartiers Est de Roubaix. Organis\u00e9 par l\u2019association D\u00e9tournoyment.<\/p>\n<p class=\" wall-content\">Vendredi 15\u00a0ao\u00fbt, ce sera place Prado de 15\u2009h \u00e0 19\u2009h (quartier Fresnoy-Mackellerie).<\/p>\n<p>Saint-Amand-les-Eaux<\/p>\n<p class=\" wall-content\"><b><a href=\"https:\/\/actu.fr\/loisirs-culture\/ttps:\/\/saint-amand-les-eaux.fr\/carillonnades-2025\" rel=\"nofollow noopener\" target=\"_blank\">Les Carillonnades ont lieu du 15 au 17\u00a0ao\u00fbt, c\u2019est la 12e \u00e9dition.<\/a> <\/b>Avec de 10\u2009h \u00e0 19\u2009h des concerts de carillon de la Tour abbatiale, dont\u00a0un concert de musique traditionnelle irlandaise vendredi 15\u00a0ao\u00fbt, 17\u2009h\u200945 sur le Parvis de la Tour abbatiale.<\/p>\n<p>    <img   decoding=\"async\" loading=\"lazy\" class=\"size-large\" src=\"https:\/\/www.europesays.com\/fr\/wp-content\/uploads\/2025\/08\/b252eee594e360752eee594e30b52ev-899x640.jpg\" alt=\"PENTAX Image  Saint-Amand-les-Eaux (59). La Tour abbatiale, flambeau d'une grandeur pass\u00e9e La Tour abbatiale, la c\u00e9ramique et une vo\u00fbte. - tour de l'abbaye de St Amand (1)\" width=\"899\" height=\"640\"\/><br \/>\n    Au pied de la Tour de l\u2019abbaye de St Amand, les carillonnades feront vibrer la ville le 15\u00a0ao\u00fbt\u2009! \u00a9Nicolas Demollien<\/p>\n<p class=\" wall-content\">Aussi\u2009: march\u00e9 artisanal dans le jardin de la Tour abbatiale et animations sur la Grand-Place (escalade, accrobranche, cloches harmoniques tyroliennes\u2026)<\/p>\n<p>Villeneuve-d\u2019Ascq<\/p>\n<p class=\" wall-content\">Du vendredi\u00a015 au 17\u00a0ao\u00fbt, <b>hommage aux grandes personnalit\u00e9s du Nord <\/b><a href=\"https:\/\/www.villeneuvedascq.fr\/agenda\/194\/evenement\/36207583\/les-personnalites-du-nord-pas-de-calais\" rel=\"nofollow noopener\" target=\"_blank\">au Mus\u00e9e de Plein Air, 143 Rue Colbert.<\/a><\/p>\n<p class=\" wall-content\">Les 3\u00a0jours\u2009:<b><br \/><\/b><\/p>\n<ul class=\" wall-content\">\n<li>\u00e0 14\u2009h et 16\u2009h\u2009: \u00e9cole d\u2019antan. Revivez l\u2019\u00e9cole du XIXe\u00a0si\u00e8cle avec la ma\u00eetresse ou le ma\u00eetre de l\u2019\u00e9cole du village. \u00c0 vos plumes et encriers\u2009! \u00c0 partir de 8\u00a0ans\u2009;<\/li>\n<li>\u00e0 14\u2009h\u200930 et 16\u2009h\u200930\u2009: d\u00e9couverte de l\u2019\u00e9cole d\u2019antan. Pour les moins de 8\u00a0ans. Ils pourront voyager au milieu des pupitres et d\u00e9couvrez l\u2019\u00e9cole de vos anciens\u2009;<\/li>\n<li>\u00e0 11\u2009h et 18\u2009h\u2009: rendez-vous animaux. Accompagnez un villageois \u00e0 la rencontre des animaux de la ferme\u2009;<\/li>\n<li>\u00e0 11\u2009h et 15\u2009h\u2009: visite guid\u00e9e avec un villageois du mus\u00e9e. Rencontrez les villageois en costume pour d\u00e9couvrir certaines personnalit\u00e9s du Nord-Pas de Calais\u2009;<\/li>\n<li>de 15\u2009h \u00e0 18\u2009h\u2009: ateliers familiaux\u2009;<\/li>\n<li>\u00e0 16\u2009h et 17\u2009h\u2009: s\u00e9ances de contes.<\/li>\n<\/ul>\n<p>Fresnes-sur-Escaut<\/p>\n<p class=\" wall-content\">Pr\u00e9parez vos plus beaux d\u00e9guisements pour l<b>e carnaval <\/b>! Exceptionnellement cette ann\u00e9e, le carnaval partira \u00e0 15 h de la rue Jacques Renardd au Trieu, en raison des travaux de r\u00e9habilitation en cours rue Jean Jaur\u00e8s. Le parcours du carnaval passera par les rues suivantes :<\/p>\n<p class=\" wall-content\">\u2013 rue Jacques Renard<\/p>\n<p class=\" wall-content\">\u2013 Place Barbusse (Trieu)<\/p>\n<p class=\" wall-content\">\u2013 rue Victor Hugo<\/p>\n<p class=\" wall-content\">\u2013 rue Benoit Monfroy<\/p>\n<p class=\" wall-content\">\u2013 rue Jules Guesdes<\/p>\n<p class=\" wall-content\">\u2013 rue Edgard Loubry<\/p>\n<p class=\" wall-content\">\u2013 rue Emile Zola<\/p>\n<p class=\" wall-content\">\u2013 Place Vaillant Couturier (Mairie) et rondeau final.<\/p>\n<p class=\" wall-content\">Et aussi : c\u2019est ce vendredi 15 ao\u00fbt que <b>rouvre la patinoire Serge Charles<\/b> ferm\u00e9e depuis le 2\u00a0juin pour travaux\u2009!<\/p>\n<p class=\" wall-content\">Suivez toute l\u2019actualit\u00e9 de vos villes et m\u00e9dias favoris en vous inscrivant \u00e0 <a href=\"https:\/\/moncompte.actu.fr\" title=\"D\u00e9couvez Mon Actu\" rel=\"nofollow noopener\" data-trk=\"{&quot;cta&quot;:{&quot;action&quot;:&quot;https:\\\/\\\/moncompte.actu.fr&quot;,&quot;category&quot;:&quot;mon compte&quot;,&quot;from&quot;:&quot;article footer&quot;,&quot;name&quot;:&quot;Mon actu&quot;,&quot;type&quot;:&quot;cta&quot;}}\" target=\"_blank\">Mon Actu<\/a>.<\/p>\n","protected":false},"excerpt":{"rendered":"Par Anne-Sophie Hourdeaux Publi\u00e9 le 11 ao\u00fbt 2025 \u00e0 10h01 D\u00e9fil\u00e9, feu d\u2019artifice, braderie, humour, festival : vous&hellip;\n","protected":false},"author":2,"featured_media":311153,"comment_status":"","ping_status":"","sticky":false,"template":"","format":"standard","meta":{"footnotes":""},"categories":[2815],"tags":[1111,11,1777,674,652,1011,27,811,1307,1652,12,25],"class_list":{"0":"post-311152","1":"post","2":"type-post","3":"status-publish","4":"format-standard","5":"has-post-thumbnail","7":"category-lille","8":"tag-actu","9":"tag-actualites","10":"tag-eu","11":"tag-europe","12":"tag-famille","13":"tag-fr","14":"tag-france","15":"tag-hauts-de-france","16":"tag-lille","17":"tag-loisirs-culture","18":"tag-news","19":"tag-republique-francaise"},"share_on_mastodon":{"url":"https:\/\/pubeurope.com\/@fr\/115009164769402761","error":""},"_links":{"self":[{"href":"https:\/\/www.europesays.com\/fr\/wp-json\/wp\/v2\/posts\/311152","targetHints":{"allow":["GET"]}}],"collection":[{"href":"https:\/\/www.europesays.com\/fr\/wp-json\/wp\/v2\/posts"}],"about":[{"href":"https:\/\/www.europesays.com\/fr\/wp-json\/wp\/v2\/types\/post"}],"author":[{"embeddable":true,"href":"https:\/\/www.europesays.com\/fr\/wp-json\/wp\/v2\/users\/2"}],"replies":[{"embeddable":true,"href":"https:\/\/www.europesays.com\/fr\/wp-json\/wp\/v2\/comments?post=311152"}],"version-history":[{"count":0,"href":"https:\/\/www.europesays.com\/fr\/wp-json\/wp\/v2\/posts\/311152\/revisions"}],"wp:featuredmedia":[{"embeddable":true,"href":"https:\/\/www.europesays.com\/fr\/wp-json\/wp\/v2\/media\/311153"}],"wp:attachment":[{"href":"https:\/\/www.europesays.com\/fr\/wp-json\/wp\/v2\/media?parent=311152"}],"wp:term":[{"taxonomy":"category","embeddable":true,"href":"https:\/\/www.europesays.com\/fr\/wp-json\/wp\/v2\/categories?post=311152"},{"taxonomy":"post_tag","embeddable":true,"href":"https:\/\/www.europesays.com\/fr\/wp-json\/wp\/v2\/tags?post=311152"}],"curies":[{"name":"wp","href":"https:\/\/api.w.org\/{rel}","templated":true}]}}