{"id":311157,"date":"2025-08-11T08:24:10","date_gmt":"2025-08-11T08:24:10","guid":{"rendered":"https:\/\/www.europesays.com\/fr\/311157\/"},"modified":"2025-08-11T08:24:10","modified_gmt":"2025-08-11T08:24:10","slug":"un-homme-grievement-blesse-apres-un-plongeon-rate","status":"publish","type":"post","link":"https:\/\/www.europesays.com\/fr\/311157\/","title":{"rendered":"un homme gri\u00e8vement bless\u00e9 apr\u00e8s un plongeon rat\u00e9"},"content":{"rendered":"<p>Un homme \u00e2g\u00e9 de 24 ans a \u00e9t\u00e9 pris en charge par les pompiers, inconscient, alors qu\u2019il avait manqu\u00e9 son plongeon d\u2019une hauteur de 7 \u00e0 8 m\u00e8tres \u00e0 La Ciotat, dans les Bouches-du-Rh\u00f4ne.<\/p>\n<p class=\"fig-paragraph\">Les pompiers des Bouches-du-Rh\u00f4ne rappellent la plus grande vigilance dont il faut faire preuve\u00a0<a href=\"http:\/\/www.lefigaro.fr\/marseille\/on-assiste-a-du-grand-n-importe-quoi-le-danger-des-plongeons-illegaux-a-marseille-20240806\" data-fig-type=\"NewsFlash\" data-gtm-custom-categorie=\"navigation\" data-gtm-custom-action=\"crossclick\" data-gtm-custom-label=\"Contextuel\" data-gtm-event=\"customEventSPE\" data-fig-domain=\"LEFIGARO\" target=\"_blank\" rel=\"noopener\">face \u00e0 ce ph\u00e9nom\u00e8ne de mode<\/a>. Ce dimanche, vers 15 heures, les soldats du feu ont port\u00e9 secours \u00e0 un homme de 24 ans qui avait manqu\u00e9 un plongeon dans la mer M\u00e9diterran\u00e9e, \u00e0\u00a0<a href=\"http:\/\/www.lefigaro.fr\/marseille\/marseille-quatre-policiers-blesses-lors-d-une-intervention-a-la-ciotat-20250611\" data-fig-type=\"NewsFlash\" data-gtm-custom-categorie=\"navigation\" data-gtm-custom-action=\"crossclick\" data-gtm-custom-label=\"Contextuel\" data-gtm-event=\"customEventSPE\" data-fig-domain=\"LEFIGARO\" target=\"_blank\" rel=\"noopener\">La Ciotat<\/a>. La victime a fait une chute de sept \u00e0 huit m\u00e8tres avant d\u2019atterrir dans l\u2019eau dans un \u00e9tat grave.<\/p>\n<p class=\"fig-paragraph\">Neuf pompiers ont \u00e9t\u00e9 d\u00e9p\u00each\u00e9s sur place, avec le concours de l\u2019h\u00e9licopt\u00e8re de la S\u00e9curit\u00e9 civile Dragon 131 et du Smur. La victime avait perdu connaissance. \u00abLa plus grande prudence est requise aux abords des rochers ou lors de sauts\u00bb, rappellent les pompiers.<\/p>\n","protected":false},"excerpt":{"rendered":"Un homme \u00e2g\u00e9 de 24 ans a \u00e9t\u00e9 pris en charge par les pompiers, inconscient, alors qu\u2019il avait&hellip;\n","protected":false},"author":2,"featured_media":311158,"comment_status":"","ping_status":"","sticky":false,"template":"","format":"standard","meta":{"footnotes":""},"categories":[2814],"tags":[119,1111,11,1777,674,1011,27,884,12,15656,1311,882,25],"class_list":{"0":"post-311157","1":"post","2":"type-post","3":"status-publish","4":"format-standard","5":"has-post-thumbnail","7":"category-marseille","8":"tag-accident","9":"tag-actu","10":"tag-actualites","11":"tag-eu","12":"tag-europe","13":"tag-fr","14":"tag-france","15":"tag-marseille","16":"tag-news","17":"tag-plage","18":"tag-pompiers","19":"tag-provence-alpes-cote-dazur","20":"tag-republique-francaise"},"share_on_mastodon":{"url":"https:\/\/pubeurope.com\/@fr\/115009176488149219","error":""},"_links":{"self":[{"href":"https:\/\/www.europesays.com\/fr\/wp-json\/wp\/v2\/posts\/311157","targetHints":{"allow":["GET"]}}],"collection":[{"href":"https:\/\/www.europesays.com\/fr\/wp-json\/wp\/v2\/posts"}],"about":[{"href":"https:\/\/www.europesays.com\/fr\/wp-json\/wp\/v2\/types\/post"}],"author":[{"embeddable":true,"href":"https:\/\/www.europesays.com\/fr\/wp-json\/wp\/v2\/users\/2"}],"replies":[{"embeddable":true,"href":"https:\/\/www.europesays.com\/fr\/wp-json\/wp\/v2\/comments?post=311157"}],"version-history":[{"count":0,"href":"https:\/\/www.europesays.com\/fr\/wp-json\/wp\/v2\/posts\/311157\/revisions"}],"wp:featuredmedia":[{"embeddable":true,"href":"https:\/\/www.europesays.com\/fr\/wp-json\/wp\/v2\/media\/311158"}],"wp:attachment":[{"href":"https:\/\/www.europesays.com\/fr\/wp-json\/wp\/v2\/media?parent=311157"}],"wp:term":[{"taxonomy":"category","embeddable":true,"href":"https:\/\/www.europesays.com\/fr\/wp-json\/wp\/v2\/categories?post=311157"},{"taxonomy":"post_tag","embeddable":true,"href":"https:\/\/www.europesays.com\/fr\/wp-json\/wp\/v2\/tags?post=311157"}],"curies":[{"name":"wp","href":"https:\/\/api.w.org\/{rel}","templated":true}]}}