{"id":311161,"date":"2025-08-11T08:26:18","date_gmt":"2025-08-11T08:26:18","guid":{"rendered":"https:\/\/www.europesays.com\/fr\/311161\/"},"modified":"2025-08-11T08:26:18","modified_gmt":"2025-08-11T08:26:18","slug":"toute-lactualite-de-ce-lundi-11-aout-2025-a-lyon","status":"publish","type":"post","link":"https:\/\/www.europesays.com\/fr\/311161\/","title":{"rendered":"Toute l&rsquo;actualit\u00e9 de ce lundi 11 aout 2025 \u00e0 Lyon"},"content":{"rendered":"<p>A la une de l\u2019info \u00e0 Lyon : le nouveau Parc Mandela, le d\u00e9fi autour d\u2019une \u00e9tape du Tour de France parcourue avec des v\u00e9los publics\u2026<\/p>\n<p>ECOUTEZ LE 1\/4H LYONNAIS.. Toute l\u2019actualit\u00e9 de ce lundi 11 aout 2025<\/p>\n<p>LE 1\/4H LYONNAIS | lundi 11 aout 2025<\/p>\n<p>Durant cet \u00e9t\u00e9, on vous propose un <strong>1\/4H LYONNAIS<\/strong> avec une forme un peu exceptionnelle. Avec des reportages \u00e0 travers la ville pour vous faire d\u00e9couvrir, des lieux, des personnalit\u00e9s, des activit\u00e9s\u2026<\/p>\n<p>Avec d\u2019abord aujourd\u2019hui, un parc qui devrait bient\u00f4t constituer une<strong> point de fraicheur<\/strong>. C\u2019est au c\u0153ur du <strong>quartier d\u2019affaires de la <a href=\"https:\/\/www.lyon-partdieu.com\/operations\/esplanade-mandela\/\" target=\"_blank\" rel=\"noreferrer noopener\">Part-Dieu<\/a><\/strong> que le nouveau <strong>parc Mandela<\/strong> s\u2019est install\u00e9. Ce terrain (anciennement un terrain vague) est devenu un espace qui m\u00eale<strong> biodiversit\u00e9, lien social et transformation urbaine<\/strong>.<\/p>\n<p>Une grande promenade urbaine sert de colonne vert\u00e9brale au projet. Elle traverse les diff\u00e9rentes zones du parc, reliant les usages, les lieux de vie, les \u00e9tablissements scolaires, tout en offrant des espaces de d\u00e9tente. Un reportage de <strong>Lilou Combette<\/strong><\/p>\n<p>Notre invit\u00e9e : <strong>Claire Trappenard<\/strong>, <strong>paysagiste-conceptrice<\/strong> du <strong>Parc Mandela<\/strong><\/p>\n<p>Ecoutez aussi : <a href=\"https:\/\/www.lyondemain.fr\/johnny-entourage-lien-social\/\" target=\"_blank\" rel=\"noreferrer noopener\">Entourage : les Johnny rallument le feu du lien social<\/a><\/p>\n<p>Egalement dans l\u2019actualit\u00e9 de ce lundi 11 aout<\/p>\n<p>2\u00e8me grand reportage dans ce <strong>1\/4H LYONNAIS<\/strong> sp\u00e9cial \u00e9t\u00e9 : une <strong>\u00e9tape du Tour de France<\/strong>. Imaginez-vous faire le parcours d\u2019une <strong>\u00e9tape de montagne<\/strong> du <strong>Tour de France<\/strong> \u00e0 v\u00e9lo. Certains d\u2019entre vous sont fatigu\u00e9s rien que d\u2019y penser\u2026<\/p>\n<p>Alors imaginez-vous le faire avec un\u2026 <strong>V\u00e9lo\u2019V<\/strong>. Les <strong>v\u00e9los en libre-service<\/strong> de la <strong>M\u00e9tropole de Lyon<\/strong> ne p\u00e8sent pas moins de 28 kg. \u00c7a semble \u00eatre mission impossible, et pourtant c\u2019est ce qu\u2019ont r\u00e9alis\u00e9 <strong>Thibault Arbonel<\/strong> et <strong>Thomas Laurenceau<\/strong>. <strong>Th\u00e9ophile Eliot<\/strong> est all\u00e9 \u00e0 la rencontre des deux coureurs de l\u2019extr\u00eame\u2026<\/p>\n<p>Les deux copains n\u2019ont pas dit leur dernier mot et veulent remettre le couvert d\u00e8s l\u2019\u00e9t\u00e9 prochain. Avec un d\u00e9fi encore plus grand\u2026 A d\u00e9couvrir dans l\u2019interview en podcast<\/p>\n<p>Ecoutez aussi : <a href=\"https:\/\/www.lyondemain.fr\/espace-nature-renault-trucks\/\" target=\"_blank\" rel=\"noreferrer noopener\">La piste d\u2019essai de Renault-Trucks transform\u00e9e en espace nature<\/a><\/p>\n<p><img fetchpriority=\"high\" decoding=\"async\" width=\"1200\" height=\"675\" src=\"https:\/\/www.europesays.com\/fr\/wp-content\/uploads\/2025\/08\/actualite-de-ce-lundi-11-aout-2025.jpg\" alt=\"actualit\u00e9 de ce lundi 11 aout 2025 info \u00e0 Lyon\" class=\"wp-image-250970\"  \/>Retrouvez aussi le Quart d\u2019Heure Lyonnais de Lyon Demain sur les antennes de Radio Pluriel (Lyon). Radio Salam (Lyon, Saint-Etienne et Bourg) et Radio Arm\u00e9nie (Lyon et Vienne)<br \/>\nJ\u2019aime \u00e7a\u00a0:<\/p>\n<p>J\u2019aime chargement\u2026<\/p>\n<p><a class=\"sd-link-color\"\/><\/p>\n<p>\n\tArticles similaires\n<\/p>\n<p>\t\t\t\t<img decoding=\"async\" src=\"https:\/\/www.europesays.com\/fr\/wp-content\/uploads\/2025\/08\/1754900778_958_7866158698e17e8ed633c05e8f8e7fe5d9e057ad78661c4dc34e413abb6b9f19\" alt=\"G\u00e9rald Bouchon\"\/><\/p>\n<p>Pionnier des radios libres, passionn\u00e9 de radio, journaliste et dirigeant de m\u00e9dias \u00e9co-responsables..<\/p>\n","protected":false},"excerpt":{"rendered":"A la une de l\u2019info \u00e0 Lyon : le nouveau Parc Mandela, le d\u00e9fi autour d\u2019une \u00e9tape du&hellip;\n","protected":false},"author":2,"featured_media":311162,"comment_status":"","ping_status":"","sticky":false,"template":"","format":"standard","meta":{"footnotes":""},"categories":[1889],"tags":[1111,11,2430,1130,45121,1777,674,1011,31923,27,5226,29160,5671,2428,10510,12,45122,6125,25,210,10792,11091,3291],"class_list":{"0":"post-311161","1":"post","2":"type-post","3":"status-publish","4":"format-standard","5":"has-post-thumbnail","7":"category-lyon","8":"tag-actu","9":"tag-actualites","10":"tag-auvergne-rhone-alpes","11":"tag-biodiversite","12":"tag-claire-trappenard","13":"tag-eu","14":"tag-europe","15":"tag-fr","16":"tag-fraicheur","17":"tag-france","18":"tag-gregory-doucet","19":"tag-jcdecaux","20":"tag-lien-social","21":"tag-lyon","22":"tag-metropole-de-lyon","23":"tag-news","24":"tag-parc-mandela","25":"tag-part-dieu","26":"tag-republique-francaise","27":"tag-tour-de-france","28":"tag-vegetalisation","29":"tag-velov","30":"tag-ville-de-lyon"},"share_on_mastodon":{"url":"https:\/\/pubeurope.com\/@fr\/115009184406056174","error":""},"_links":{"self":[{"href":"https:\/\/www.europesays.com\/fr\/wp-json\/wp\/v2\/posts\/311161","targetHints":{"allow":["GET"]}}],"collection":[{"href":"https:\/\/www.europesays.com\/fr\/wp-json\/wp\/v2\/posts"}],"about":[{"href":"https:\/\/www.europesays.com\/fr\/wp-json\/wp\/v2\/types\/post"}],"author":[{"embeddable":true,"href":"https:\/\/www.europesays.com\/fr\/wp-json\/wp\/v2\/users\/2"}],"replies":[{"embeddable":true,"href":"https:\/\/www.europesays.com\/fr\/wp-json\/wp\/v2\/comments?post=311161"}],"version-history":[{"count":0,"href":"https:\/\/www.europesays.com\/fr\/wp-json\/wp\/v2\/posts\/311161\/revisions"}],"wp:featuredmedia":[{"embeddable":true,"href":"https:\/\/www.europesays.com\/fr\/wp-json\/wp\/v2\/media\/311162"}],"wp:attachment":[{"href":"https:\/\/www.europesays.com\/fr\/wp-json\/wp\/v2\/media?parent=311161"}],"wp:term":[{"taxonomy":"category","embeddable":true,"href":"https:\/\/www.europesays.com\/fr\/wp-json\/wp\/v2\/categories?post=311161"},{"taxonomy":"post_tag","embeddable":true,"href":"https:\/\/www.europesays.com\/fr\/wp-json\/wp\/v2\/tags?post=311161"}],"curies":[{"name":"wp","href":"https:\/\/api.w.org\/{rel}","templated":true}]}}