{"id":311165,"date":"2025-08-11T08:29:10","date_gmt":"2025-08-11T08:29:10","guid":{"rendered":"https:\/\/www.europesays.com\/fr\/311165\/"},"modified":"2025-08-11T08:29:10","modified_gmt":"2025-08-11T08:29:10","slug":"trois-hommes-arretes-apres-avoir-grimpe-la-tour-eiffel-lun-deux-saute-en-parachute-depuis-le-sommet","status":"publish","type":"post","link":"https:\/\/www.europesays.com\/fr\/311165\/","title":{"rendered":"trois hommes arr\u00eat\u00e9s apr\u00e8s avoir grimp\u00e9 la tour Eiffel, l\u2019un d\u2019eux saute en parachute depuis le sommet"},"content":{"rendered":"<p>            Par<br \/>\n        <strong><br \/>\n            <a href=\"https:\/\/actu.fr\/auteur\/redaction-paris\" title=\"Consulter tous les articles de R\u00e9daction Paris\" target=\"_blank\" rel=\"noopener\">R\u00e9daction Paris<\/a><br \/>\n        <\/strong><\/p>\n<p>        Publi\u00e9 le<\/p>\n<p>            11 ao\u00fbt 2025 \u00e0 9h33        <\/p>\n<p>Une chute libre judiciaire. Samedi 9\u00a0ao\u00fbt 2025 au matin, trois hommes ont \u00e9t\u00e9 interpell\u00e9s \u00e0 <a href=\"https:\/\/actu.fr\/paris\/\" target=\"_blank\" rel=\"noopener\">Paris<\/a> apr\u00e8s avoir escalad\u00e9 la <a href=\"https:\/\/actu.fr\/tag\/tour-eiffel\" target=\"_blank\" rel=\"noopener\">tour Eiffel<\/a>, l\u2019un d\u2019eux ayant r\u00e9ussi <strong>\u00e0 sauter en parachute depuis le monument<\/strong>, a appris actu Paris aupr\u00e8s du parquet de Paris, <a href=\"https:\/\/www.lejdd.fr\/Societe\/info-jdd-paris-trois-individus-interpelles-apres-avoir-escalade-la-tour-eiffel-160890\" target=\"_blank\" rel=\"noopener\">confirmant une information du JDD<\/a>.<\/p>\n<p>Garde \u00e0 vue pour les trois individus<\/p>\n<p class=\" wall-content\">Les trois individus, indemnes, ont \u00e9t\u00e9 arr\u00eat\u00e9s imm\u00e9diatement apr\u00e8s les faits et <strong>ont atterri garde \u00e0 vue<\/strong>. \u00ab\u2009Ils ont \u00e9t\u00e9 d\u00e9f\u00e9r\u00e9s dimanche au parquet de Paris pour une mesure de composition p\u00e9nale\u2009\u00bb, pr\u00e9cise le minist\u00e8re public.<\/p>\n<p class=\" wall-content\">Selon Le Parisien, la soci\u00e9t\u00e9 d\u2019exploitation de la tour Eiffel aurait \u00e9galement d\u00e9pos\u00e9 plainte contre eux.<\/p>\n<p class=\" wall-content\">Cet incident survient un mois apr\u00e8s un fait similaire. Le 10\u00a0juillet dernier, deux autres hommes avaient \u00e9t\u00e9 arr\u00eat\u00e9s <a href=\"https:\/\/actu.fr\/ile-de-france\/paris_75056\/paris-deux-hommes-interpelles-apres-avoir-saute-en-parachute-du-haut-de-la-tour-eiffel_62895271.html\" target=\"_blank\" rel=\"noopener\">apr\u00e8s avoir saut\u00e9 en parachute depuis la Dame de fer<\/a>. <strong>Pr\u00e9sent\u00e9s comme adeptes de base jump<\/strong>, ils font l\u2019objet d\u2019une enqu\u00eate pour \u00ab\u2009intrusion dans un lieu historique ou culturel et mise en danger d\u2019autrui par violation manifestement d\u00e9lib\u00e9r\u00e9e d\u2019une obligation r\u00e9glementaire de s\u00e9curit\u00e9 ou de prudence\u2009\u00bb, a indiqu\u00e9 le parquet de Paris \u00e0 actu.<\/p>\n<p class=\" wall-content\">Suivez toute l\u2019actualit\u00e9 de vos villes et m\u00e9dias favoris en vous inscrivant \u00e0 <a href=\"https:\/\/moncompte.actu.fr\" title=\"D\u00e9couvez Mon Actu\" rel=\"nofollow noopener\" data-trk=\"{&quot;cta&quot;:{&quot;action&quot;:&quot;https:\\\/\\\/moncompte.actu.fr&quot;,&quot;category&quot;:&quot;mon compte&quot;,&quot;from&quot;:&quot;article footer&quot;,&quot;name&quot;:&quot;Mon actu&quot;,&quot;type&quot;:&quot;cta&quot;}}\" target=\"_blank\">Mon Actu<\/a>.<\/p>\n","protected":false},"excerpt":{"rendered":"Par R\u00e9daction Paris Publi\u00e9 le 11 ao\u00fbt 2025 \u00e0 9h33 Une chute libre judiciaire. Samedi 9\u00a0ao\u00fbt 2025 au&hellip;\n","protected":false},"author":2,"featured_media":311166,"comment_status":"","ping_status":"","sticky":false,"template":"","format":"standard","meta":{"footnotes":""},"categories":[1888],"tags":[1111,1928,11,1927,1777,674,118,1011,27,303,12,1926,626,1925,25,7184],"class_list":{"0":"post-311165","1":"post","2":"type-post","3":"status-publish","4":"format-standard","5":"has-post-thumbnail","7":"category-paris","8":"tag-actu","9":"tag-actu-paris","10":"tag-actualites","11":"tag-actualites-paris","12":"tag-eu","13":"tag-europe","14":"tag-faits-divers","15":"tag-fr","16":"tag-france","17":"tag-justice","18":"tag-news","19":"tag-news-paris","20":"tag-paris","21":"tag-paris-news","22":"tag-republique-francaise","23":"tag-tour-eiffel"},"share_on_mastodon":{"url":"https:\/\/pubeurope.com\/@fr\/115009196484415980","error":""},"_links":{"self":[{"href":"https:\/\/www.europesays.com\/fr\/wp-json\/wp\/v2\/posts\/311165","targetHints":{"allow":["GET"]}}],"collection":[{"href":"https:\/\/www.europesays.com\/fr\/wp-json\/wp\/v2\/posts"}],"about":[{"href":"https:\/\/www.europesays.com\/fr\/wp-json\/wp\/v2\/types\/post"}],"author":[{"embeddable":true,"href":"https:\/\/www.europesays.com\/fr\/wp-json\/wp\/v2\/users\/2"}],"replies":[{"embeddable":true,"href":"https:\/\/www.europesays.com\/fr\/wp-json\/wp\/v2\/comments?post=311165"}],"version-history":[{"count":0,"href":"https:\/\/www.europesays.com\/fr\/wp-json\/wp\/v2\/posts\/311165\/revisions"}],"wp:featuredmedia":[{"embeddable":true,"href":"https:\/\/www.europesays.com\/fr\/wp-json\/wp\/v2\/media\/311166"}],"wp:attachment":[{"href":"https:\/\/www.europesays.com\/fr\/wp-json\/wp\/v2\/media?parent=311165"}],"wp:term":[{"taxonomy":"category","embeddable":true,"href":"https:\/\/www.europesays.com\/fr\/wp-json\/wp\/v2\/categories?post=311165"},{"taxonomy":"post_tag","embeddable":true,"href":"https:\/\/www.europesays.com\/fr\/wp-json\/wp\/v2\/tags?post=311165"}],"curies":[{"name":"wp","href":"https:\/\/api.w.org\/{rel}","templated":true}]}}