{"id":311167,"date":"2025-08-11T08:30:34","date_gmt":"2025-08-11T08:30:34","guid":{"rendered":"https:\/\/www.europesays.com\/fr\/311167\/"},"modified":"2025-08-11T08:30:34","modified_gmt":"2025-08-11T08:30:34","slug":"ces-5-pepites-tout-pres-des-champs-elysees-paris-select","status":"publish","type":"post","link":"https:\/\/www.europesays.com\/fr\/311167\/","title":{"rendered":"ces 5 p\u00e9pites tout pr\u00e8s des Champs-\u00c9lys\u00e9es \u2013 Paris Select"},"content":{"rendered":"<p>Et si l\u2019amour se vivait \u00e0 l\u2019abri des regards, dans un Paris plus feutr\u00e9 que clich\u00e9 ? Voici 5 h\u00f4tels \u00e9l\u00e9gants nich\u00e9s autour des Champs-\u00c9lys\u00e9es, et 5 exp\u00e9riences \u00e0 ne pas rater pour un week-end en duo.<\/p>\n<p>H\u00f4tel Vernet \u2013 L\u2019art du luxe sans arrogance<\/p>\n<p><img loading=\"lazy\" decoding=\"async\" width=\"1920\" height=\"1079\" src=\"data:image\/svg+xml,%3Csvg%20xmlns=\" http:=\"\" alt=\"\" class=\"wp-image-176147\" data-lazy- data-lazy- data-lazy-src=\"https:\/\/www.europesays.com\/fr\/wp-content\/uploads\/2025\/08\/hotel-vernet-restaurant-le-v-222468-1920-1280-landscape-edited.jpg\"\/><\/p>\n<p>Situ\u00e9 juste derri\u00e8re l\u2019Arc de Triomphe, <strong>l\u2019H\u00f4tel Vernet<\/strong>  propose une atmosph\u00e8re <strong>sophistiqu\u00e9e et intimiste<\/strong>. Son atrium baign\u00e9 de lumi\u00e8re naturelle, avec une <strong>verri\u00e8re sign\u00e9e Gustave Eiffel<\/strong>, donne le ton. Les chambres, au design sobre mais raffin\u00e9, offrent une ambiance apaisante. L\u2019adresse id\u00e9ale pour un <strong>week-end \u00e0 deux<\/strong> o\u00f9 l\u2019on oublie la ville\u2026 en plein c\u0153ur de Paris.<\/p>\n<p><a href=\"https:\/\/www.hotelvernet-paris.com\/fr\/\" target=\"_blank\" rel=\"noreferrer noopener nofollow\">\ud83d\udccdH\u00f4tel Vernet, Champs \u2013 \u00c9lys\u00e9es, 25 Rue Vernet, 75008 Paris<\/a><\/p>\n<p>H\u00f4tel de Sers \u2013 Le palace \u00e0 taille humaine<\/p>\n<p><img loading=\"lazy\" decoding=\"async\" width=\"2048\" height=\"1152\" src=\"data:image\/svg+xml,%3Csvg%20xmlns=\" http:=\"\" alt=\"\" class=\"wp-image-176151\" data-lazy- data-lazy- data-lazy-src=\"https:\/\/www.europesays.com\/fr\/wp-content\/uploads\/2025\/08\/w3840-edited-scaled.jpg\"\/><\/p>\n<p>H\u00f4tel se Sers s\u00e9duit par son <strong>charme discret<\/strong>. Ancienne demeure priv\u00e9e, l\u2019h\u00f4tel a conserv\u00e9 son \u00e9l\u00e9gance d\u2019\u00e9poque tout en int\u00e9grant un confort tr\u00e8s actuel. On y trouve un <strong>patio v\u00e9g\u00e9talis\u00e9<\/strong> pour le petit d\u00e9jeuner, des chambres avec <strong>vue sur la Tour Eiffel<\/strong>, et un service sur-mesure. Pour les couples qui aiment m\u00ealer <strong>raffinement et tranquillit\u00e9<\/strong>.<\/p>\n<p><a href=\"https:\/\/www.hoteldesers-paris.com\/fr\/\" target=\"_blank\" rel=\"noreferrer noopener nofollow\">\ud83d\udccdH\u00f4tel de Sers \u2013 Champs Elys\u00e9es, 41 Av. Pierre 1er de Serbie, 75008 Paris<\/a><\/p>\n<p>Warwick Paris \u2013 Une terrasse qu\u2019on garde pour soi \u00e0 deux pas des Champs-Elys\u00e9es<\/p>\n<p><img loading=\"lazy\" decoding=\"async\" width=\"2000\" height=\"1124\" src=\"data:image\/svg+xml,%3Csvg%20xmlns=\" http:=\"\" alt=\"\" class=\"wp-image-176155\" data-lazy- data-lazy- data-lazy-src=\"https:\/\/www.europesays.com\/fr\/wp-content\/uploads\/2025\/08\/accueil_og-image-edited.jpg\"\/><\/p>\n<p>Loin des h\u00f4tels tapageurs, <strong>warwick Paris<\/strong> mise sur une <strong>terrasse exceptionnelle<\/strong>, nich\u00e9e au 8e \u00e9tage. La <strong>vue sur la Tour Eiffel<\/strong> y est spectaculaire, particuli\u00e8rement au coucher du soleil. \u00c0 l\u2019int\u00e9rieur, le d\u00e9cor est feutr\u00e9, presque vintage. L\u2019endroit r\u00eav\u00e9 pour un <strong>verre en t\u00eate-\u00e0-t\u00eate<\/strong>, ou un r\u00e9veil avec Paris sous vos yeux.<\/p>\n<p><a href=\"https:\/\/www.warwickhotels.com\/warwick-paris\/?utm_source=google&amp;utm_medium=local&amp;utm_campaign=seo\" target=\"_blank\" rel=\"noreferrer noopener nofollow\">\ud83d\udccdWarwick Champs-Elys\u00e9es Paris, 5 Rue de Berri, 75008 Paris<\/a><\/p>\n<p>H\u00f4tel Lancaster \u2013 L\u2019 \u00e9l\u00e9gance \u00e0 la fran\u00e7aise <\/p>\n<p><img loading=\"lazy\" decoding=\"async\" width=\"2048\" height=\"1152\" src=\"data:image\/svg+xml,%3Csvg%20xmlns=\" http:=\"\" alt=\"\" class=\"wp-image-176159\" data-lazy- data-lazy- data-lazy-src=\"https:\/\/www.europesays.com\/fr\/wp-content\/uploads\/2025\/08\/5346740-1514144_0_416_4800_2615_2200_1200.rc_-1-edited-scaled.jpg\"\/><\/p>\n<p>H\u00f4tel Lancasterparis offre un voyage dans le temps. Ce boutique h\u00f4tel de l\u2019avenue des Champs-\u00c9lys\u00e9es rappelle les <strong>salons bourgeois<\/strong> d\u2019antan : parquets anciens, tapis moelleux, <strong>chemin\u00e9e dans certaines suites<\/strong>. Une adresse rare, o\u00f9 l\u2019on se sent <strong>chez soi dans un d\u00e9cor de film<\/strong>. Id\u00e9al pour les amateurs de romantisme feutr\u00e9.<\/p>\n<p><a href=\"https:\/\/www.hotel-lancaster.com\/fr\/\" rel=\"nofollow noopener\" target=\"_blank\">\ud83d\udccdH\u00f4tel Lancaster Paris Champs Elys\u00e9es, 7 Rue de Berri, 75008 Paris<\/a><\/p>\n<p>H\u00f4tel Balzac \u2013 L\u2019adresse chic ultra confidentielle<\/p>\n<p><img loading=\"lazy\" decoding=\"async\" width=\"2048\" height=\"1151\" src=\"data:image\/svg+xml,%3Csvg%20xmlns=\" http:=\"\" alt=\"\" class=\"wp-image-176163\" data-lazy- data-lazy- data-lazy-src=\"https:\/\/www.europesays.com\/fr\/wp-content\/uploads\/2025\/08\/1596662-edited-scaled.jpg\"\/><\/p>\n<p>H\u00f4tel Balzac, lov\u00e9 dans une rue calme, propose une exp\u00e9rience \u00e0 la fois <strong>luxueuse et intimiste<\/strong>. Les tons chauds, les tissus pr\u00e9cieux et la <strong>vue sur la Tour Eiffel<\/strong> depuis certaines suites en font une base id\u00e9ale pour les couples en qu\u00eate de silence et de style. Moins connu que ses voisins, c\u2019est <strong>une cachette pr\u00e9cieuse<\/strong> \u00e0 deux pas de tout.<\/p>\n<p><a href=\"https:\/\/www.hotelbalzac.paris\/fr\/\" target=\"_blank\" rel=\"noreferrer noopener nofollow\">\ud83d\udccdH\u00f4tel Balzac Paris &amp; Spa Iko\u00ef, 6 Rue Balzac, 75008 Paris<\/a><\/p>\n<p>La Galerie Dior \u2013 Haute couture et \u00e9motions<\/p>\n<p><img loading=\"lazy\" decoding=\"async\" width=\"1900\" height=\"1068\" src=\"data:image\/svg+xml,%3Csvg%20xmlns=\" http:=\"\" alt=\"\" class=\"wp-image-176167\" data-lazy- data-lazy- data-lazy-src=\"https:\/\/www.europesays.com\/fr\/wp-content\/uploads\/2025\/08\/NEW-EXHIBITION-AT-LA-GALERIE-DIOR-2023-Le-Bal-Dior-\u00a9-Adrien-Dirand-edited.webp.webp\"\/><\/p>\n<p>Install\u00e9e dans l\u2019ancienne maison de Christian Dior au 30 avenue Montaigne, la <strong>Galerie Dior<\/strong> propose un parcours immersif \u00e0 travers l\u2019univers de la mode. Robes iconiques, croquis, parfums\u2026 Un hommage sensible et visuel \u00e0 la beaut\u00e9. Parfait pour <strong>r\u00eaver \u00e0 deux devant les merveilles de la couture parisienne<\/strong>.<\/p>\n<p><a href=\"https:\/\/www.galeriedior.com\/\" rel=\"nofollow noopener\" target=\"_blank\">\ud83d\udccdLa Galerie Dior, 11 Rue Fran\u00e7ois 1er, 75008 Paris<\/a><\/p>\n<p>Un go\u00fbter Ladur\u00e9e \u2013 Romantisme sucr\u00e9<\/p>\n<p><img loading=\"lazy\" decoding=\"async\" width=\"1778\" height=\"1000\" src=\"data:image\/svg+xml,%3Csvg%20xmlns=\" http:=\"\" alt=\"Champs\" class=\"wp-image-176171\" data-lazy- data-lazy- data-lazy-src=\"https:\/\/www.europesays.com\/fr\/wp-content\/uploads\/2025\/08\/652_8-edited.jpg\"\/><\/p>\n<p>Impossible de r\u00e9sister \u00e0 l\u2019appel d\u2019un go\u00fbter chez <strong>Ladur\u00e9e<\/strong>, sur les Champs. Dans un d\u00e9cor napol\u00e9onien, commandez un th\u00e9 et une <strong>assiette de macarons<\/strong>. Mention sp\u00e9ciale pour celui \u00e0 la rose ou au cassis-violette. Une pause tout en douceur, propice aux confidences.<\/p>\n<p>\ud83d\udccdLadur\u00e9e Champs-Elys\u00e9es, 75 Av. des Champs-\u00c9lys\u00e9es, 75008 Paris<\/p>\n<p>Arc de Triomphe \u2013 Panorama inoubliable<\/p>\n<p><img loading=\"lazy\" decoding=\"async\" width=\"960\" height=\"540\" src=\"data:image\/svg+xml,%3Csvg%20xmlns=\" http:=\"\" alt=\"Champs\" class=\"wp-image-176175\" data-lazy- data-lazy- data-lazy-src=\"https:\/\/www.europesays.com\/fr\/wp-content\/uploads\/2025\/08\/arctriomphe1a.jpg-edited.webp.webp\"\/><\/p>\n<p>Gravir l\u2019<strong>Arc de Triomphe<\/strong>, c\u2019est acc\u00e9der \u00e0 l\u2019une des vues les plus saisissantes de Paris. De l\u00e0-haut, la <strong>perspective des Champs-\u00c9lys\u00e9es<\/strong> d\u2019un c\u00f4t\u00e9, et <strong>la Tour Eiffel<\/strong> de l\u2019autre. Un moment \u00e0 savourer en silence, au cr\u00e9puscule, pour un <strong>souvenir grav\u00e9 \u00e0 deux<\/strong>.<\/p>\n<p><a href=\"https:\/\/www.paris-arc-de-triomphe.fr\/\" target=\"_blank\" rel=\"noreferrer noopener nofollow\">\ud83d\udccdArc de Triomphe, Pl. Charles de Gaulle, 75008 Paris<\/a><\/p>\n<p>Caf\u00e9 chez Bacha \u2013 L\u2019escale orientale secr\u00e8te<\/p>\n<p><img loading=\"lazy\" decoding=\"async\" width=\"1920\" height=\"1079\" src=\"data:image\/svg+xml,%3Csvg%20xmlns=\" http:=\"\" alt=\"Champs\" class=\"wp-image-176179\" data-lazy- data-lazy- data-lazy-src=\"https:\/\/www.europesays.com\/fr\/wp-content\/uploads\/2025\/08\/LUXURY-28.jpg-edited.webp.webp\"\/><\/p>\n<p>Caf\u00e9 chez  Bacha est un bijou cach\u00e9. Ce <strong>caf\u00e9-librairie<\/strong> sert des crus rares venus du monde entier, accompagn\u00e9s de p\u00e2tisseries orientales maison. \u00c0 l\u2019abri dans un patio, c\u2019est <strong>l\u2019endroit parfait pour se poser<\/strong>, loin de l\u2019agitation de la ville. Une ambiance entre Marrakech et Paris.<\/p>\n<p><a href=\"https:\/\/bachacoffee.com\/\" target=\"_blank\" rel=\"noreferrer noopener nofollow\">\ud83d\udccdBacha Coffee, 26 Av. des Champs-\u00c9lys\u00e9es, 75008 Paris<\/a><\/p>\n<p>D\u00eener chez Attilio \u2013 L\u2019Italie confidentielle<\/p>\n<p><img loading=\"lazy\" decoding=\"async\" width=\"2040\" height=\"1147\" src=\"data:image\/svg+xml,%3Csvg%20xmlns=\" http:=\"\" alt=\"Champs\" class=\"wp-image-176183\" data-lazy- data-lazy- data-lazy-src=\"https:\/\/www.europesays.com\/fr\/wp-content\/uploads\/2025\/08\/XVM2bf06e74-bf79-11ee-9555-ca7fa647f477-1-edited.webp.webp\"\/><\/p>\n<p>Attilio offre une <strong>cuisine italienne authentique<\/strong>, servie dans une ambiance tamis\u00e9e. Burrata cr\u00e9meuse, risotto \u00e0 la truffe, tiramisu a\u00e9rien\u2026 Tout est pens\u00e9 pour <strong>un d\u00eener en amoureux<\/strong>, sans pr\u00e9tention mais avec justesse. On y revient pour la chaleur du lieu autant que pour la qualit\u00e9 de l\u2019assiette.<\/p>\n<p>\ud83d\udccdL\u2019Attilio Paris, 184 Rue du Faubourg Saint-Honor\u00e9, 75008 Paris<\/p>\n<p>Lido 2 Paris \u2013 Nouvelle sc\u00e8ne du romantisme<\/p>\n<p><img loading=\"lazy\" decoding=\"async\" width=\"912\" height=\"513\" src=\"data:image\/svg+xml,%3Csvg%20xmlns=\" http:=\"\" alt=\"Champs\" class=\"wp-image-176187\" data-lazy- data-lazy- data-lazy-src=\"https:\/\/www.europesays.com\/fr\/wp-content\/uploads\/2025\/08\/lido2_1-edited.png\"\/><\/p>\n<p>Exit les plumes et paillettes vintage : le <strong>Lido 2 Paris<\/strong> s\u2019est r\u00e9invent\u00e9 en salle de <strong>com\u00e9die musicale contemporaine<\/strong>. Programmation ambitieuse, d\u00e9cors immersifs et prestations sc\u00e9niques \u00e0 couper le souffle. Une <strong>fin de soir\u00e9e surprenante<\/strong>, parfaite pour prolonger la magie.<\/p>\n<p><a href=\"https:\/\/theatredulido.com\/fr\/\" target=\"_blank\" rel=\"noreferrer noopener nofollow\">\ud83d\udccdTh\u00e9\u00e2tre du Lido, 116 Av. des Champs-\u00c9lys\u00e9es, 75008 Paris<\/a><\/p>\n<p>Pour continuer \u00e0 explorer un Paris plus secret et raffin\u00e9 :<\/p>\n<p>D\u00e9couvrez notre s\u00e9lection de <strong>lieux confidentiels<\/strong> sur <a class=\"\" href=\"https:\/\/parisselectbook.com\" rel=\"nofollow noopener\" target=\"_blank\">parisselectbook.com<\/a><\/p>\n","protected":false},"excerpt":{"rendered":"Et si l\u2019amour se vivait \u00e0 l\u2019abri des regards, dans un Paris plus feutr\u00e9 que clich\u00e9 ? Voici&hellip;\n","protected":false},"author":2,"featured_media":311168,"comment_status":"","ping_status":"","sticky":false,"template":"","format":"standard","meta":{"footnotes":""},"categories":[1888],"tags":[1111,1928,11,1927,1777,674,1011,27,12,1926,626,1925,25],"class_list":{"0":"post-311167","1":"post","2":"type-post","3":"status-publish","4":"format-standard","5":"has-post-thumbnail","7":"category-paris","8":"tag-actu","9":"tag-actu-paris","10":"tag-actualites","11":"tag-actualites-paris","12":"tag-eu","13":"tag-europe","14":"tag-fr","15":"tag-france","16":"tag-news","17":"tag-news-paris","18":"tag-paris","19":"tag-paris-news","20":"tag-republique-francaise"},"share_on_mastodon":{"url":"https:\/\/pubeurope.com\/@fr\/115009200154790297","error":""},"_links":{"self":[{"href":"https:\/\/www.europesays.com\/fr\/wp-json\/wp\/v2\/posts\/311167","targetHints":{"allow":["GET"]}}],"collection":[{"href":"https:\/\/www.europesays.com\/fr\/wp-json\/wp\/v2\/posts"}],"about":[{"href":"https:\/\/www.europesays.com\/fr\/wp-json\/wp\/v2\/types\/post"}],"author":[{"embeddable":true,"href":"https:\/\/www.europesays.com\/fr\/wp-json\/wp\/v2\/users\/2"}],"replies":[{"embeddable":true,"href":"https:\/\/www.europesays.com\/fr\/wp-json\/wp\/v2\/comments?post=311167"}],"version-history":[{"count":0,"href":"https:\/\/www.europesays.com\/fr\/wp-json\/wp\/v2\/posts\/311167\/revisions"}],"wp:featuredmedia":[{"embeddable":true,"href":"https:\/\/www.europesays.com\/fr\/wp-json\/wp\/v2\/media\/311168"}],"wp:attachment":[{"href":"https:\/\/www.europesays.com\/fr\/wp-json\/wp\/v2\/media?parent=311167"}],"wp:term":[{"taxonomy":"category","embeddable":true,"href":"https:\/\/www.europesays.com\/fr\/wp-json\/wp\/v2\/categories?post=311167"},{"taxonomy":"post_tag","embeddable":true,"href":"https:\/\/www.europesays.com\/fr\/wp-json\/wp\/v2\/tags?post=311167"}],"curies":[{"name":"wp","href":"https:\/\/api.w.org\/{rel}","templated":true}]}}