{"id":311169,"date":"2025-08-11T08:31:11","date_gmt":"2025-08-11T08:31:11","guid":{"rendered":"https:\/\/www.europesays.com\/fr\/311169\/"},"modified":"2025-08-11T08:31:11","modified_gmt":"2025-08-11T08:31:11","slug":"tout-savoir-sur-lacte-2-de-la-renovation-de-notre-dame-de-paris","status":"publish","type":"post","link":"https:\/\/www.europesays.com\/fr\/311169\/","title":{"rendered":"tout savoir sur l\u2019acte 2 de la r\u00e9novation de Notre-Dame de Paris"},"content":{"rendered":"<p>Apr\u00e8s cinq ans de <a target=\"_self\" href=\"https:\/\/www.lanouvellerepublique.fr\/loisirs\/l-interieur-restaure-de-notre-dame-de-paris-se-devoile-enfin\" rel=\"noopener\">travaux int\u00e9rieurs qui ont fait rena\u00eetre la cath\u00e9drale<\/a> de <a target=\"_self\" href=\"https:\/\/www.lanouvellerepublique.fr\/a-la-une\/notre-dame-de-paris-ravagee-par-les-flammes\" rel=\"noopener\">ses cendres<\/a>, Notre-Dame de Paris n\u2019en finit pas de retrouver sa superbe. En ce beau jour d\u2019\u00e9t\u00e9, deux files de visiteurs pi\u00e9tinent sur le parvis. L\u2019une d\u2019elles est d\u00e9di\u00e9e \u00e0 ceux qui ont r\u00e9serv\u00e9, <a target=\"_blank\" href=\"https:\/\/www.notredamedeparis.fr\/visiter\/reserver\/\" rel=\"noopener\">pratique vivement recommand\u00e9e<\/a>\u00a0: la perle de l\u2019\u00cele de la Cit\u00e9 devrait en effet accueillir 15\u00a0millions de personnes par an&#8230;. <\/p>\n<p>    Cet article a \u00e9t\u00e9 tronqu\u00e9. Abonnez-vous pour lire l&rsquo;article complet sur notre site.<\/p>\n<p style=\"margin: 0 !important; padding: 0 !important; font-size: 12px !important;\">Cet article a \u00e9t\u00e9 tronqu\u00e9. Abonnez-vous pour lire l&rsquo;article complet.<\/p>\n<p>    <a href=\"https:\/\/www.lanouvellerepublique.fr\/abonnements\" style=\"display: inline-block; margin-top: 5px !important; padding: 6px 12px !important; background: #cb1c27; color: white; text-decoration: none; border-radius: 4px; font-size: 12px !important;\" target=\"_blank\" rel=\"noopener\"><br \/>\n      S&rsquo;abonner<br \/>\n    <\/a><\/p>\n","protected":false},"excerpt":{"rendered":"Apr\u00e8s cinq ans de travaux int\u00e9rieurs qui ont fait rena\u00eetre la cath\u00e9drale de ses cendres, Notre-Dame de Paris&hellip;\n","protected":false},"author":2,"featured_media":311170,"comment_status":"","ping_status":"","sticky":false,"template":"","format":"standard","meta":{"footnotes":""},"categories":[1888],"tags":[328,11,1777,674,1011,27,329,1393,12,3341,626,2551,25],"class_list":{"0":"post-311169","1":"post","2":"type-post","3":"status-publish","4":"format-standard","5":"has-post-thumbnail","7":"category-paris","8":"tag-a-la-une","9":"tag-actualites","10":"tag-eu","11":"tag-europe","12":"tag-fr","13":"tag-france","14":"tag-france-monde","15":"tag-loisirs","16":"tag-news","17":"tag-notre-dame-de-paris","18":"tag-paris","19":"tag-patrimoine","20":"tag-republique-francaise"},"share_on_mastodon":{"url":"https:\/\/pubeurope.com\/@fr\/115009203993073902","error":""},"_links":{"self":[{"href":"https:\/\/www.europesays.com\/fr\/wp-json\/wp\/v2\/posts\/311169","targetHints":{"allow":["GET"]}}],"collection":[{"href":"https:\/\/www.europesays.com\/fr\/wp-json\/wp\/v2\/posts"}],"about":[{"href":"https:\/\/www.europesays.com\/fr\/wp-json\/wp\/v2\/types\/post"}],"author":[{"embeddable":true,"href":"https:\/\/www.europesays.com\/fr\/wp-json\/wp\/v2\/users\/2"}],"replies":[{"embeddable":true,"href":"https:\/\/www.europesays.com\/fr\/wp-json\/wp\/v2\/comments?post=311169"}],"version-history":[{"count":0,"href":"https:\/\/www.europesays.com\/fr\/wp-json\/wp\/v2\/posts\/311169\/revisions"}],"wp:featuredmedia":[{"embeddable":true,"href":"https:\/\/www.europesays.com\/fr\/wp-json\/wp\/v2\/media\/311170"}],"wp:attachment":[{"href":"https:\/\/www.europesays.com\/fr\/wp-json\/wp\/v2\/media?parent=311169"}],"wp:term":[{"taxonomy":"category","embeddable":true,"href":"https:\/\/www.europesays.com\/fr\/wp-json\/wp\/v2\/categories?post=311169"},{"taxonomy":"post_tag","embeddable":true,"href":"https:\/\/www.europesays.com\/fr\/wp-json\/wp\/v2\/tags?post=311169"}],"curies":[{"name":"wp","href":"https:\/\/api.w.org\/{rel}","templated":true}]}}