{"id":311175,"date":"2025-08-11T08:34:13","date_gmt":"2025-08-11T08:34:13","guid":{"rendered":"https:\/\/www.europesays.com\/fr\/311175\/"},"modified":"2025-08-11T08:34:13","modified_gmt":"2025-08-11T08:34:13","slug":"a-la-une-trump-et-netanyahu-droits-dans-leurs-bottes","status":"publish","type":"post","link":"https:\/\/www.europesays.com\/fr\/311175\/","title":{"rendered":"A la Une: Trump et Netanyahu droits dans leurs bottes\u2026"},"content":{"rendered":"<p>L\u2019un veut la paix entre la <strong><a href=\"https:\/\/www.rfi.fr\/fr\/tag\/russie\/\" target=\"_self\" class=\"gtm-add-suggested-tag\" rel=\"noopener\">Russie<\/a><\/strong> et l\u2019Ukraine, m\u00eame au prix d\u2019un accord favorable envers Moscou.<\/p>\n<p>L\u2019autre veut prendre le contr\u00f4le total de Gaza, malgr\u00e9 une lev\u00e9e de bouclier nationale et internationale.<\/p>\n<p>On commence par Trump qui ouvre donc un boulevard \u00e0 Poutine\u2026<\/p>\n<p><strong><a href=\"https:\/\/www.lefigaro.fr\/international\/donald-trump-prend-le-risque-d-offrir-a-vladimir-poutine-une-victoire-diplomatique-inesperee-20250810\" target=\"_blank\" rel=\"noopener\">Le Figaro<\/a><\/strong> \u00e0 <strong><a href=\"https:\/\/www.rfi.fr\/fr\/tag\/paris\/\" target=\"_self\" class=\"gtm-add-suggested-tag\" rel=\"noopener\">Paris<\/a><\/strong> peine \u00e0 y croire\u2026 \u00ab\u00a0En annon\u00e7ant sans conditions une rencontre au sommet pour d\u00e9cider du sort de l\u2019Ukraine, le pr\u00e9sident am\u00e9ricain donne \u00e0 son homologue russe la possibilit\u00e9 de s\u00e9curiser ses gains territoriaux dans une guerre qu\u2019il a lui-m\u00eame d\u00e9clench\u00e9e.\u00a0\u00bb<\/p>\n<p>En fait, r\u00e9sume le journal, \u00ab\u00a0<strong><a href=\"https:\/\/www.rfi.fr\/fr\/tag\/donald-trump\/\" target=\"_self\" class=\"gtm-add-suggested-tag\" rel=\"noopener\">Donald Trump<\/a><\/strong> prend le risque d\u2019offrir \u00e0 Vladimir Poutine une victoire diplomatique inesp\u00e9r\u00e9e\u00a0\u00bb.<\/p>\n<p class=\"a-read-more\">\u00c0 lire aussi<a href=\"https:\/\/www.rfi.fr\/fr\/europe\/20250809-rencontre-trump-poutine-sur-l-ukraine-zelensky-affirme-qu-il-refusera-de-c\u00e9der-son-territoire-\u00e0-la-russie\" target=\"_self\" class=\"a-read-more__link\" rel=\"noopener\">Rencontre Trump-Poutine sur l&rsquo;Ukraine: la Russie se pr\u00e9pare, Zelensky rejette tout compromis territorial<\/a><\/p>\n<p> Le sommet en Alaska\u00a0: \u00ab\u00a0un pari risqu\u00e9 pour la paix\u2026\u00a0\u00bb <\/p>\n<p>Pour <strong><a href=\"https:\/\/www.lemonde.fr\/international\/article\/2025\/08\/11\/les-ukrainiens-attendent-avec-scepticisme-le-sommet-du-15-aout-entre-donald-trump-et-vladimir-poutine_6628045_3210.html\" target=\"_blank\" rel=\"noopener\">Le Monde<\/a><\/strong>, toujours \u00e0 Paris, \u00ab\u00a0le pr\u00e9sident russe ne renoncera pas \u00e0 ses ambitions maximalistes, formul\u00e9es dans le m\u00e9morandum d\u2019Istanbul en juin dernier. Soit la reconnaissance\u00a0par Kiev de la souverainet\u00e9 russe sur cinq r\u00e9gions occup\u00e9es\u00a0: Crim\u00e9e, Donetsk, Louhansk, Kherson et Zaporijia\u00a0; l\u2019interdiction pour l\u2019Ukraine d\u2019adh\u00e9rer \u00e0 l\u2019OTAN\u00a0; la d\u00e9militarisation du pays\u00a0; l\u2019arr\u00eat des livraisons d\u2019armes \u00e9trang\u00e8res et un retour \u00e0 une forte influence de Moscou dans le pays\u00a0\u00bb.<\/p>\n<p>Interrog\u00e9 par le quotidien fran\u00e7ais, l\u2019ancien diplomate ukrainien Oleksandr Khara affirme\u00a0: \u00ab\u00a0les Russes n\u2019ont pas boug\u00e9 d\u2019un iota. Ils ne seraient pr\u00eats \u00e0 un cessez-le-feu que dans le cas o\u00f9 Poutine prendrait conscience des \u00e9normes probl\u00e8mes structurels auxquels son \u00e9conomie fait face, ou aurait besoin d\u2019une pause pour reconstituer des forces militaires.\u00a0Je ne vois aucune autre raison pour laquelle Poutine renoncerait \u00e0\u00a0ses ambitions imp\u00e9rialistes de conqu\u00e9rir l\u2019Ukraine\u00a0\u00bb.<\/p>\n<p>Et Oleksandr Khara de d\u00e9plorer que\u00a0\u00ab\u00a0toute l\u2019id\u00e9e du sommet repose en r\u00e9alit\u00e9 sur l\u2019incomp\u00e9tence de\u00a0[l\u2019\u00e9missaire du pr\u00e9sident am\u00e9ricain, Steve]\u00a0Witkoff, qui a\u00a0mal compris <strong><a href=\"https:\/\/www.rfi.fr\/fr\/tag\/vladimir-poutine\/\" target=\"_self\" class=\"gtm-add-suggested-tag\" rel=\"noopener\">Vladimir Poutine<\/a><\/strong> en laissant penser que les Russes \u00e9taient pr\u00eats \u00e0 un retrait partiel de leurs troupes\u00a0\u00bb.<\/p>\n<p>Pour le <strong><a href=\"https:\/\/www.washingtonpost.com\/opinions\/2025\/08\/10\/alaska-summit-ukraine-trump-putin\/\" target=\"_blank\" rel=\"noopener\">Washington Post<\/a><\/strong>, cette rencontre Trump-Poutine en Alaska \u00ab\u00a0est un pari risqu\u00e9 pour la paix.\u00a0Le moment est venu de discuter des concessions territoriales, estime le quotidien am\u00e9ricain, mais l\u2019Ukraine a \u00e9galement besoin de garanties de s\u00e9curit\u00e9\u00a0\u00bb. Et \u00ab\u00a0Trump serait mal avis\u00e9 de ne pas tenir compte de Zelensky. Naturellement, <strong><a href=\"https:\/\/www.rfi.fr\/fr\/europe\/20250811-rencontre-trump-poutine-sur-l-ukraine-la-pr\u00e9sence-de-volodymyr-zelensky-toujours-incertaine\" target=\"_self\" rel=\"noopener\">Poutine ne veut traiter qu\u2019avec Trump<\/a><\/strong>. Toutefois, pour qu\u2019un accord tienne la route, il faut que les Ukrainiens y adh\u00e8rent. Id\u00e9alement, bien que cela semble peu probable, Zelensky peut encore obtenir une invitation au sommet de l\u2019Alaska\u00a0\u00bb.<\/p>\n<p class=\"a-read-more\">\u00c0 lire aussi<a href=\"https:\/\/www.rfi.fr\/fr\/europe\/20250810-rencontre-donald-trump-vladimir-poutine-guerre-ukraine-quels-moyens-de-pression-\u00e9tats-unis-russie-moscou-sanctions\" target=\"_self\" class=\"a-read-more__link\" rel=\"noopener\">Rencontre Trump-Poutine sur l&rsquo;Ukraine: quels moyens de pression ont les \u00c9tats-Unis sur Moscou?<\/a><\/p>\n<p> \u00ab\u00a0Emport\u00e9 par sa folie guerri\u00e8re\u00a0\u00bb <\/p>\n<p>Netanyahu \u00e0 pr\u00e9sent\u2026 Le Premier ministre isra\u00e9lien veut en finir avec le Hamas et pour ce faire, il veut prendre le contr\u00f4le de Gaza.<\/p>\n<p>Lev\u00e9e de bouclier international et lev\u00e9e de boucliers dans les m\u00e9dias\u2026<\/p>\n<p>\u00ab\u00a0Cette prise de contr\u00f4le de Gaza\u00a0par Isra\u00ebl\u00a0serait un acte destructeur et futile, d\u00e9nonce le <strong><a href=\"https:\/\/www.theguardian.com\/commentisfree\/2025\/aug\/08\/the-guardian-view-on-israels-gaza-takeover-plan-a-destructive-act-that-must-be-stopped\" target=\"_blank\" rel=\"noopener\">Guardian<\/a><\/strong> \u00e0 Londres. Elle ne r\u00e9soudrait absolument rien. Elle ne ferait qu\u2019ajouter de nouveaux probl\u00e8mes militaires, humanitaires et politiques \u00e0 ceux d\u00e9j\u00e0 cr\u00e9\u00e9s par le conflit. Elle aggraverait la souffrance humaine, au lieu de l\u2019am\u00e9liorer. Les gouvernements du monde entier doivent faire tout ce qu\u2019ils peuvent \u2013 les <strong><a href=\"https:\/\/www.rfi.fr\/fr\/tag\/\u00e9tats-unis\/\" target=\"_self\" class=\"gtm-add-suggested-tag\" rel=\"noopener\">\u00c9tats-Unis<\/a><\/strong> en premier lieu \u2013 pour y mettre un terme\u00a0\u00bb.<\/p>\n<p>\u00ab\u00a0Emport\u00e9 par sa folie guerri\u00e8re et son obsession de rester au pouvoir, rench\u00e9rit <strong><a href=\"https:\/\/www.liberation.fr\/idees-et-debats\/editorial\/benyamin-netanyahou-la-folie-guerriere-20250810_TIIT7DO3MZAENI3R4EW4DC3DGI\/\" target=\"_blank\" rel=\"noopener\">Lib\u00e9ration<\/a><\/strong> \u00e0 Paris, Netanyahu n\u2019a, dans sa propre logique, plus d\u2019autre choix que celui de s\u2019obstiner et de poursuivre sa fuite en avant, c\u2019est l\u00e0 le drame.\u00a0Ses ministres d\u2019extr\u00eame droite, qui souhaiteraient recoloniser Gaza et trouvent son plan trop l\u00e9ger, l\u2019accusent de s\u2019\u00eatre\u00a0\u201crendu aux faibles\u201c\u00a0et le chef de l\u2019opposition lui reproche de\u00a0\u201cd\u00e9manteler le pays de l\u2019int\u00e9rieur\u201c. \u00c0 force de jouer avec le feu, conclut Lib\u00e9ration, le Premier ministre isra\u00e9lien va finir par s\u2019y br\u00fbler\u00a0\u00bb.<\/p>\n<p>Enfin, m\u00eame le <strong><a href=\"https:\/\/www.jpost.com\/opinion\/article-863828\" target=\"_blank\" rel=\"noopener\">Jerusalem Post<\/a><\/strong> \u00e0 Tel Aviv, plut\u00f4t favorable \u00e0 la ligne gouvernementale, exprime ses doutes\u2026 \u00ab\u00a0Le plan de Netanyahu menace de d\u00e9chirer <strong><a href=\"https:\/\/www.rfi.fr\/fr\/tag\/isra\u00ebl\/\" target=\"_self\" class=\"gtm-add-suggested-tag\" rel=\"noopener\">Isra\u00ebl<\/a><\/strong>, affirme le journal.<strong> <\/strong>Il ne satisfait pleinement aucun camp, en renfor\u00e7ant la m\u00e9fiance entre les dirigeants et les citoyens. (\u2026) La nation est divis\u00e9e sur la strat\u00e9gie,\u00a0les objectifs et les implications morales de ce plan. En l\u2019absence d\u2019une vision unificatrice portant \u00e0 la fois sur la s\u00e9curit\u00e9 et la conscience, le plan Gaza de Netanyahu, pr\u00e9vient encore le Jerusalem Post, risque de devenir non pas une voie d\u2019avenir, mais plut\u00f4t une ligne de faille aggravant les crises internes et externes d\u2019Isra\u00ebl\u00a0\u00bb.<\/p>\n<p class=\"a-read-more\">\u00c0 lire aussi<a href=\"https:\/\/www.rfi.fr\/fr\/moyen-orient\/20250810-isra\u00ebl-vivement-critiqu\u00e9-benyamin-netanyahu-d\u00e9fend-son-nouveau-plan-pour-gaza\" target=\"_self\" class=\"a-read-more__link\" rel=\"noopener\">Isra\u00ebl: vivement critiqu\u00e9, Benyamin Netanyahu d\u00e9fend son nouveau plan pour Gaza<\/a><\/p>\n","protected":false},"excerpt":{"rendered":"L\u2019un veut la paix entre la Russie et l\u2019Ukraine, m\u00eame au prix d\u2019un accord favorable envers Moscou. L\u2019autre&hellip;\n","protected":false},"author":2,"featured_media":311176,"comment_status":"","ping_status":"","sticky":false,"template":"","format":"standard","meta":{"footnotes":""},"categories":[1590],"tags":[11,3262,75,73,1777,674,3261,664,74,12,13125,38163,132,220,135,134],"class_list":{"0":"post-311175","1":"post","2":"type-post","3":"status-publish","4":"format-standard","5":"has-post-thumbnail","7":"category-ukraine","8":"tag-actualites","9":"tag-benyamin-netanyahu","10":"tag-donald-trump","11":"tag-etats-unis","12":"tag-eu","13":"tag-europe","14":"tag-guerre-israel-gaza","15":"tag-israel","16":"tag-monde","17":"tag-news","18":"tag-revue-de-presse","19":"tag-revue-de-presse-internationale","20":"tag-russie","21":"tag-ukraine","22":"tag-vladimir-poutine","23":"tag-volodymyr-zelensky"},"share_on_mastodon":{"url":"https:\/\/pubeurope.com\/@fr\/115009215808899118","error":""},"_links":{"self":[{"href":"https:\/\/www.europesays.com\/fr\/wp-json\/wp\/v2\/posts\/311175","targetHints":{"allow":["GET"]}}],"collection":[{"href":"https:\/\/www.europesays.com\/fr\/wp-json\/wp\/v2\/posts"}],"about":[{"href":"https:\/\/www.europesays.com\/fr\/wp-json\/wp\/v2\/types\/post"}],"author":[{"embeddable":true,"href":"https:\/\/www.europesays.com\/fr\/wp-json\/wp\/v2\/users\/2"}],"replies":[{"embeddable":true,"href":"https:\/\/www.europesays.com\/fr\/wp-json\/wp\/v2\/comments?post=311175"}],"version-history":[{"count":0,"href":"https:\/\/www.europesays.com\/fr\/wp-json\/wp\/v2\/posts\/311175\/revisions"}],"wp:featuredmedia":[{"embeddable":true,"href":"https:\/\/www.europesays.com\/fr\/wp-json\/wp\/v2\/media\/311176"}],"wp:attachment":[{"href":"https:\/\/www.europesays.com\/fr\/wp-json\/wp\/v2\/media?parent=311175"}],"wp:term":[{"taxonomy":"category","embeddable":true,"href":"https:\/\/www.europesays.com\/fr\/wp-json\/wp\/v2\/categories?post=311175"},{"taxonomy":"post_tag","embeddable":true,"href":"https:\/\/www.europesays.com\/fr\/wp-json\/wp\/v2\/tags?post=311175"}],"curies":[{"name":"wp","href":"https:\/\/api.w.org\/{rel}","templated":true}]}}