{"id":311177,"date":"2025-08-11T08:35:12","date_gmt":"2025-08-11T08:35:12","guid":{"rendered":"https:\/\/www.europesays.com\/fr\/311177\/"},"modified":"2025-08-11T08:35:12","modified_gmt":"2025-08-11T08:35:12","slug":"jd-vance-assure-que-les-etats-unis-veulent-programmer-une-rencontre-trump-poutine-zelensky","status":"publish","type":"post","link":"https:\/\/www.europesays.com\/fr\/311177\/","title":{"rendered":"JD Vance assure que les \u00c9tats-Unis veulent \u00abprogrammer\u00bb une rencontre Trump-Poutine-Zelensky"},"content":{"rendered":"<p>Quelques jours avant le sommet pr\u00e9vu en Alaska le 15 ao\u00fbt, le vice-pr\u00e9sident am\u00e9ricain affirme que Donald Trump \u00aba r\u00e9ussi\u00bb \u00e0 convaincre son homologue russe de ne pas exclure une rencontre avec Volodymyr Zelensky.<\/p>\n<p class=\"fig-paragraph\">Les \u00c9tats-Unis travaillent \u00e0 \u00abprogrammer\u00bb une rencontre entre Donald Trump, Vladimir Poutine et Volodymyr Zelensky, a d\u00e9clar\u00e9 dimanche le vice-pr\u00e9sident am\u00e9ricain JD Vance, tandis que les alli\u00e9s europ\u00e9ens de l&rsquo;Ukraine poussent pour la pr\u00e9sence du pr\u00e9sident ukrainien\u00a0<a href=\"http:\/\/www.lefigaro.fr\/international\/donald-trump-prend-le-risque-d-offrir-a-vladimir-poutine-une-victoire-diplomatique-inesperee-20250810\" target=\"_blank\" data-fig-type=\"Article\" rel=\"noopener\" data-gtm-custom-categorie=\"navigation\" data-gtm-custom-action=\"crossclick\" data-gtm-custom-label=\"Contextuel\" data-gtm-event=\"customEventSPE\" data-fig-domain=\"LEFIGARO\">au sommet am\u00e9ricano-russe en Alaska.<\/a><\/p>\n<p class=\"fig-paragraph\">\u00abL&rsquo;un des blocages les plus importants est que Vladimir Poutine a dit qu&rsquo;il ne s&rsquo;assi\u00e9rait jamais avec (Volodymyr) Zelensky, le dirigeant ukrainien, et le pr\u00e9sident (Trump) a r\u00e9ussi \u00e0 changer cela\u00bb, a affirm\u00e9 JD Vance lors d&rsquo;un entretien avec la cha\u00eene conservatrice Fox News, diffus\u00e9 dimanche.<\/p>\n<p>                                    <a class=\"fig-a11y-skip a11y-hidden\" href=\"#fig-a11y-skip-main-inarticle\"><br \/>\n        Passer la publicit\u00e9<br \/>\n    <\/a><\/p>\n<p class=\"fig-paragraph\">D\u00e9sormais, a-t-il ajout\u00e9, l&rsquo;administration am\u00e9ricaine travaille \u00e0 \u00abprogrammer (le moment o\u00f9) ces trois dirigeants pourraient s&rsquo;asseoir et discuter de la fin de ce conflit\u00bb en Ukraine.<\/p>\n<p class=\"fig-paragraph\">Les dirigeants de l&rsquo;Union europ\u00e9enne et de puissances du Vieux continent ont encore insist\u00e9 dimanche pour que Kiev soit partie prenante aux n\u00e9gociations am\u00e9ricano-russes, \u00e0 quelques jours du sommet pr\u00e9vu vendredi entre Donald Trump et Vladimir Poutine en Alaska.<\/p>\n<p>\u00abAucune d\u00e9cision n\u2019a \u00e9t\u00e9 prise\u00bb<\/p>\n<p class=\"fig-paragraph\">Et Volodymyr Zelensky, qui ne participera donc pas en principe \u00e0 ce sommet, a exhort\u00e9 ses alli\u00e9s europ\u00e9ens, notamment la France, l&rsquo;Allemagne et le Royaume-Uni \u00e9galement \u00e9cart\u00e9s des pourparlers, \u00e0 d\u00e9finir une approche commune.\u00a0<a href=\"http:\/\/www.lefigaro.fr\/international\/l-europe-s-active-pour-l-ukraine-avant-le-sommet-trump-poutine-20250810\" target=\"_blank\" data-fig-type=\"Article\" rel=\"noopener\" data-gtm-custom-categorie=\"navigation\" data-gtm-custom-action=\"crossclick\" data-gtm-custom-label=\"Contextuel\" data-gtm-event=\"customEventSPE\" data-fig-domain=\"LEFIGARO\">Une \u00abr\u00e9union extraordinaire\u00bb en visioconf\u00e9rence<\/a>\u00a0est d&rsquo;ailleurs programm\u00e9e lundi entre des ministres des Affaires \u00e9trang\u00e8res de pays de l&rsquo;UE et leur homologue ukrainien.<\/p>\n<p class=\"fig-paragraph\">L&rsquo;ambassadeur des \u00c9tats-Unis aupr\u00e8s de l&rsquo;Otan, Matthew Whitaker, a de son c\u00f4t\u00e9 laiss\u00e9 entendre dimanche\u00a0<a href=\"http:\/\/www.lefigaro.fr\/international\/l-ambassadeur-americain-a-l-otan-affirme-que-zelensky-pourrait-assister-au-sommet-trump-poutine-20250811\" target=\"_blank\" data-fig-type=\"NewsFlash\" rel=\"noopener\" data-gtm-custom-categorie=\"navigation\" data-gtm-custom-action=\"crossclick\" data-gtm-custom-label=\"Contextuel\" data-gtm-event=\"customEventSPE\" data-fig-domain=\"LEFIGARO\">que le pr\u00e9sident ukrainien pourrait assister au sommet.<\/a> \u00abOui, je pense sans aucun doute que c&rsquo;est possible\u00bb, a r\u00e9pondu le diplomate am\u00e9ricain aupr\u00e8s de l&rsquo;Alliance atlantique, qui \u00e9tait interrog\u00e9 par la t\u00e9l\u00e9vision CNN sur une \u00e9ventuelle pr\u00e9sence du chef de l&rsquo;\u00c9tat ukrainien en Alaska.<\/p>\n<p class=\"fig-paragraph\">\u00abIl ne peut assur\u00e9ment pas y avoir d&rsquo;accord si toutes les parties impliqu\u00e9es n&rsquo;y ont pas souscrit. Et, \u00e9videmment, la priorit\u00e9 absolue c&rsquo;est de parvenir \u00e0 la fin de la guerre\u00bb, a argument\u00e9 M. Whitaker.<\/p>\n<p>                                    <a class=\"fig-a11y-skip a11y-hidden\" href=\"#fig-a11y-skip-main-inarticle_mtf\"><br \/>\n        Passer la publicit\u00e9<br \/>\n    <\/a><\/p>\n<p class=\"fig-paragraph\">Mais au final, ce sera \u00e0 Donald Trump de d\u00e9cider, a pr\u00e9venu son ambassadeur \u00e0 l&rsquo;Otan. \u00abS&rsquo;il estime qu&rsquo;inviter Zelensky est le meilleur sc\u00e9nario, alors il le fera\u00bb, a-t-il assur\u00e9. Mais \u00abaucune d\u00e9cision n&rsquo;a \u00e9t\u00e9 prise\u00bb, a soulign\u00e9 l&rsquo;ancien procureur f\u00e9d\u00e9ral.<\/p>\n","protected":false},"excerpt":{"rendered":"Quelques jours avant le sommet pr\u00e9vu en Alaska le 15 ao\u00fbt, le vice-pr\u00e9sident am\u00e9ricain affirme que Donald Trump&hellip;\n","protected":false},"author":2,"featured_media":311178,"comment_status":"","ping_status":"","sticky":false,"template":"","format":"standard","meta":{"footnotes":""},"categories":[1589],"tags":[11,75,73,1866,131,12,1864,1865,1863,308,135,134],"class_list":{"0":"post-311177","1":"post","2":"type-post","3":"status-publish","4":"format-standard","5":"has-post-thumbnail","7":"category-etats-unis","8":"tag-actualites","9":"tag-donald-trump","10":"tag-etats-unis","11":"tag-etats-unis-damerique","12":"tag-guerre-en-ukraine","13":"tag-news","14":"tag-united-states","15":"tag-united-states-of-america","16":"tag-us","17":"tag-usa","18":"tag-vladimir-poutine","19":"tag-volodymyr-zelensky"},"share_on_mastodon":{"url":"https:\/\/pubeurope.com\/@fr\/115009219785504501","error":""},"_links":{"self":[{"href":"https:\/\/www.europesays.com\/fr\/wp-json\/wp\/v2\/posts\/311177","targetHints":{"allow":["GET"]}}],"collection":[{"href":"https:\/\/www.europesays.com\/fr\/wp-json\/wp\/v2\/posts"}],"about":[{"href":"https:\/\/www.europesays.com\/fr\/wp-json\/wp\/v2\/types\/post"}],"author":[{"embeddable":true,"href":"https:\/\/www.europesays.com\/fr\/wp-json\/wp\/v2\/users\/2"}],"replies":[{"embeddable":true,"href":"https:\/\/www.europesays.com\/fr\/wp-json\/wp\/v2\/comments?post=311177"}],"version-history":[{"count":0,"href":"https:\/\/www.europesays.com\/fr\/wp-json\/wp\/v2\/posts\/311177\/revisions"}],"wp:featuredmedia":[{"embeddable":true,"href":"https:\/\/www.europesays.com\/fr\/wp-json\/wp\/v2\/media\/311178"}],"wp:attachment":[{"href":"https:\/\/www.europesays.com\/fr\/wp-json\/wp\/v2\/media?parent=311177"}],"wp:term":[{"taxonomy":"category","embeddable":true,"href":"https:\/\/www.europesays.com\/fr\/wp-json\/wp\/v2\/categories?post=311177"},{"taxonomy":"post_tag","embeddable":true,"href":"https:\/\/www.europesays.com\/fr\/wp-json\/wp\/v2\/tags?post=311177"}],"curies":[{"name":"wp","href":"https:\/\/api.w.org\/{rel}","templated":true}]}}